{"id":56634,"date":"2023-08-13T13:28:06","date_gmt":"2023-08-13T16:28:06","guid":{"rendered":"https:\/\/sectorprensa.com.ar\/?p=56634"},"modified":"2023-08-13T14:02:49","modified_gmt":"2023-08-13T17:02:49","slug":"lucas-ghi-hablo-de-seguir-construyendo-un-moron-con-futuro","status":"publish","type":"post","link":"https:\/\/sectorprensa.com.ar\/?p=56634","title":{"rendered":"Lucas Ghi habl\u00f3 de \u201cseguir construyendo un Mor\u00f3n con futuro\u201d"},"content":{"rendered":"\n<h6 class=\"wp-block-heading\"><strong>El intendente de Mor\u00f3n y precandidato a la reelecci\u00f3n sufrag\u00f3 hace minutos en el colegio Ema\u00fas, de El Palomar.<\/strong><\/h6>\n\n\n\n<p>El intendente de Mor\u00f3n y precandidato a la reelecci\u00f3n, Lucas Ghi, sufrag\u00f3 hace minutos en el colegio Ema\u00fas, de El Palomar.<\/p>\n\n\n\n<p>Tras emitir su voto, Ghi expres\u00f3: \u201cTu voto es fundamental para no volver atr\u00e1s y seguir construyendo un Mor\u00f3n con futuro\u201d.<\/p>\n\n\n\n<figure class=\"wp-block-embed is-type-rich is-provider-twitter wp-block-embed-twitter\"><div class=\"wp-block-embed__wrapper\">\n<blockquote class=\"twitter-tweet\" data-width=\"550\" data-dnt=\"true\"><p lang=\"es\" dir=\"ltr\">En familia, votando en el Colegio Ema\u00fas de <a href=\"https:\/\/twitter.com\/hashtag\/ElPalomar?src=hash&amp;ref_src=twsrc%5Etfw\">#ElPalomar<\/a>.<br><br>Con alegr\u00eda y esperanza nos expresamos en las urnas. Buena jornada democr\u00e1tica para todos y todas.<a href=\"https:\/\/twitter.com\/hashtag\/eleccionespaso2023?src=hash&amp;ref_src=twsrc%5Etfw\">#eleccionespaso2023<\/a>\ud83d\uddf3\ufe0f <a href=\"https:\/\/twitter.com\/hashtag\/Mor%C3%B3nConFuturo?src=hash&amp;ref_src=twsrc%5Etfw\">#Mor\u00f3nConFuturo<\/a> <a href=\"https:\/\/t.co\/dw10Bq0jaT\">pic.twitter.com\/dw10Bq0jaT<\/a><\/p>&mdash; Lucas Ghi (@LucasGhi) <a href=\"https:\/\/twitter.com\/LucasGhi\/status\/1690752149653766144?ref_src=twsrc%5Etfw\">August 13, 2023<\/a><\/blockquote><script async src=\"https:\/\/platform.twitter.com\/widgets.js\" charset=\"utf-8\"><\/script>\n<\/div><\/figure>\n\n\n\n<figure class=\"wp-block-embed is-type-wp-embed is-provider-sector-prensa wp-block-embed-sector-prensa\"><div class=\"wp-block-embed__wrapper\">\n<blockquote class=\"wp-embedded-content\" data-secret=\"0FBX1fan2H\"><a href=\"https:\/\/sectorprensa.com.ar\/2023\/08\/13\/alberto-descalzo-resalto-que-la-mejor-forma-de-defender-la-democracia-es-ejerciendo-nuestro-derecho-al-voto\/\">Alberto Descalzo resalt\u00f3 que la mejor forma de defender la Democracia \u201ces ejerciendo nuestro derecho al voto\u201d<\/a><\/blockquote><iframe loading=\"lazy\" class=\"wp-embedded-content\" sandbox=\"allow-scripts\" security=\"restricted\" style=\"position: absolute; clip: rect(1px, 1px, 1px, 1px);\" title=\"\u00abAlberto Descalzo resalt\u00f3 que la mejor forma de defender la Democracia \u201ces ejerciendo nuestro derecho al voto\u201d\u00bb \u2014 Sector Prensa\" src=\"https:\/\/sectorprensa.com.ar\/2023\/08\/13\/alberto-descalzo-resalto-que-la-mejor-forma-de-defender-la-democracia-es-ejerciendo-nuestro-derecho-al-voto\/embed\/#?secret=m01qeh655a#?secret=0FBX1fan2H\" data-secret=\"0FBX1fan2H\" width=\"600\" height=\"338\" frameborder=\"0\" marginwidth=\"0\" marginheight=\"0\" scrolling=\"no\"><\/iframe>\n<\/div><\/figure>\n\r\n","protected":false},"excerpt":{"rendered":"<p>El intendente de Mor\u00f3n y precandidato a la reelecci\u00f3n sufrag\u00f3 hace minutos en el colegio Ema\u00fas, de El Palomar. El<\/p>\n","protected":false},"author":6,"featured_media":56635,"comment_status":"closed","ping_status":"closed","sticky":false,"template":"","format":"standard","meta":{"colormag_page_container_layout":"default_layout","colormag_page_sidebar_layout":"default_layout","footnotes":""},"categories":[17,5,8],"tags":[327,7117,311,3147],"class_list":["post-56634","post","type-post","status-publish","format-standard","has-post-thumbnail","hentry","category-destacadas","category-moron","category-politica","tag-elecciones","tag-elecciones-2023","tag-lucas-ghi","tag-paso"],"_links":{"self":[{"href":"https:\/\/sectorprensa.com.ar\/index.php?rest_route=\/wp\/v2\/posts\/56634","targetHints":{"allow":["GET"]}}],"collection":[{"href":"https:\/\/sectorprensa.com.ar\/index.php?rest_route=\/wp\/v2\/posts"}],"about":[{"href":"https:\/\/sectorprensa.com.ar\/index.php?rest_route=\/wp\/v2\/types\/post"}],"author":[{"embeddable":true,"href":"https:\/\/sectorprensa.com.ar\/index.php?rest_route=\/wp\/v2\/users\/6"}],"replies":[{"embeddable":true,"href":"https:\/\/sectorprensa.com.ar\/index.php?rest_route=%2Fwp%2Fv2%2Fcomments&post=56634"}],"version-history":[{"count":1,"href":"https:\/\/sectorprensa.com.ar\/index.php?rest_route=\/wp\/v2\/posts\/56634\/revisions"}],"predecessor-version":[{"id":56636,"href":"https:\/\/sectorprensa.com.ar\/index.php?rest_route=\/wp\/v2\/posts\/56634\/revisions\/56636"}],"wp:featuredmedia":[{"embeddable":true,"href":"https:\/\/sectorprensa.com.ar\/index.php?rest_route=\/wp\/v2\/media\/56635"}],"wp:attachment":[{"href":"https:\/\/sectorprensa.com.ar\/index.php?rest_route=%2Fwp%2Fv2%2Fmedia&parent=56634"}],"wp:term":[{"taxonomy":"category","embeddable":true,"href":"https:\/\/sectorprensa.com.ar\/index.php?rest_route=%2Fwp%2Fv2%2Fcategories&post=56634"},{"taxonomy":"post_tag","embeddable":true,"href":"https:\/\/sectorprensa.com.ar\/index.php?rest_route=%2Fwp%2Fv2%2Ftags&post=56634"}],"curies":[{"name":"wp","href":"https:\/\/api.w.org\/{rel}","templated":true}]}}