{"id":56721,"date":"2023-08-14T19:23:25","date_gmt":"2023-08-14T22:23:25","guid":{"rendered":"https:\/\/sectorprensa.com.ar\/?p=56721"},"modified":"2023-08-15T00:20:38","modified_gmt":"2023-08-15T03:20:38","slug":"paso-2023-que-sucedera-con-quienes-no-votaron","status":"publish","type":"post","link":"https:\/\/sectorprensa.com.ar\/?p=56721","title":{"rendered":"PASO 2023: qu\u00e9 suceder\u00e1 con quienes no votaron"},"content":{"rendered":"\n<h6 class=\"wp-block-heading\"><strong>Los ausentes de este domingo deber\u00e1n abonar una multa. Conoc\u00e9 de cu\u00e1nto es valor de la misma, qu\u00e9 tiempo dispondr\u00e1n para regular la situaci\u00f3n y las imposibilidades en tr\u00e1mites.<\/strong><\/h6>\n\n\n\n<p>Se llevaron a cabo las PASO y adem\u00e1s de los resultados y ganadores, otro de los temas destacados de la jornada fue la participaci\u00f3n de los argentinos. De acuerdo a las cifras arrojadas en diferentes sitios, menos del 70% de la poblaci\u00f3n asisti\u00f3 a cumplir con su deber c\u00edvico, por lo que se gener\u00f3 preocupaci\u00f3n. Aquellas personas que se ausentaron sin justificaci\u00f3n recibir\u00e1n una multa que deber\u00e1n pagar dentro de un per\u00edodo marcado.<\/p>\n\n\n\n<p>Los ciudadanos que no se presentaron a sufragar quedar\u00e1n en el Registro de Infractores al Deber de Votar, al cual se debe acceder con DNI y generar un cup\u00f3n de pago, siendo imposibilitados de realizar tr\u00e1mites y gestiones p\u00fablicas por un a\u00f1o. Los valores a abonar son de 50 a 500 pesos, para regularizar la situaci\u00f3n se debe hacerlo antes de los 60 d\u00edas. Vale aclarar, de todas formas podr\u00e1n participar con su voto en octubre.<\/p>\n\n\n\n<p>Con respecto al pago de la infracci\u00f3n, se podr\u00e1 realizar en el Banco Naci\u00f3n o por otros medios electr\u00f3nicos. Luego, se debe llevar a cabo la descarga de la constancia.<\/p>\n\n\n\n<figure class=\"wp-block-embed is-type-wp-embed is-provider-sector-prensa wp-block-embed-sector-prensa\"><div class=\"wp-block-embed__wrapper\">\n<blockquote class=\"wp-embedded-content\" data-secret=\"WBRuOVvTjK\"><a href=\"https:\/\/sectorprensa.com.ar\/2023\/08\/12\/paso-quienes-no-votaron-en-las-elecciones-pasadas-podran-hacerlo-en-la-presente\/\">PASO: quienes no votaron en las elecciones pasadas podr\u00e1n hacerlo en la presente<\/a><\/blockquote><iframe loading=\"lazy\" class=\"wp-embedded-content\" sandbox=\"allow-scripts\" security=\"restricted\" style=\"position: absolute; clip: rect(1px, 1px, 1px, 1px);\" title=\"\u00abPASO: quienes no votaron en las elecciones pasadas podr\u00e1n hacerlo en la presente\u00bb \u2014 Sector Prensa\" src=\"https:\/\/sectorprensa.com.ar\/2023\/08\/12\/paso-quienes-no-votaron-en-las-elecciones-pasadas-podran-hacerlo-en-la-presente\/embed\/#?secret=4YRvsxP6Pr#?secret=WBRuOVvTjK\" data-secret=\"WBRuOVvTjK\" width=\"600\" height=\"338\" frameborder=\"0\" marginwidth=\"0\" marginheight=\"0\" scrolling=\"no\"><\/iframe>\n<\/div><\/figure>\n\r\n","protected":false},"excerpt":{"rendered":"<p>Los ausentes de este domingo deber\u00e1n abonar una multa. Conoc\u00e9 de cu\u00e1nto es valor de la misma, qu\u00e9 tiempo dispondr\u00e1n<\/p>\n","protected":false},"author":5,"featured_media":56725,"comment_status":"closed","ping_status":"closed","sticky":false,"template":"","format":"standard","meta":{"colormag_page_container_layout":"default_layout","colormag_page_sidebar_layout":"default_layout","footnotes":""},"categories":[6828,10],"tags":[5165,7992],"class_list":["post-56721","post","type-post","status-publish","format-standard","has-post-thumbnail","hentry","category-mas-destacadas","category-sociedad","tag-elecciones-paso","tag-justicia-nacional-electoral"],"_links":{"self":[{"href":"https:\/\/sectorprensa.com.ar\/index.php?rest_route=\/wp\/v2\/posts\/56721","targetHints":{"allow":["GET"]}}],"collection":[{"href":"https:\/\/sectorprensa.com.ar\/index.php?rest_route=\/wp\/v2\/posts"}],"about":[{"href":"https:\/\/sectorprensa.com.ar\/index.php?rest_route=\/wp\/v2\/types\/post"}],"author":[{"embeddable":true,"href":"https:\/\/sectorprensa.com.ar\/index.php?rest_route=\/wp\/v2\/users\/5"}],"replies":[{"embeddable":true,"href":"https:\/\/sectorprensa.com.ar\/index.php?rest_route=%2Fwp%2Fv2%2Fcomments&post=56721"}],"version-history":[{"count":1,"href":"https:\/\/sectorprensa.com.ar\/index.php?rest_route=\/wp\/v2\/posts\/56721\/revisions"}],"predecessor-version":[{"id":56739,"href":"https:\/\/sectorprensa.com.ar\/index.php?rest_route=\/wp\/v2\/posts\/56721\/revisions\/56739"}],"wp:featuredmedia":[{"embeddable":true,"href":"https:\/\/sectorprensa.com.ar\/index.php?rest_route=\/wp\/v2\/media\/56725"}],"wp:attachment":[{"href":"https:\/\/sectorprensa.com.ar\/index.php?rest_route=%2Fwp%2Fv2%2Fmedia&parent=56721"}],"wp:term":[{"taxonomy":"category","embeddable":true,"href":"https:\/\/sectorprensa.com.ar\/index.php?rest_route=%2Fwp%2Fv2%2Fcategories&post=56721"},{"taxonomy":"post_tag","embeddable":true,"href":"https:\/\/sectorprensa.com.ar\/index.php?rest_route=%2Fwp%2Fv2%2Ftags&post=56721"}],"curies":[{"name":"wp","href":"https:\/\/api.w.org\/{rel}","templated":true}]}}