{"id":56741,"date":"2023-08-14T21:25:59","date_gmt":"2023-08-15T00:25:59","guid":{"rendered":"https:\/\/sectorprensa.com.ar\/?p=56741"},"modified":"2023-08-14T21:26:00","modified_gmt":"2023-08-15T00:26:00","slug":"el-fmi-analizara-un-desembolso-para-la-argentina","status":"publish","type":"post","link":"https:\/\/sectorprensa.com.ar\/?p=56741","title":{"rendered":"El FMI analizar\u00e1 un desembolso para la Argentina"},"content":{"rendered":"\n<h6 class=\"wp-block-heading\"><strong>El tema se tratar\u00e1 la pr\u00f3xima semana y ser\u00eda una suma de 7.500 millones de d\u00f3lares. Desde el Fondo Monetario Internacional emitieron un comunicado por medio de su vocera.<\/strong><\/h6>\n\n\n\n<p>El Fondo Monetario Internacional inform\u00f3 este lunes que analizar\u00e1 la aprobaci\u00f3n de un desembolso de 7.500 millones de d\u00f3lares para Argentina, el tema ser\u00e1 tratado por el directorio el mi\u00e9rcoles 23 de agosto.<\/p>\n\n\n\n<p>\u00abLas autoridades argentinas y el personal t\u00e9cnico del FMI llegaron a un acuerdo a nivel de personal t\u00e9cnico sobre la quinta y sexta revisiones en el marco del acuerdo de Servicio Ampliado del Fondo (EFF, por sus siglas en ingl\u00e9s) de 30 meses de Argentina\u00bb, record\u00f3 la Directora de Comunicaciones del FMI, Julie Kozack.<\/p>\n\n\n\n<p>Luego, dijo que lo acordado depender\u00e1 s\u00f3lo de una cosa: \u00abEl acuerdo est\u00e1 sujeto a la aprobaci\u00f3n del Directorio Ejecutivo del FMI, que se espera se re\u00fana el 23 de agosto para aprobar los desembolsos acordados\u00bb.<\/p>\n\n\n\n<p>Por \u00faltimo, la vocera del organismo valor\u00f3 las decisiones tomadas por el actual gobierno argentino: \u00abValoramos las acciones de pol\u00edticas recientes de las autoridades y el compromiso de salvaguardar la estabilidad, reconstruir las reservas y fortalecer el orden fiscal\u00bb.<\/p>\n\n\n\n<figure class=\"wp-block-embed is-type-wp-embed is-provider-sector-prensa wp-block-embed-sector-prensa\"><div class=\"wp-block-embed__wrapper\">\n<blockquote class=\"wp-embedded-content\" data-secret=\"HGMoTLkE9X\"><a href=\"https:\/\/sectorprensa.com.ar\/2023\/07\/23\/el-ministerio-de-economia-y-el-fmi-llegaron-a-un-acuerdo\/\">El Ministerio de Econom\u00eda y el FMI llegaron a un acuerdo<\/a><\/blockquote><iframe loading=\"lazy\" class=\"wp-embedded-content\" sandbox=\"allow-scripts\" security=\"restricted\" style=\"position: absolute; clip: rect(1px, 1px, 1px, 1px);\" title=\"\u00abEl Ministerio de Econom\u00eda y el FMI llegaron a un acuerdo\u00bb \u2014 Sector Prensa\" src=\"https:\/\/sectorprensa.com.ar\/2023\/07\/23\/el-ministerio-de-economia-y-el-fmi-llegaron-a-un-acuerdo\/embed\/#?secret=wzmsizUAEV#?secret=HGMoTLkE9X\" data-secret=\"HGMoTLkE9X\" width=\"600\" height=\"338\" frameborder=\"0\" marginwidth=\"0\" marginheight=\"0\" scrolling=\"no\"><\/iframe>\n<\/div><\/figure>\n\r\n","protected":false},"excerpt":{"rendered":"<p>El tema se tratar\u00e1 la pr\u00f3xima semana y ser\u00eda una suma de 7.500 millones de d\u00f3lares. Desde el Fondo Monetario<\/p>\n","protected":false},"author":5,"featured_media":56742,"comment_status":"closed","ping_status":"closed","sticky":false,"template":"","format":"standard","meta":{"colormag_page_container_layout":"default_layout","colormag_page_sidebar_layout":"default_layout","footnotes":""},"categories":[17,8],"tags":[7993],"class_list":["post-56741","post","type-post","status-publish","format-standard","has-post-thumbnail","hentry","category-destacadas","category-politica","tag-fondo-monetario-internacional"],"_links":{"self":[{"href":"https:\/\/sectorprensa.com.ar\/index.php?rest_route=\/wp\/v2\/posts\/56741","targetHints":{"allow":["GET"]}}],"collection":[{"href":"https:\/\/sectorprensa.com.ar\/index.php?rest_route=\/wp\/v2\/posts"}],"about":[{"href":"https:\/\/sectorprensa.com.ar\/index.php?rest_route=\/wp\/v2\/types\/post"}],"author":[{"embeddable":true,"href":"https:\/\/sectorprensa.com.ar\/index.php?rest_route=\/wp\/v2\/users\/5"}],"replies":[{"embeddable":true,"href":"https:\/\/sectorprensa.com.ar\/index.php?rest_route=%2Fwp%2Fv2%2Fcomments&post=56741"}],"version-history":[{"count":1,"href":"https:\/\/sectorprensa.com.ar\/index.php?rest_route=\/wp\/v2\/posts\/56741\/revisions"}],"predecessor-version":[{"id":56743,"href":"https:\/\/sectorprensa.com.ar\/index.php?rest_route=\/wp\/v2\/posts\/56741\/revisions\/56743"}],"wp:featuredmedia":[{"embeddable":true,"href":"https:\/\/sectorprensa.com.ar\/index.php?rest_route=\/wp\/v2\/media\/56742"}],"wp:attachment":[{"href":"https:\/\/sectorprensa.com.ar\/index.php?rest_route=%2Fwp%2Fv2%2Fmedia&parent=56741"}],"wp:term":[{"taxonomy":"category","embeddable":true,"href":"https:\/\/sectorprensa.com.ar\/index.php?rest_route=%2Fwp%2Fv2%2Fcategories&post=56741"},{"taxonomy":"post_tag","embeddable":true,"href":"https:\/\/sectorprensa.com.ar\/index.php?rest_route=%2Fwp%2Fv2%2Ftags&post=56741"}],"curies":[{"name":"wp","href":"https:\/\/api.w.org\/{rel}","templated":true}]}}