{"id":56957,"date":"2023-08-22T21:13:53","date_gmt":"2023-08-23T00:13:53","guid":{"rendered":"https:\/\/sectorprensa.com.ar\/?p=56957"},"modified":"2023-08-22T21:15:26","modified_gmt":"2023-08-23T00:15:26","slug":"aumentos-de-los-mayoristas-de-hasta-un-25","status":"publish","type":"post","link":"https:\/\/sectorprensa.com.ar\/?p=56957","title":{"rendered":"Almaceneros denuncian aumentos de los mayoristas de hasta un 25%"},"content":{"rendered":"\n<h6 class=\"wp-block-heading\"><strong>El Presidente de la Asociaci\u00f3n de Almaceneros de la Provincia de Buenos Aires (FABA), Fernando Savore, cont\u00f3 que \u00abel martes no tuvimos lista y las empresas nos avisaron de un aumento entre un 20% y 25%\u00bb.<\/strong><\/h6>\n\n\n\n<p>Luego de las PASO y la devaluaci\u00f3n, se registraron importantes subas de precios. El Presidente de FABA, Fernando Savore, inform\u00f3 que los mayoristas incrementaron los valores de sus productos hasta en un 25%, por lo que indic\u00f3 que \u00abno tuvimos lista de precios el martes de la semana pasada\u00bb. Por otra parte, describi\u00f3 c\u00f3mo cae esto en sus clientes, explic\u00f3 la modalidad de \u00absem\u00e1foros\u00bb y denunci\u00f3 \u00abfallas\u00bb en la cadena.<\/p>\n\n\n\n<p>\u00abLos primeros d\u00edas de agosto, como todos los primeros de cada mes, nosotros vamos al mayorista y encontramos los cambios de precios, m\u00e1s all\u00e1 de las listas que recibimos. Todos los meses ronda el 8%, pero el martes de la semana pasada no tuvimos lista y las empresas nos avisaron que aumentaban entre un 20% y 25%. Fuimos al mayorista y hab\u00eda mercader\u00eda faltante, que ya estaban previas a las PASO, pero los precios eran incomprables. El martes, mi\u00e9rcoles y jueves tratamos de no cerrar, pero le cambi\u00e1bamos los precios a la gente en la cara, una situaci\u00f3n bastante fea\u00bb, grafic\u00f3 en Radio B\u00fanker 94.9, en di\u00e1logo con el programa \u00abEl Tanke de B\u00fanker\u00bb (lunes a viernes, de 10 a 13hs).<\/p>\n\n\n\n<p>Los \u00absem\u00e1foros\u00bb en los mayoristas: \u00abCon los colegas empezamos a encontrar sem\u00e1foros en los distintos mayoristas, donde te cuantifican la cantidad de mercader\u00eda que podes comprar. Obviamente, va a en funci\u00f3n de la demanda del producto, capaz que encontr\u00e1s un cartel de &#8216;m\u00e1ximo 1 por cliente o 3 por cliente&#8217;. Si ya aumentaron y siguen con estos carteles, nos da a pensar que el mayorista no nos quiere vender porque est\u00e1 especulando\u00bb, explic\u00f3 Savore.<\/p>\n\n\n\n<p>La reacci\u00f3n de los clientes en relaci\u00f3n a la suba de precios: \u00abEsto hace que las ventas caigan y que el cliente. sobre el humor, cree m\u00e1s mal humor. Cuando uno va a las g\u00f3ndolas de los hipermercados, que tambi\u00e9n aumentaron los precios, no te enojas con eso, menos con la cajera. Pero conmigo si se enojan, yo soy el due\u00f1o del negocio. Los mi\u00e9rcoles y jueves tengo Cuenta DNI, la gente aprovecha el 30% de descuento. A m\u00ed me da verguenza ajena cambiarles el precio en la cara, yo vivo del cliente\u00bb, remarc\u00f3.<\/p>\n\n\n\n<p>\u00abA la altura del 12 o 15 de cada mes, ya la gente deja de comprar por la marca y lo hace por el precio. La gente prefiere comprar la gaseosa o un pan lactal pyme, te sale la mitad. Hoy la gente fracciona lo que compra, por eso tengo az\u00facar de un kilo y medio kilo, la corto yo, aunque s\u00e9 que no es lo que corresponde bromatol\u00f3giamente. Lo hacemos manualmente con todas las contenciones de la limpieza, pero buscamos adaptarnos al bolsillo del consumidor\u00bb, agreg\u00f3.<\/p>\n\n\n\n<p>El titular de la FABA indic\u00f3 que hay una \u00abfalla\u00bb en la cadena: \u00abPodemos entender que hay un tema de log\u00edstica, que subi\u00f3 el combustible \u00bfCu\u00e1nto puede incidir eso, un 15%? Pero no un 100%. Entonces, hay algo en la cadena que est\u00e1 fallando. Nosotros llevamos todo tipo de documentos a la Secretar\u00eda de Comercio, lo que hicimos con el aceite y logramos nivelarlo con el hipermercado, que fue intervenido\u00bb, manifest\u00f3.<\/p>\n\n\n\n<p>\u00abEstamos pendiente de que nos llamen. Cada vez que la Secretar\u00eda de Comercio nos convoc\u00f3 para dialogar, ah\u00ed estuvimos nosotros. Por eso, cuando nos llamen los interventores, vamos a ir. Nosotros necesitamos que los precios bajen, con eso vamos a tener m\u00e1s ventas\u00bb, se\u00f1al\u00f3 con respecto a la pregunta de formar parte del acuerdo de precios implementado por el gobierno.<\/p>\n\n\n\n<figure class=\"wp-block-embed is-type-wp-embed is-provider-sector-prensa wp-block-embed-sector-prensa\"><div class=\"wp-block-embed__wrapper\">\n<blockquote class=\"wp-embedded-content\" data-secret=\"WGcGuqP0ar\"><a href=\"https:\/\/sectorprensa.com.ar\/2023\/08\/17\/si-pasamos-al-sector-privado-tendriamos-que-cerrar\/\">\u00abSi pasamos al sector privado tendr\u00edamos que cerrar\u00bb<\/a><\/blockquote><iframe loading=\"lazy\" class=\"wp-embedded-content\" sandbox=\"allow-scripts\" security=\"restricted\" style=\"position: absolute; clip: rect(1px, 1px, 1px, 1px);\" title=\"\u00ab\u00abSi pasamos al sector privado tendr\u00edamos que cerrar\u00bb\u00bb \u2014 Sector Prensa\" src=\"https:\/\/sectorprensa.com.ar\/2023\/08\/17\/si-pasamos-al-sector-privado-tendriamos-que-cerrar\/embed\/#?secret=FRdujDKD3J#?secret=WGcGuqP0ar\" data-secret=\"WGcGuqP0ar\" width=\"600\" height=\"338\" frameborder=\"0\" marginwidth=\"0\" marginheight=\"0\" scrolling=\"no\"><\/iframe>\n<\/div><\/figure>\n\r\n","protected":false},"excerpt":{"rendered":"<p>El Presidente de la Asociaci\u00f3n de Almaceneros de la Provincia de Buenos Aires (FABA), Fernando Savore, cont\u00f3 que \u00abel martes<\/p>\n","protected":false},"author":5,"featured_media":56958,"comment_status":"closed","ping_status":"closed","sticky":false,"template":"","format":"standard","meta":{"colormag_page_container_layout":"default_layout","colormag_page_sidebar_layout":"default_layout","footnotes":""},"categories":[17,18],"tags":[6256,4108],"class_list":["post-56957","post","type-post","status-publish","format-standard","has-post-thumbnail","hentry","category-destacadas","category-provincia","tag-federacion-de-almaceneros-de-la-provincia-de-buenos-aires","tag-fernando-savore"],"_links":{"self":[{"href":"https:\/\/sectorprensa.com.ar\/index.php?rest_route=\/wp\/v2\/posts\/56957","targetHints":{"allow":["GET"]}}],"collection":[{"href":"https:\/\/sectorprensa.com.ar\/index.php?rest_route=\/wp\/v2\/posts"}],"about":[{"href":"https:\/\/sectorprensa.com.ar\/index.php?rest_route=\/wp\/v2\/types\/post"}],"author":[{"embeddable":true,"href":"https:\/\/sectorprensa.com.ar\/index.php?rest_route=\/wp\/v2\/users\/5"}],"replies":[{"embeddable":true,"href":"https:\/\/sectorprensa.com.ar\/index.php?rest_route=%2Fwp%2Fv2%2Fcomments&post=56957"}],"version-history":[{"count":2,"href":"https:\/\/sectorprensa.com.ar\/index.php?rest_route=\/wp\/v2\/posts\/56957\/revisions"}],"predecessor-version":[{"id":56961,"href":"https:\/\/sectorprensa.com.ar\/index.php?rest_route=\/wp\/v2\/posts\/56957\/revisions\/56961"}],"wp:featuredmedia":[{"embeddable":true,"href":"https:\/\/sectorprensa.com.ar\/index.php?rest_route=\/wp\/v2\/media\/56958"}],"wp:attachment":[{"href":"https:\/\/sectorprensa.com.ar\/index.php?rest_route=%2Fwp%2Fv2%2Fmedia&parent=56957"}],"wp:term":[{"taxonomy":"category","embeddable":true,"href":"https:\/\/sectorprensa.com.ar\/index.php?rest_route=%2Fwp%2Fv2%2Fcategories&post=56957"},{"taxonomy":"post_tag","embeddable":true,"href":"https:\/\/sectorprensa.com.ar\/index.php?rest_route=%2Fwp%2Fv2%2Ftags&post=56957"}],"curies":[{"name":"wp","href":"https:\/\/api.w.org\/{rel}","templated":true}]}}