{"id":56962,"date":"2023-08-22T23:33:31","date_gmt":"2023-08-23T02:33:31","guid":{"rendered":"https:\/\/sectorprensa.com.ar\/?p=56962"},"modified":"2023-08-22T23:33:32","modified_gmt":"2023-08-23T02:33:32","slug":"septiembre-llegara-con-aumentos-a-jubilados-y-pensionados","status":"publish","type":"post","link":"https:\/\/sectorprensa.com.ar\/?p=56962","title":{"rendered":"Septiembre llegar\u00e1 con aumentos a jubilados y pensionados"},"content":{"rendered":"\n<h6 class=\"wp-block-heading\"><strong>El incremento ser\u00e1 de un 23,29%, el cual estaba previsto en el art\u00edculo 32 de la Ley 24.241. Adem\u00e1s, percibir\u00e1n un bono durante los pr\u00f3ximos tres meses de 27 mil pesos.<\/strong><\/h6>\n\n\n\n<p>Los jubilados y pensionados, por la movilidad prevista en el art\u00edculo 32 de la Ley 24.241, recibir\u00e1n un aumento a partir de septiembre. Desde ANSES formalizaron el incremento del 23,29%, noticia que fue publicada en el Bolet\u00edn Oficial por medio de la Resoluci\u00f3n 186\/2023.<\/p>\n\n\n\n<p>Vale recordar, el anuncio hab\u00eda sido realizado por Sergio Massa, Ministro de Econom\u00eda, y Fernanda Raverta, titular de ANSES, el pasado 10 de agosto. De esta manera, el haber m\u00ednimo llegar\u00e1 a los $ 87.460.<\/p>\n\n\n\n<p>Adicionalmente, los jubilados y pensionados que perciben el haber m\u00ednimo recibir\u00e1n un bono de $ 27.000 en septiembre, en octubre y en noviembre, con lo que nadie cobrar\u00e1 menos de $ 114.460.<\/p>\n\n\n\n<p>Por su parte, 1,2 millones de jubilados de la m\u00ednima que cuentan con 30 a\u00f1os de aportes efectivos pasar\u00e1n a percibir un monto de $ 123.760.<\/p>\n\n\n\n<figure class=\"wp-block-embed is-type-wp-embed is-provider-sector-prensa wp-block-embed-sector-prensa\"><div class=\"wp-block-embed__wrapper\">\n<blockquote class=\"wp-embedded-content\" data-secret=\"1gLoGcWmfw\"><a href=\"https:\/\/sectorprensa.com.ar\/2023\/08\/19\/los-precios-de-los-medicamentos-se-congelaran-hasta-octubre\/\">Los precios de los medicamentos se congelar\u00e1n hasta octubre<\/a><\/blockquote><iframe loading=\"lazy\" class=\"wp-embedded-content\" sandbox=\"allow-scripts\" security=\"restricted\" style=\"position: absolute; clip: rect(1px, 1px, 1px, 1px);\" title=\"\u00abLos precios de los medicamentos se congelar\u00e1n hasta octubre\u00bb \u2014 Sector Prensa\" src=\"https:\/\/sectorprensa.com.ar\/2023\/08\/19\/los-precios-de-los-medicamentos-se-congelaran-hasta-octubre\/embed\/#?secret=IWfmJmpr5p#?secret=1gLoGcWmfw\" data-secret=\"1gLoGcWmfw\" width=\"600\" height=\"338\" frameborder=\"0\" marginwidth=\"0\" marginheight=\"0\" scrolling=\"no\"><\/iframe>\n<\/div><\/figure>\n\r\n","protected":false},"excerpt":{"rendered":"<p>El incremento ser\u00e1 de un 23,29%, el cual estaba previsto en el art\u00edculo 32 de la Ley 24.241. Adem\u00e1s, percibir\u00e1n<\/p>\n","protected":false},"author":5,"featured_media":56963,"comment_status":"closed","ping_status":"closed","sticky":false,"template":"","format":"standard","meta":{"colormag_page_container_layout":"default_layout","colormag_page_sidebar_layout":"default_layout","footnotes":""},"categories":[17,10],"tags":[492,214,2936],"class_list":["post-56962","post","type-post","status-publish","format-standard","has-post-thumbnail","hentry","category-destacadas","category-sociedad","tag-anses","tag-jubilados","tag-pensionados"],"_links":{"self":[{"href":"https:\/\/sectorprensa.com.ar\/index.php?rest_route=\/wp\/v2\/posts\/56962","targetHints":{"allow":["GET"]}}],"collection":[{"href":"https:\/\/sectorprensa.com.ar\/index.php?rest_route=\/wp\/v2\/posts"}],"about":[{"href":"https:\/\/sectorprensa.com.ar\/index.php?rest_route=\/wp\/v2\/types\/post"}],"author":[{"embeddable":true,"href":"https:\/\/sectorprensa.com.ar\/index.php?rest_route=\/wp\/v2\/users\/5"}],"replies":[{"embeddable":true,"href":"https:\/\/sectorprensa.com.ar\/index.php?rest_route=%2Fwp%2Fv2%2Fcomments&post=56962"}],"version-history":[{"count":1,"href":"https:\/\/sectorprensa.com.ar\/index.php?rest_route=\/wp\/v2\/posts\/56962\/revisions"}],"predecessor-version":[{"id":56964,"href":"https:\/\/sectorprensa.com.ar\/index.php?rest_route=\/wp\/v2\/posts\/56962\/revisions\/56964"}],"wp:featuredmedia":[{"embeddable":true,"href":"https:\/\/sectorprensa.com.ar\/index.php?rest_route=\/wp\/v2\/media\/56963"}],"wp:attachment":[{"href":"https:\/\/sectorprensa.com.ar\/index.php?rest_route=%2Fwp%2Fv2%2Fmedia&parent=56962"}],"wp:term":[{"taxonomy":"category","embeddable":true,"href":"https:\/\/sectorprensa.com.ar\/index.php?rest_route=%2Fwp%2Fv2%2Fcategories&post=56962"},{"taxonomy":"post_tag","embeddable":true,"href":"https:\/\/sectorprensa.com.ar\/index.php?rest_route=%2Fwp%2Fv2%2Ftags&post=56962"}],"curies":[{"name":"wp","href":"https:\/\/api.w.org\/{rel}","templated":true}]}}