{"id":57088,"date":"2023-08-29T09:28:25","date_gmt":"2023-08-29T12:28:25","guid":{"rendered":"https:\/\/sectorprensa.com.ar\/?p=57088"},"modified":"2023-08-29T09:28:34","modified_gmt":"2023-08-29T12:28:34","slug":"comenzo-el-juicio-por-sandra-y-ruben-que-no-se-repita","status":"publish","type":"post","link":"https:\/\/sectorprensa.com.ar\/?p=57088","title":{"rendered":"Comenz\u00f3 el juicio por Sandra y Rub\u00e9n: \u201cQue no se repita\u201d"},"content":{"rendered":"\n<h6 class=\"wp-block-heading\"><strong>Hern\u00e1n Pustilnik, docente de la Escuela Primaria N\u00ba49 \u201cNicol\u00e1s Avellaneda\u201d de Moreno, espera \u201cque se haga justicia\u201d tras la muerte de Sandra Calamano y Rub\u00e9n Rodr\u00edguez.<\/strong><\/h6>\n\n\n\n<p>El juicio por la muerte de Sandra Calamano y Rub\u00e9n Rodr\u00edguez, la vicedirectora y el auxiliar de una escuela primaria de Moreno que fallecieron en 2018 como consecuencia de una explosi\u00f3n de gas dentro del edificio, comenz\u00f3 este lunes en los tribunales de Mercedes con cuatro acusados.<\/p>\n\n\n\n<p>En el banquillo estar\u00e1n el gasista Cristian Ricobene, quien est\u00e1 imputado por \u201chomicidio culposo agravado en concurso real con defraudaci\u00f3n en perjuicio de la administraci\u00f3n p\u00fablica\u201d; el interventor del Consejo Escolar, Sebasti\u00e1n Nasif; y los consejeros M\u00f3nica Berzoni y Jorge Galian, que responden por incumplimiento de los deberes de funcionario p\u00fablico.<\/p>\n\n\n\n<p>El episodio ocurri\u00f3 2 de agosto de 2018 a las 8.06 en la Escuela Primaria N\u00b049 \u201cNicol\u00e1s Avellaneda\u201d de Moreno. Una p\u00e9rdida de gas produjo una explosi\u00f3n que le cost\u00f3 la vida a Sandra y Rub\u00e9n, mientras estaban preparando el desayuno para los alumnos que ten\u00edan que ingresar 25 minutos despu\u00e9s.<\/p>\n\n\n\n<figure class=\"wp-block-embed is-type-video is-provider-youtube wp-block-embed-youtube wp-embed-aspect-16-9 wp-has-aspect-ratio\"><div class=\"wp-block-embed__wrapper\">\n<iframe loading=\"lazy\" title=\"D\u00eda 1: Juicio por Sandra y Rub\u00e9n, &quot;Esperamos justicia para sanar las heridas&quot;\" width=\"800\" height=\"450\" src=\"https:\/\/www.youtube.com\/embed\/yXcWfk_74M8?feature=oembed\" frameborder=\"0\" allow=\"accelerometer; autoplay; clipboard-write; encrypted-media; gyroscope; picture-in-picture; web-share\" allowfullscreen><\/iframe>\n<\/div><\/figure>\n\n\n\n<p>En este sentido, Hern\u00e1n Pustilnik, docente de la escuela, habl\u00f3 en Splendid AM 990 y dijo que \u201cla justicia es muy lenta. Esto pas\u00f3 en 2018 y reci\u00e9n ahora empieza el juicio\u201d.<\/p>\n\n\n\n<p>\u201cEsto termina el 23 o 24 de septiembre y calculamos que para mediados de octubre se va a saber el veredicto. Esperamos que se haga justicia\u201d, agreg\u00f3 Pustilnik.<\/p>\n\n\n\n<p>Y cerr\u00f3 afirmando que \u201cen el \u00e1mbito educativo, la gesti\u00f3n de Kicillof fue un poco mejor. Pero estos problemas vienen hace 20 a\u00f1os. Nosotros necesitamos que estos hechos se mantengan vivos en la memoria para que no se repita\u201d.<\/p>\n\n\n\n<figure class=\"wp-block-embed is-type-wp-embed is-provider-sector-prensa wp-block-embed-sector-prensa\"><div class=\"wp-block-embed__wrapper\">\n<blockquote class=\"wp-embedded-content\" data-secret=\"9o6wWtBaLT\"><a href=\"https:\/\/sectorprensa.com.ar\/2023\/08\/04\/el-2-de-agosto-de-2018-cambio-para-siempre-la-educacion-bonaerense\/\">\u201cEl 2 de agosto de 2018 cambi\u00f3 para siempre la educaci\u00f3n bonaerense\u201d<\/a><\/blockquote><iframe loading=\"lazy\" class=\"wp-embedded-content\" sandbox=\"allow-scripts\" security=\"restricted\" style=\"position: absolute; clip: rect(1px, 1px, 1px, 1px);\" title=\"\u00ab\u201cEl 2 de agosto de 2018 cambi\u00f3 para siempre la educaci\u00f3n bonaerense\u201d\u00bb \u2014 Sector Prensa\" src=\"https:\/\/sectorprensa.com.ar\/2023\/08\/04\/el-2-de-agosto-de-2018-cambio-para-siempre-la-educacion-bonaerense\/embed\/#?secret=tiQXUFh4aY#?secret=9o6wWtBaLT\" data-secret=\"9o6wWtBaLT\" width=\"600\" height=\"338\" frameborder=\"0\" marginwidth=\"0\" marginheight=\"0\" scrolling=\"no\"><\/iframe>\n<\/div><\/figure>\n\r\n","protected":false},"excerpt":{"rendered":"<p>Hern\u00e1n Pustilnik, docente de la Escuela Primaria N\u00ba49 \u201cNicol\u00e1s Avellaneda\u201d de Moreno, espera \u201cque se haga justicia\u201d tras la muerte<\/p>\n","protected":false},"author":6,"featured_media":57089,"comment_status":"closed","ping_status":"closed","sticky":false,"template":"","format":"standard","meta":{"colormag_page_container_layout":"default_layout","colormag_page_sidebar_layout":"default_layout","footnotes":""},"categories":[6828,2154,12,10],"tags":[2089,2090,132,2594,2092,1075],"class_list":["post-57088","post","type-post","status-publish","format-standard","has-post-thumbnail","hentry","category-mas-destacadas","category-moreno","category-policiales","category-sociedad","tag-escuela-49","tag-explosion","tag-juicio","tag-ruben-rodriguez","tag-sandra-calamano","tag-tragedia"],"_links":{"self":[{"href":"https:\/\/sectorprensa.com.ar\/index.php?rest_route=\/wp\/v2\/posts\/57088","targetHints":{"allow":["GET"]}}],"collection":[{"href":"https:\/\/sectorprensa.com.ar\/index.php?rest_route=\/wp\/v2\/posts"}],"about":[{"href":"https:\/\/sectorprensa.com.ar\/index.php?rest_route=\/wp\/v2\/types\/post"}],"author":[{"embeddable":true,"href":"https:\/\/sectorprensa.com.ar\/index.php?rest_route=\/wp\/v2\/users\/6"}],"replies":[{"embeddable":true,"href":"https:\/\/sectorprensa.com.ar\/index.php?rest_route=%2Fwp%2Fv2%2Fcomments&post=57088"}],"version-history":[{"count":2,"href":"https:\/\/sectorprensa.com.ar\/index.php?rest_route=\/wp\/v2\/posts\/57088\/revisions"}],"predecessor-version":[{"id":57101,"href":"https:\/\/sectorprensa.com.ar\/index.php?rest_route=\/wp\/v2\/posts\/57088\/revisions\/57101"}],"wp:featuredmedia":[{"embeddable":true,"href":"https:\/\/sectorprensa.com.ar\/index.php?rest_route=\/wp\/v2\/media\/57089"}],"wp:attachment":[{"href":"https:\/\/sectorprensa.com.ar\/index.php?rest_route=%2Fwp%2Fv2%2Fmedia&parent=57088"}],"wp:term":[{"taxonomy":"category","embeddable":true,"href":"https:\/\/sectorprensa.com.ar\/index.php?rest_route=%2Fwp%2Fv2%2Fcategories&post=57088"},{"taxonomy":"post_tag","embeddable":true,"href":"https:\/\/sectorprensa.com.ar\/index.php?rest_route=%2Fwp%2Fv2%2Ftags&post=57088"}],"curies":[{"name":"wp","href":"https:\/\/api.w.org\/{rel}","templated":true}]}}