{"id":57103,"date":"2023-08-29T12:27:44","date_gmt":"2023-08-29T15:27:44","guid":{"rendered":"https:\/\/sectorprensa.com.ar\/?p=57103"},"modified":"2023-08-29T12:27:44","modified_gmt":"2023-08-29T15:27:44","slug":"ituzaingo-cayo-en-soldati-y-sigue-hundido-en-el-descenso","status":"publish","type":"post","link":"https:\/\/sectorprensa.com.ar\/?p=57103","title":{"rendered":"Ituzaing\u00f3 cay\u00f3 en Soldati y sigue hundido en el descenso"},"content":{"rendered":"\n<p><strong>En su visita al Roberto \u201cBeto\u201d Larrosa, el Verde cay\u00f3 sin atenuantes 3-0 ante Sacachispas. En el le\u00f3n debut\u00f3 como entrenador Fabi\u00e1n Mansilla y hace once encuentros que no gana, contin\u00faa en zona de descenso directo.<\/strong><\/p>\n\n\n\n<p>Por la fecha 11 de la Primera B Metropolitana, el Le\u00f3n visit\u00f3 a \u201cSaca\u201d con la ilusi\u00f3n de poder ganar y descontar, para meterlo en el barro al \u201cLila\u201d, pero nuevamente con una actuaci\u00f3n decepcionante cay\u00f3 sin pena ni gloria.<\/p>\n\n\n\n<p>La primera parte mostr\u00f3 una realidad cruda, los dos equipos sin mostrar nada, salvo algunas aproximaciones por parte de Sacachispas, que fue mejor que Ituzaing\u00f3, donde el Verde estuvo muy inconexo en el juego asociado.<\/p>\n\n\n\n<p>En la parte complementaria, no fue diferente, solo que el \u201cLila\u201d acert\u00f3 en los \u00faltimos metros y ante la pasividad del Le\u00f3n, Sacachispas lo liquid\u00f3 en el segundo tiempo: primero Emanuel Barreiro puso el 1 a 0, luego Javier Arias, ex jugador del Verde, convirti\u00f3 un doblete en los \u00faltimos minutos del juego, donde cumpli\u00f3 la ley del ex, y puso cifras definitivas de 3-0.<\/p>\n\n\n\n<p>El local, que nunca hab\u00eda ganado en lo que va del Campeonato, se hizo la fiesta con un Ituzaing\u00f3 que sigue hundido en el fondo del mar.<\/p>\n\n\n\n<p>Pese al debut del nuevo dt, Fabi\u00e1n Mansilla, el equipo sigue sin rumbo, cada vez juega peor y el final se ve cada vez m\u00e1s negro.<\/p>\n\n\n\n<p>Quedan seis finales para poder remontar la situaci\u00f3n y pensar en la permanencia en la Primera B Metropolitana, solo queda alentar y rezar porque el descenso es lo \u00fanico que se ve en el horizonte.<\/p>\n\n\n\n<p>Ahora el equipo deber\u00e1 levantar cabeza r\u00e1pidamente ya que este s\u00e1bado a las 15:30 hs, en el Carlos Sacaan, Ituzaing\u00f3 recibir\u00e1 a F\u00e9nix, sabiendo que necesita ganar si o si en su casa para cortar la racha de once partidos sin ganar y esperar una derrota del Deportivo Merlo, que jugar\u00e1 ante Sacachispas, el mismo d\u00eda, pero a las 13:45 hs.<\/p>\n\n\n\n<p><strong>S\u00edntesis<\/strong>:<\/p>\n\n\n\n<p><strong>Sacachispas<\/strong> (3): Neyder Arag\u00f3n; El\u00edas Barraza, Alexander Corro, Alan Buonofiglio, Luis Geneiro; Emanuel Barreiro, Kevin Denis, Santiago Prim, Leonel M\u00fcller; Juan Cruz Scarel y Javier Arias.<\/p>\n\n\n\n<p><strong>Suplentes<\/strong>: Mat\u00edas Wysocki, Santiago Acha, Rodrigo D\u00edaz, Andr\u00e9s Molinas, Cristian S\u00e1nchez Prette, Diego Cardozo, F\u00e9lix Orode.<\/p>\n\n\n\n<p><strong>DT<\/strong>: Lu\u00eds Islas<\/p>\n\n\n\n<p><strong>Ituzaing\u00f3<\/strong> (0): Tom\u00e1s Figueroa; Luciano Nebot, Brian Medina, Alejo Politano; Diego Serrano, Santiago Piersigilli, Fernando Guti\u00e9rrez, Manuel Fal\u00f3n, Facundo Gonz\u00e1lez; Rodrigo Soria y Alcides Miranda Moreira.<\/p>\n\n\n\n<p><strong>Suplentes<\/strong>: Mat\u00edas Lescano, Mart\u00edn Palisi, Enzo Ib\u00e1\u00f1ez, Ramiro Taborda, Juan Cruz Iglesias, Lucas Mhamed, Lucas Rey.<\/p>\n\n\n\n<p><strong>DT<\/strong>: Fabi\u00e1n Mansilla<\/p>\n\n\n\n<p><strong>Goles<\/strong>: 56&#8242; Emanuel Barreiro (SAC), 90&#8242; Javier Arias (SAC), 90&#8242;(+5) Javier Arias (SAC)<\/p>\n\n\n\n<p><strong>Cambios<\/strong>: 57&#8242; Juan Cruz Iglesias x Facundo Gonz\u00e1lez (ITU), 65&#8242; Diego Cardozo x Juan Cruz Scarel (SAC), 75&#8242; Enzo Ib\u00e1\u00f1ez x Santiago Piersigilli (ITU), 75&#8242; Lucas Mhamed x Alejo Politano (ITU), 90&#8242;(+3) Cristian S\u00e1nchez Prette x Santiago Prim (SAC)<\/p>\n\n\n\n<p><strong>Amonestados<\/strong>: Kevin Denis (SAC), Alejo Politano (ITU), Rodrigo Soria (ITU), El\u00edas Barraza (SAC)<\/p>\n\n\n\n<p><strong>\u00c1rbitro<\/strong>: Juan Cruz Robledo<\/p>\n\n\n\n<p><strong>Estadio<\/strong>: Roberto Larrosa (SACACHISPAS)<\/p>\n\n\n\n<p><strong><em>Por: Juan Jos\u00e9 Levrero<\/em><\/strong><\/p>\n\n\n\n<p><strong><em>Foto: Prensa Club Atl\u00e9tico Ituzaing\u00f3 <\/em><\/strong><\/p>\n\r\n","protected":false},"excerpt":{"rendered":"<p>En su visita al Roberto \u201cBeto\u201d Larrosa, el Verde cay\u00f3 sin atenuantes 3-0 ante Sacachispas. En el le\u00f3n debut\u00f3 como<\/p>\n","protected":false},"author":1,"featured_media":57104,"comment_status":"closed","ping_status":"closed","sticky":false,"template":"","format":"standard","meta":{"colormag_page_container_layout":"default_layout","colormag_page_sidebar_layout":"default_layout","footnotes":""},"categories":[11],"tags":[2528,5094],"class_list":["post-57103","post","type-post","status-publish","format-standard","has-post-thumbnail","hentry","category-deportes","tag-club-atletico-ituzaingo","tag-primera-b-metropolitana"],"_links":{"self":[{"href":"https:\/\/sectorprensa.com.ar\/index.php?rest_route=\/wp\/v2\/posts\/57103","targetHints":{"allow":["GET"]}}],"collection":[{"href":"https:\/\/sectorprensa.com.ar\/index.php?rest_route=\/wp\/v2\/posts"}],"about":[{"href":"https:\/\/sectorprensa.com.ar\/index.php?rest_route=\/wp\/v2\/types\/post"}],"author":[{"embeddable":true,"href":"https:\/\/sectorprensa.com.ar\/index.php?rest_route=\/wp\/v2\/users\/1"}],"replies":[{"embeddable":true,"href":"https:\/\/sectorprensa.com.ar\/index.php?rest_route=%2Fwp%2Fv2%2Fcomments&post=57103"}],"version-history":[{"count":1,"href":"https:\/\/sectorprensa.com.ar\/index.php?rest_route=\/wp\/v2\/posts\/57103\/revisions"}],"predecessor-version":[{"id":57105,"href":"https:\/\/sectorprensa.com.ar\/index.php?rest_route=\/wp\/v2\/posts\/57103\/revisions\/57105"}],"wp:featuredmedia":[{"embeddable":true,"href":"https:\/\/sectorprensa.com.ar\/index.php?rest_route=\/wp\/v2\/media\/57104"}],"wp:attachment":[{"href":"https:\/\/sectorprensa.com.ar\/index.php?rest_route=%2Fwp%2Fv2%2Fmedia&parent=57103"}],"wp:term":[{"taxonomy":"category","embeddable":true,"href":"https:\/\/sectorprensa.com.ar\/index.php?rest_route=%2Fwp%2Fv2%2Fcategories&post=57103"},{"taxonomy":"post_tag","embeddable":true,"href":"https:\/\/sectorprensa.com.ar\/index.php?rest_route=%2Fwp%2Fv2%2Ftags&post=57103"}],"curies":[{"name":"wp","href":"https:\/\/api.w.org\/{rel}","templated":true}]}}