{"id":57138,"date":"2023-08-30T11:21:40","date_gmt":"2023-08-30T14:21:40","guid":{"rendered":"https:\/\/sectorprensa.com.ar\/?p=57138"},"modified":"2023-08-30T15:08:24","modified_gmt":"2023-08-30T18:08:24","slug":"centro-espanol-la-actualidad-que-vive-el-club-es-fruto-de-todo-un-trabajo","status":"publish","type":"post","link":"https:\/\/sectorprensa.com.ar\/?p=57138","title":{"rendered":"Centro Espa\u00f1ol: \u201cLa actualidad que vive el club es fruto de todo un trabajo\u201d"},"content":{"rendered":"\n<h6 class=\"wp-block-heading\"><strong>Christian Basile, m\u00e1nager del conjunto \u201cGallego\u201d, cont\u00f3 el crecimiento del club que milita en la Primera D. Adem\u00e1s, habl\u00f3 sobre su tarea.<\/strong><\/h6>\n\n\n\n<p>Centro Espa\u00f1ol est\u00e1 viviendo un gran presente, no s\u00f3lo en el \u00e1mbito deportivo (se encuentra puntero en el \u00faltimo torneo de la Primera D, venci\u00f3 a Tigre por Copa Argentina y luego cay\u00f3 ante Defensa y Justicia en el mismo certamen, pero mostrando un alto nivel) sino tambi\u00e9n institucional, donde los intensos trabajos que se realizaron en los \u00faltimos meses mejoraron al Club en todo sentido: por ejemplo, que el \u201cGallego\u201d juegue su primer encuentro internacional en su historia.<\/p>\n\n\n\n<p>En este sentido, Christian Basile, m\u00e1nager de Centro Espa\u00f1ol, expres\u00f3 que \u201ces una etapa espectacular la que vive el Club\u201d.<\/p>\n\n\n\n<p>\u201cClasificar a la Copa Argentina por primera vez, eliminar a Tigre, hacer el partido que se hizo contra Defensa y Justicia a mitad de a\u00f1o donde no se not\u00f3 la diferencia con un equipo de Primera habla por s\u00ed solo del trabajo que se viene haciendo en el Club\u201d, agreg\u00f3.<\/p>\n\n\n\n<p>Anteriormente, Basile se desempe\u00f1\u00f3 como Jefe de Prensa, aunque en octubre el actual entrenador de Centro le sugiri\u00f3 formar parte del proyecto en su nuevo rol: \u201cDiego Herrero me pregunt\u00f3 c\u00f3mo ve\u00eda esa posibilidad y no dud\u00e9. Siempre estuve cerca del Cuerpo T\u00e9cnico Mat\u00edas Modolo y Sergio Orsini. De hecho, colabor\u00e9 cuando llegaron a Midland porque la C y la D son dos categor\u00edas que miro hace casi cinco a\u00f1os por diversos laburos relacionados con el periodismo. Las conozco bien\u201d.<\/p>\n\n\n\n<figure class=\"wp-block-image size-full\"><img loading=\"lazy\" decoding=\"async\" width=\"1024\" height=\"681\" src=\"https:\/\/sectorprensa.com.ar\/wp-content\/uploads\/2023\/08\/1.jpeg\" alt=\"\" class=\"wp-image-57140\" srcset=\"https:\/\/sectorprensa.com.ar\/wp-content\/uploads\/2023\/08\/1.jpeg 1024w, https:\/\/sectorprensa.com.ar\/wp-content\/uploads\/2023\/08\/1-300x200.jpeg 300w, https:\/\/sectorprensa.com.ar\/wp-content\/uploads\/2023\/08\/1-768x511.jpeg 768w\" sizes=\"auto, (max-width: 1024px) 100vw, 1024px\" \/><\/figure>\n\n\n\n<p>\u201cA Centro llegu\u00e9 en 2019 de la mano de Mat\u00edas Modolo a encargarme de la prensa. La verdad que es un club que est\u00e1 en pleno crecimiento, pero adem\u00e1s es constante. La actualidad que vive hoy es fruto de todo un trabajo y una apuesta que la dirigencia hizo y decidi\u00f3 bancar. Los resultados son excelentes\u201d, cont\u00f3 Christian Basile quien adem\u00e1s es Director de la Carrera de Periodismo del Instituto ISAD de Ituzaing\u00f3.&nbsp;<\/p>\n\n\n\n<p>\u201cLos dirigentes me adoptaron como uno m\u00e1s y les estoy muy agradecidos por abrirme las puertas y la confianza que depositaron en mi para un rol que es poco conocido en el ascenso argentino pero que va camino a instalarse. Tanto el Presidente Daniel Ledesma como su esposa Karina y todos los miembros de Comisi\u00f3n Directiva son gente que vive para el club, me generan admiraci\u00f3n. Diego (Herrero) fue el manager varios a\u00f1os y aprend\u00ed mucho de \u00e9l, de c\u00f3mo manejarse y de la importancia que tiene que una persona se encargue de esa parte del trabajo\u201d, continu\u00f3.<\/p>\n\n\n\n<figure class=\"wp-block-image size-full\"><img loading=\"lazy\" decoding=\"async\" width=\"640\" height=\"360\" src=\"https:\/\/sectorprensa.com.ar\/wp-content\/uploads\/2023\/08\/2.jpeg\" alt=\"\" class=\"wp-image-57141\" srcset=\"https:\/\/sectorprensa.com.ar\/wp-content\/uploads\/2023\/08\/2.jpeg 640w, https:\/\/sectorprensa.com.ar\/wp-content\/uploads\/2023\/08\/2-300x169.jpeg 300w\" sizes=\"auto, (max-width: 640px) 100vw, 640px\" \/><\/figure>\n\n\n\n<p>Sobre este rol, Basile sostuvo que \u201cel dirigente de un club de la D o C muchas veces tiene que ocuparse de una gran cantidad de situaciones que le quitan tiempo y frescura para resolver. El rol de director deportivo o manager es algo que lleg\u00f3 para quedarse y le es \u00fatil a los clubes\u201d.<\/p>\n\n\n\n<p>Respecto de las tareas que realiza, detall\u00f3 que \u201cmi funci\u00f3n es ser el nexo entre la dirigencia y el f\u00fatbol del club. Es armar un proyecto s\u00f3lido en lo deportivo e intentar cumplir los objetivos que la dirigencia plantea. En este caso el objetivo de Centro es claro. Se arm\u00f3 un plantel competitivo pensando en pelear al torneo. El primer campeonato se lleg\u00f3 con chances a la pen\u00faltima fecha y en el segundo, al t\u00e9rmino de la primera rueda, el equipo est\u00e1 puntero. En el medio, atravesamos tres partidos hist\u00f3ricos como los de Tigre y Defensa por la Copa Argentina y el primer encuentro internacional en la historia del Club, en el Uruguay\u201d.<\/p>\n\n\n\n<p>\u201cUno sigue aprendiendo constantemente. La clave es planificar, ordenar las cosas y tener mucha comunicaci\u00f3n. Hoy el club est\u00e1 trabajando muy bien en inferiores, la cuarta acaba de salir campeona, se est\u00e1 avanzando muy r\u00e1pido con el proyecto en el predio de El Palomar y est\u00e1 pronto a lanzarse el f\u00fatbol femenino de 11 que es algo hist\u00f3rico y necesario\u201d, cont\u00f3.<\/p>\n\n\n\n<figure class=\"wp-block-image size-large\"><img loading=\"lazy\" decoding=\"async\" width=\"1024\" height=\"640\" src=\"https:\/\/sectorprensa.com.ar\/wp-content\/uploads\/2023\/08\/3-1024x640.jpeg\" alt=\"\" class=\"wp-image-57142\" srcset=\"https:\/\/sectorprensa.com.ar\/wp-content\/uploads\/2023\/08\/3-1024x640.jpeg 1024w, https:\/\/sectorprensa.com.ar\/wp-content\/uploads\/2023\/08\/3-300x188.jpeg 300w, https:\/\/sectorprensa.com.ar\/wp-content\/uploads\/2023\/08\/3-768x480.jpeg 768w, https:\/\/sectorprensa.com.ar\/wp-content\/uploads\/2023\/08\/3.jpeg 1200w\" sizes=\"auto, (max-width: 1024px) 100vw, 1024px\" \/><figcaption class=\"wp-element-caption\"><strong>En febrero, Centro elimin\u00f3 a Tigre en la Copa Argentina.<br><\/strong><\/figcaption><\/figure>\n\n\n\n<p>Tambi\u00e9n tuvo palabras para los integrantes del cuerpo t\u00e9cnico: \u201cDiego (Herrero) es un gran entrenador y junto a todo el cuerpo t\u00e9cnico se conform\u00f3 un grupo espectacular. La idea de juego de Centro hoy es un sello en la categor\u00eda, son un CT muy detallista y trabajador\u201d.<\/p>\n\n\n\n<p>\u201cEl plantel es un grupo humano excelente y se merecen todo lo que est\u00e1 pasando. Futbol\u00edsticamente creo que se ha conformado uno de los mejores planteles de la divisional sin dudas\u201d, cont\u00f3 sobre los futbolistas.&nbsp;<\/p>\n\n\n\n<p>A su vez, Basile tambi\u00e9n coment\u00f3 detalles de c\u00f3mo se fue organizando el club con el correr de la temporada: \u201cEn los \u00faltimos meses tambi\u00e9n se sum\u00f3 otra gente de experiencia al \u00e1rea de f\u00fatbol del club para aportar y seguir sumando, por eso tambi\u00e9n uno va teniendo otras responsabilidades\u201d.<\/p>\n\n\n\n<p>\u201cEl trabajo es arduo, a principio de a\u00f1o fue \u00edntegramente futbol\u00edstico. Hablar con los jugadores, arreglar lo relacionado con los vi\u00e1ticos, contarles el proyecto y seducirlos. No fue tan dif\u00edcil, por todo el trabajo que se viene haciendo hace a\u00f1os hoy al club quieren venir todos\u201d, sostuvo.<\/p>\n\n\n\n<p>Y agreg\u00f3: \u201cEn el d\u00eda a d\u00eda hay que encargarse de muchas cosas, por eso la clave est\u00e1 en armar buenos equipos de laburo. Ya en esta \u00faltima etapa el trabajo es m\u00e1s administrativo y hubo algunos cambios de la gente que se ocupa del f\u00fatbol pero el proyecto es el mismo y no hay que perder de vista que el club est\u00e1 por encima de todos\u201d.<\/p>\n\n\n\n<figure class=\"wp-block-image size-full is-resized\"><img loading=\"lazy\" decoding=\"async\" src=\"https:\/\/sectorprensa.com.ar\/wp-content\/uploads\/2023\/08\/JUA02017-1024x576-1.jpg\" alt=\"\" class=\"wp-image-57143\" width=\"875\" height=\"492\" srcset=\"https:\/\/sectorprensa.com.ar\/wp-content\/uploads\/2023\/08\/JUA02017-1024x576-1.jpg 1024w, https:\/\/sectorprensa.com.ar\/wp-content\/uploads\/2023\/08\/JUA02017-1024x576-1-300x169.jpg 300w, https:\/\/sectorprensa.com.ar\/wp-content\/uploads\/2023\/08\/JUA02017-1024x576-1-768x432.jpg 768w\" sizes=\"auto, (max-width: 875px) 100vw, 875px\" \/><figcaption class=\"wp-element-caption\"><strong>En el Bosque, Centro estuvo a la altura frente de Defensa y Justicia.<br><\/strong><\/figcaption><\/figure>\n\n\n\n<p>A los 38 a\u00f1os y con una extensa carrera como periodista, esta nueva faceta lo tiene muy metido: \u201cEstoy haciendo el curso de Director Deportivo con Nico Burdisso, la verdad que me abri\u00f3 la cabeza. Me puso muy contento ver como muchos ex futbolistas se interesan por la gesti\u00f3n, creo que en pocos a\u00f1os m\u00e1s no habr\u00e1 clubes que no tengan director deportivo, es muy necesario\u201d.<\/p>\n\n\n\n<p>Tambi\u00e9n se tom\u00f3 un tiempo para hablar de otra de sus actividades la cual comparte con Mat\u00edas M\u00f3dolo: \u201cCon Mati somos amigos y tenemos proyectos en conjunto como el Instituto ISAD. Tengo que agradecerle porque confi\u00f3 en mi cuando lleg\u00f3 a Midland, hablamos mucho de jugadores y mal no eligi\u00f3, sali\u00f3 campe\u00f3n (se r\u00ede)\u201d.<\/p>\n\n\n\n<figure class=\"wp-block-image size-full\"><img loading=\"lazy\" decoding=\"async\" width=\"958\" height=\"958\" src=\"https:\/\/sectorprensa.com.ar\/wp-content\/uploads\/2023\/08\/280374516_3187175978195437_5497324217365898576_n.jpg\" alt=\"\" class=\"wp-image-57144\" srcset=\"https:\/\/sectorprensa.com.ar\/wp-content\/uploads\/2023\/08\/280374516_3187175978195437_5497324217365898576_n.jpg 958w, https:\/\/sectorprensa.com.ar\/wp-content\/uploads\/2023\/08\/280374516_3187175978195437_5497324217365898576_n-300x300.jpg 300w, https:\/\/sectorprensa.com.ar\/wp-content\/uploads\/2023\/08\/280374516_3187175978195437_5497324217365898576_n-150x150.jpg 150w, https:\/\/sectorprensa.com.ar\/wp-content\/uploads\/2023\/08\/280374516_3187175978195437_5497324217365898576_n-768x768.jpg 768w\" sizes=\"auto, (max-width: 958px) 100vw, 958px\" \/><figcaption class=\"wp-element-caption\"><strong>El PF Esteban Coppia, Basile, Sergio Rondina y Mat\u00edas Modolo en una charla en el Instituto ISAD.<br><\/strong><\/figcaption><\/figure>\n\n\n\n<p>En la charla, tambi\u00e9n cont\u00f3 que \u201cla parte m\u00e1s dif\u00edcil es cuando toca comunicarle a un jugador que no va a continuar, hubo muchas salidas y es algo duro. Tengo muy buena relaci\u00f3n con todos, al final es lo que queda. Siempre busco ser frontal, no hay otro camino que no sea la honestidad\u201d.<\/p>\n\n\n\n<p>Por \u00faltimo, se mostr\u00f3 entusiasmado con esta nueva funci\u00f3n en el f\u00fatbol de ascenso: \u201cHay varios clubes donde ya existe la funci\u00f3n. En la mayor\u00eda hay una subcomisi\u00f3n de f\u00fatbol, pero el rol es pr\u00e1cticamente el mismo. En otros, directamente hay una persona que es la encargada\u201d, concluy\u00f3.<\/p>\n\n\n\n<figure class=\"wp-block-image size-full is-resized\"><img loading=\"lazy\" decoding=\"async\" src=\"https:\/\/sectorprensa.com.ar\/wp-content\/uploads\/2023\/08\/0bca8009-fd40-4a41-8060-76403cdbfc5f-1024x678-1.jpg\" alt=\"\" class=\"wp-image-57145\" width=\"875\" height=\"579\" srcset=\"https:\/\/sectorprensa.com.ar\/wp-content\/uploads\/2023\/08\/0bca8009-fd40-4a41-8060-76403cdbfc5f-1024x678-1.jpg 1024w, https:\/\/sectorprensa.com.ar\/wp-content\/uploads\/2023\/08\/0bca8009-fd40-4a41-8060-76403cdbfc5f-1024x678-1-300x199.jpg 300w, https:\/\/sectorprensa.com.ar\/wp-content\/uploads\/2023\/08\/0bca8009-fd40-4a41-8060-76403cdbfc5f-1024x678-1-768x509.jpg 768w\" sizes=\"auto, (max-width: 875px) 100vw, 875px\" \/><figcaption class=\"wp-element-caption\"><strong>Basile, Modolo, Orsini y el periodista Mat\u00edas Bocca en el estadio de Midland.<\/strong><strong><br><\/strong><\/figcaption><\/figure>\n\n\n\n<figure class=\"wp-block-embed is-type-wp-embed is-provider-sector-prensa wp-block-embed-sector-prensa\"><div class=\"wp-block-embed__wrapper\">\n<blockquote class=\"wp-embedded-content\" data-secret=\"rAVBUCgS8C\"><a href=\"https:\/\/sectorprensa.com.ar\/2023\/08\/21\/centro-espanol-de-cabeza-a-lo-mas-alto-del-torneo\/\">Centro Espa\u00f1ol: de cabeza a lo m\u00e1s alto del torneo<\/a><\/blockquote><iframe loading=\"lazy\" class=\"wp-embedded-content\" sandbox=\"allow-scripts\" security=\"restricted\" style=\"position: absolute; clip: rect(1px, 1px, 1px, 1px);\" title=\"\u00abCentro Espa\u00f1ol: de cabeza a lo m\u00e1s alto del torneo\u00bb \u2014 Sector Prensa\" src=\"https:\/\/sectorprensa.com.ar\/2023\/08\/21\/centro-espanol-de-cabeza-a-lo-mas-alto-del-torneo\/embed\/#?secret=EQEEO9Dw3f#?secret=rAVBUCgS8C\" data-secret=\"rAVBUCgS8C\" width=\"600\" height=\"338\" frameborder=\"0\" marginwidth=\"0\" marginheight=\"0\" scrolling=\"no\"><\/iframe>\n<\/div><\/figure>\n\r\n","protected":false},"excerpt":{"rendered":"<p>Christian Basile, m\u00e1nager del conjunto \u201cGallego\u201d, cont\u00f3 el crecimiento del club que milita en la Primera D. Adem\u00e1s, habl\u00f3 sobre<\/p>\n","protected":false},"author":6,"featured_media":57139,"comment_status":"closed","ping_status":"closed","sticky":false,"template":"","format":"standard","meta":{"colormag_page_container_layout":"default_layout","colormag_page_sidebar_layout":"default_layout","footnotes":""},"categories":[11,17],"tags":[744,3361,175],"class_list":["post-57138","post","type-post","status-publish","format-standard","has-post-thumbnail","hentry","category-deportes","category-destacadas","tag-centro-espanol","tag-christian-basile","tag-primera-d"],"_links":{"self":[{"href":"https:\/\/sectorprensa.com.ar\/index.php?rest_route=\/wp\/v2\/posts\/57138","targetHints":{"allow":["GET"]}}],"collection":[{"href":"https:\/\/sectorprensa.com.ar\/index.php?rest_route=\/wp\/v2\/posts"}],"about":[{"href":"https:\/\/sectorprensa.com.ar\/index.php?rest_route=\/wp\/v2\/types\/post"}],"author":[{"embeddable":true,"href":"https:\/\/sectorprensa.com.ar\/index.php?rest_route=\/wp\/v2\/users\/6"}],"replies":[{"embeddable":true,"href":"https:\/\/sectorprensa.com.ar\/index.php?rest_route=%2Fwp%2Fv2%2Fcomments&post=57138"}],"version-history":[{"count":3,"href":"https:\/\/sectorprensa.com.ar\/index.php?rest_route=\/wp\/v2\/posts\/57138\/revisions"}],"predecessor-version":[{"id":57158,"href":"https:\/\/sectorprensa.com.ar\/index.php?rest_route=\/wp\/v2\/posts\/57138\/revisions\/57158"}],"wp:featuredmedia":[{"embeddable":true,"href":"https:\/\/sectorprensa.com.ar\/index.php?rest_route=\/wp\/v2\/media\/57139"}],"wp:attachment":[{"href":"https:\/\/sectorprensa.com.ar\/index.php?rest_route=%2Fwp%2Fv2%2Fmedia&parent=57138"}],"wp:term":[{"taxonomy":"category","embeddable":true,"href":"https:\/\/sectorprensa.com.ar\/index.php?rest_route=%2Fwp%2Fv2%2Fcategories&post=57138"},{"taxonomy":"post_tag","embeddable":true,"href":"https:\/\/sectorprensa.com.ar\/index.php?rest_route=%2Fwp%2Fv2%2Ftags&post=57138"}],"curies":[{"name":"wp","href":"https:\/\/api.w.org\/{rel}","templated":true}]}}