{"id":57225,"date":"2023-09-04T10:56:57","date_gmt":"2023-09-04T13:56:57","guid":{"rendered":"https:\/\/sectorprensa.com.ar\/?p=57225"},"modified":"2023-09-04T10:56:58","modified_gmt":"2023-09-04T13:56:58","slug":"moron-promueve-ferias-y-mercados-con-precios-accesibles-en-todos-los-barrios","status":"publish","type":"post","link":"https:\/\/sectorprensa.com.ar\/?p=57225","title":{"rendered":"Mor\u00f3n promueve ferias y mercados con precios accesibles en todos los barrios"},"content":{"rendered":"\n<h6 class=\"wp-block-heading\" id=\"1e60\"><strong>Para paliar el impacto de la inflaci\u00f3n en el bolsillo de sus vecinos y vecinas, el Municipio desarroll\u00f3 un esquema con presencia en todo el partido. Entre las propuestas se encuentran el Mercado Mor\u00f3n, las ferias de Mercados Bonaerenses y el Mercado Frutihorticola Saropalca. En todos los casos, se suman los descuentos de Cuenta DNI.<\/strong><\/h6>\n\n\n\n<p id=\"3f9f\">El Municipio de Mor\u00f3n impulsa distintas pol\u00edticas con el fin de promover y facilitar el consumo de alimentos a precios accesibles, y atenuar el impacto que provoca la inflaci\u00f3n en el poder adquisitivo de las y los vecinos. En ese marco, el Estado local desarroll\u00f3 un esquema de ferias y mercados descentralizados con presencia en todos los barrios del distrito.<\/p>\n\n\n\n<p id=\"a978\">Entre las acciones destacadas, se inaugur\u00f3 recientemente el Mercado Mor\u00f3n (Av. Presidente Per\u00f3n -ex Gaona- 3883) que ofrece alimentos, art\u00edculos de almac\u00e9n y limpieza directos de productores y mayoristas. Tambi\u00e9n, semanalmente los vecinos y vecinas pueden acceder a alimentos de calidad con precios promocionales cerca de su casa a trav\u00e9s de los Mercados Bonaerenses. Por otro lado, la comunidad cuenta con el Mercado Saropalca (Pueyrred\u00f3n 1015, Mor\u00f3n), un tradicional predio de comercializaci\u00f3n mayorista y minorista de frutas y hortalizas ubicado en Mor\u00f3n, en el que una vez por mes tambi\u00e9n se ofrecen productos de feria de otros rubros.<\/p>\n\n\n\n<p id=\"01f7\">El \u201cMercado Mor\u00f3n\u201d cuenta con 13 locales en los que se puede acceder a alimentos y otros productos. Entre ellos, hay carnicer\u00eda, pescader\u00eda, panificados, productos de almac\u00e9n, frutas y verduras, pastas frescas, l\u00e1cteos, productos sin TACC, veganos y para diet\u00e9ticas. Tambi\u00e9n se comercializar\u00e1n productos de limpieza y alimento para perros y gatos. Funciona de lunes a s\u00e1bados de 9 a 18 y domingos de 9 a 13. El mismo cuenta con un sector descubierto con playa de estacionamiento propia.<\/p>\n\n\n\n<figure class=\"wp-block-embed is-type-rich is-provider-twitter wp-block-embed-twitter\"><div class=\"wp-block-embed__wrapper\">\n<blockquote class=\"twitter-tweet\" data-width=\"550\" data-dnt=\"true\"><p lang=\"es\" dir=\"ltr\">Hac\u00e9 tus compras en el Mercado Mor\u00f3n! \ud83d\uded2<br><br>\ud83c\udf4e Un espacio para que nuestros vecinos y vecinas accedan alimentos y productos de calidad a precios accesibles y justos.<br><br>\ud83d\udccdAbre de lunes a s\u00e1bado de 9 a 18 horas y los domingos de 9 a 13 en Av. Per\u00f3n 3883 (ex Gaona).<a href=\"https:\/\/twitter.com\/hashtag\/MunicipioDeMor%C3%B3n?src=hash&amp;ref_src=twsrc%5Etfw\">#MunicipioDeMor\u00f3n<\/a> <a href=\"https:\/\/t.co\/zfWO7MjsLD\">pic.twitter.com\/zfWO7MjsLD<\/a><\/p>&mdash; Municipio de Mor\u00f3n (@MunicipioMoron) <a href=\"https:\/\/twitter.com\/MunicipioMoron\/status\/1697593141551833167?ref_src=twsrc%5Etfw\">September 1, 2023<\/a><\/blockquote><script async src=\"https:\/\/platform.twitter.com\/widgets.js\" charset=\"utf-8\"><\/script>\n<\/div><\/figure>\n\n\n\n<p id=\"c717\">Cabe destacar que, en este espacio, los vecinos y vecinas pueden acceder adem\u00e1s al descuento del 40% abonando con Cuenta DNI (de acuerdo a las promociones vigentes de la billetera virtual).<\/p>\n\n\n\n<p id=\"b19f\">Por otro lado, el Mercado Bonaerense recorre semanalmente distintos puntos del distrito con frutas, verduras, l\u00e1cteos, pescados, panificados y congelados a precios accesibles. En estas jornadas, las y los moronenses tambi\u00e9n pueden acceder al descuento del 40% abonando con Cuenta DNI. Las y los interesados pueden hacer su reserva previa completando el formulario:&nbsp;<a href=\"https:\/\/bit.ly\/3QWT7k4\" rel=\"noreferrer noopener\" target=\"_blank\">https:\/\/bit.ly\/3QWT7k4<\/a>.<\/p>\n\n\n\n<p id=\"565f\">La agenda de septiembre ser\u00e1:<\/p>\n\n\n\n<p id=\"0217\"><strong>Viernes 1<\/strong>: Plaza ser\u00e9 (Revoredo y Alcorta) de UGC 14.<\/p>\n\n\n\n<p id=\"4f59\"><strong>S\u00e1bado 2<\/strong>: Mercado Saropalca.<\/p>\n\n\n\n<p id=\"5610\"><strong>Martes 5<\/strong>: Barrio Gardel CAPS (Namuncura y Marconi) UGC 12.<\/p>\n\n\n\n<p id=\"ecd8\"><strong>Mi\u00e9rcoles&nbsp;<\/strong>6: UGC 10 (Santa Marta 1871).<\/p>\n\n\n\n<p id=\"ffc9\"><strong>Jueves 7<\/strong>: Plaza San Juan (Miro y Betbeder) UGC 5.<\/p>\n\n\n\n<p id=\"dc7e\"><strong>Viernes 8<\/strong>: EN TU BARRIO CON VOS, Plaza Rep\u00fablica del Per\u00fa (Maza y Castelli) UGC 8.<\/p>\n\n\n\n<p id=\"7d10\"><strong>Martes 12<\/strong>: Plaza San Martin (Buen viaje y San Mart\u00edn) UGC 1.<\/p>\n\n\n\n<p id=\"ba9a\"><strong>Mi\u00e9rcoles 13<\/strong>: Plaza Los Jardines (Rios Gallardo y Maza) UGC 9.<\/p>\n\n\n\n<p id=\"367a\"><strong>Jueves 14<\/strong>: Plaza Rivadavia (Malaver y Magnasco) UGC2.<\/p>\n\n\n\n<p id=\"b706\"><strong>Viernes 15<\/strong>: EN TU BARRIO CON VOS, Plaza del Museo Aeron\u00e1utico (Carmen de Patagones 445 y Carapachay) UGC 6.<\/p>\n\n\n\n<p id=\"fdfa\"><strong>Martes 19<\/strong>: Plaza de la Maestra ( Ber\u00f3n de Astrada y Curuzu Cuatia) Barrio Gaona UGC 13.<\/p>\n\n\n\n<p id=\"f561\"><strong>Mi\u00e9rcoles 20<\/strong>: Plaza Belgrano (Maison y Anatole France) UGC 4.<\/p>\n\n\n\n<p id=\"64fc\"><strong>Jueves 21<\/strong>: Plaza de la Madre (Arrieta y Florencio S\u00e1nchez) Castelar UGC 11.<\/p>\n\n\n\n<p id=\"49c2\"><strong>Viernes 22<\/strong>: EN TU BARRIO CON VOS Plaza Cattaneo (Moraga y Bianco) UGC 3.<\/p>\n\n\n\n<p id=\"f274\"><strong>Martes 26<\/strong>: Plaza Ser\u00e9 (Revoredo y Alcorta) UGC 14.<\/p>\n\n\n\n<p id=\"7a34\"><strong>Mi\u00e9rcoles 27<\/strong>: Plaza Paracone (Constituyentes y Rawson) UGC 1.<\/p>\n\n\n\n<p id=\"9bbe\"><strong>Jueves 28<\/strong>: Plaza Alsina (Gelly y Obes y Ameguino) UGC 7.<\/p>\n\n\n\n<p id=\"4c0a\"><strong>Viernes 29<\/strong>: EN TU BARRIO CON VOS Stevenson e\/ J. B. Marqu\u00e9s y Corrientes UGC 10.<\/p>\n\n\n\n<p id=\"6083\">El mismo esquema de comercializaci\u00f3n se puede aprovechar en el Mercado Saropalca, un predio de comercializaci\u00f3n mayorista y minorista de frutas y hortalizas. El espacio se encuentra disponible diariamente para adquirir frutas y verduras. Mientras que el primer s\u00e1bado de cada mes se suma en este lugar la feria de Mercados Bonaerenses.<\/p>\n\n\n\n<p id=\"5ea4\">El Estado local, tambi\u00e9n cuenta con el Espacio de Agroecolog\u00eda Urbana Municipal en el que a trav\u00e9s de la huerta agroecol\u00f3gica Mor\u00f3n SurCo, los vecinos y vecinas pueden reservar bolsones de frutas y verduras libres de pesticidas y agrot\u00f3xicos, como as\u00ed tambi\u00e9n huevos agroecol\u00f3gicos. Los mismos se deben reservar previamente en el siguiente link:&nbsp;<a href=\"https:\/\/forms.gle\/dTcAV11iT5Breve16\" rel=\"noreferrer noopener\" target=\"_blank\">https:\/\/forms.gle\/dTcAV11iT5Breve16<\/a>&nbsp;y se retiran en el Vivero Municipal (Stevenson 2355).<\/p>\n\n\n\n<p id=\"65f5\">Todas estas iniciativas, permiten brindar a los vecinos y vecinas la oportunidad de acceder a productos de calidad, saludables y a precios accesibles, fortaleciendo al mismo tiempo la econom\u00eda local y a los productores locales.<\/p>\n\n\n\n<figure class=\"wp-block-embed is-type-wp-embed is-provider-sector-prensa wp-block-embed-sector-prensa\"><div class=\"wp-block-embed__wrapper\">\n<blockquote class=\"wp-embedded-content\" data-secret=\"CDd9WnA36g\"><a href=\"https:\/\/sectorprensa.com.ar\/2023\/05\/19\/ghi-el-mercado-moron-tendra-precios-accesibles-y-con-la-calidad-que-todos-nos-merecemos\/\">Ghi: \u201cEl Mercado Mor\u00f3n tendr\u00e1 precios accesibles y con la calidad que todos nos merecemos\u201d<\/a><\/blockquote><iframe loading=\"lazy\" class=\"wp-embedded-content\" sandbox=\"allow-scripts\" security=\"restricted\" style=\"position: absolute; clip: rect(1px, 1px, 1px, 1px);\" title=\"\u00abGhi: \u201cEl Mercado Mor\u00f3n tendr\u00e1 precios accesibles y con la calidad que todos nos merecemos\u201d\u00bb \u2014 Sector Prensa\" src=\"https:\/\/sectorprensa.com.ar\/2023\/05\/19\/ghi-el-mercado-moron-tendra-precios-accesibles-y-con-la-calidad-que-todos-nos-merecemos\/embed\/#?secret=ykROKhvMPm#?secret=CDd9WnA36g\" data-secret=\"CDd9WnA36g\" width=\"600\" height=\"338\" frameborder=\"0\" marginwidth=\"0\" marginheight=\"0\" scrolling=\"no\"><\/iframe>\n<\/div><\/figure>\n\r\n","protected":false},"excerpt":{"rendered":"<p>Para paliar el impacto de la inflaci\u00f3n en el bolsillo de sus vecinos y vecinas, el Municipio desarroll\u00f3 un esquema<\/p>\n","protected":false},"author":6,"featured_media":57227,"comment_status":"closed","ping_status":"closed","sticky":false,"template":"","format":"standard","meta":{"colormag_page_container_layout":"default_layout","colormag_page_sidebar_layout":"default_layout","footnotes":""},"categories":[17,5,1173,10],"tags":[6347,7747,7149],"class_list":["post-57225","post","type-post","status-publish","format-standard","has-post-thumbnail","hentry","category-destacadas","category-moron","category-municipales","category-sociedad","tag-ferias","tag-mercado-moron","tag-mercados-bonaerenses"],"_links":{"self":[{"href":"https:\/\/sectorprensa.com.ar\/index.php?rest_route=\/wp\/v2\/posts\/57225","targetHints":{"allow":["GET"]}}],"collection":[{"href":"https:\/\/sectorprensa.com.ar\/index.php?rest_route=\/wp\/v2\/posts"}],"about":[{"href":"https:\/\/sectorprensa.com.ar\/index.php?rest_route=\/wp\/v2\/types\/post"}],"author":[{"embeddable":true,"href":"https:\/\/sectorprensa.com.ar\/index.php?rest_route=\/wp\/v2\/users\/6"}],"replies":[{"embeddable":true,"href":"https:\/\/sectorprensa.com.ar\/index.php?rest_route=%2Fwp%2Fv2%2Fcomments&post=57225"}],"version-history":[{"count":1,"href":"https:\/\/sectorprensa.com.ar\/index.php?rest_route=\/wp\/v2\/posts\/57225\/revisions"}],"predecessor-version":[{"id":57228,"href":"https:\/\/sectorprensa.com.ar\/index.php?rest_route=\/wp\/v2\/posts\/57225\/revisions\/57228"}],"wp:featuredmedia":[{"embeddable":true,"href":"https:\/\/sectorprensa.com.ar\/index.php?rest_route=\/wp\/v2\/media\/57227"}],"wp:attachment":[{"href":"https:\/\/sectorprensa.com.ar\/index.php?rest_route=%2Fwp%2Fv2%2Fmedia&parent=57225"}],"wp:term":[{"taxonomy":"category","embeddable":true,"href":"https:\/\/sectorprensa.com.ar\/index.php?rest_route=%2Fwp%2Fv2%2Fcategories&post=57225"},{"taxonomy":"post_tag","embeddable":true,"href":"https:\/\/sectorprensa.com.ar\/index.php?rest_route=%2Fwp%2Fv2%2Ftags&post=57225"}],"curies":[{"name":"wp","href":"https:\/\/api.w.org\/{rel}","templated":true}]}}