{"id":57334,"date":"2023-09-05T18:29:12","date_gmt":"2023-09-05T21:29:12","guid":{"rendered":"https:\/\/sectorprensa.com.ar\/?p=57334"},"modified":"2023-09-05T18:29:13","modified_gmt":"2023-09-05T21:29:13","slug":"aumentos-y-sumas-fijas-las-medidas-de-kicillof-para-los-trabajadores","status":"publish","type":"post","link":"https:\/\/sectorprensa.com.ar\/?p=57334","title":{"rendered":"Aumentos y sumas fijas: las medidas de Kicillof para los trabajadores"},"content":{"rendered":"\n<h6 class=\"wp-block-heading\"><strong>El Gobernador de la Provincia de Buenos Aires anunci\u00f3 que se adicionar\u00e1 un 10% a la suba salarial de septiembre. Adem\u00e1s, se cre\u00f3 un fondo especial para beneficiar a los trabajadores municipales.<\/strong><\/h6>\n\n\n\n<p>Axel Kicillof lleg\u00f3 a un acuerdo con los representantes gremiales bonaerenses de todos los reg\u00edmenes y se adicionar\u00e1 un porcentaje a la suba salarial, la cual se aplicar\u00e1 en los haberes de septiembre. Por otra parte, confirm\u00f3 que habr\u00e1 sumas fijas no remunerativas para trabajadores y los jubilados percibir\u00e1n un bono.<\/p>\n\n\n\n<p>\u00abAcordamos con las y los representantes gremiales de todos los reg\u00edmenes adicionar un 10% al aumento salarial que ya estaba pautado para los haberes de septiembre, completando un 25% en promedio para todas las y los trabajadores de la provincia\u00bb, comunic\u00f3 el Gobernador de la Provincia de Buenos Aires.<\/p>\n\n\n\n<p>Adem\u00e1s, Kicillof cont\u00f3 que se adherir\u00e1 a la medida del bono anunciada por Sergio Massa: \u00abSiguiendo con los lineamientos establecidos por Sergio Massa, decidimos otorgar una suma fija de $30.000 no remunerativa a quienes hayan percibido haberes en agosto menores a $400.000\u00bb, indic\u00f3.<\/p>\n\n\n\n<p>\u00abTambi\u00e9n establecimos un bono de $30.000 para jubilados que perciban haberes por menos de $120.000\u00bb, agreg\u00f3 el mandatario provincial.<\/p>\n\n\n\n<p>Por \u00faltimo, se refiri\u00f3 a los empleados municipales y detall\u00f3: \u00abCreamos el &#8216;Fondo Especial de Asignaciones Extraordinarias Salariales para Municipios&#8217;, con el objetivo de contribuir al refuerzo salarial de las y los trabajadores municipales. Se distribuir\u00e1 a solicitud de cada municipio y tendr\u00e1 car\u00e1cter de reintegrable\u00bb, detall\u00f3.<\/p>\n\n\n\n<figure class=\"wp-block-embed is-type-wp-embed is-provider-sector-prensa wp-block-embed-sector-prensa\"><div class=\"wp-block-embed__wrapper\">\n<blockquote class=\"wp-embedded-content\" data-secret=\"dDkVR74za6\"><a href=\"https:\/\/sectorprensa.com.ar\/2023\/09\/01\/los-importantes-descuentos-de-cuenta-dni-en-septiembre\/\">Los importantes descuentos de Cuenta DNI en septiembre<\/a><\/blockquote><iframe loading=\"lazy\" class=\"wp-embedded-content\" sandbox=\"allow-scripts\" security=\"restricted\" style=\"position: absolute; clip: rect(1px, 1px, 1px, 1px);\" title=\"\u00abLos importantes descuentos de Cuenta DNI en septiembre\u00bb \u2014 Sector Prensa\" src=\"https:\/\/sectorprensa.com.ar\/2023\/09\/01\/los-importantes-descuentos-de-cuenta-dni-en-septiembre\/embed\/#?secret=568x3M2GyU#?secret=dDkVR74za6\" data-secret=\"dDkVR74za6\" width=\"600\" height=\"338\" frameborder=\"0\" marginwidth=\"0\" marginheight=\"0\" scrolling=\"no\"><\/iframe>\n<\/div><\/figure>\n\r\n","protected":false},"excerpt":{"rendered":"<p>El Gobernador de la Provincia de Buenos Aires anunci\u00f3 que se adicionar\u00e1 un 10% a la suba salarial de septiembre.<\/p>\n","protected":false},"author":1,"featured_media":57335,"comment_status":"closed","ping_status":"closed","sticky":false,"template":"","format":"standard","meta":{"colormag_page_container_layout":"default_layout","colormag_page_sidebar_layout":"default_layout","footnotes":""},"categories":[17,8,18],"tags":[3337,5564],"class_list":["post-57334","post","type-post","status-publish","format-standard","has-post-thumbnail","hentry","category-destacadas","category-politica","category-provincia","tag-axel-kicillof","tag-economia"],"_links":{"self":[{"href":"https:\/\/sectorprensa.com.ar\/index.php?rest_route=\/wp\/v2\/posts\/57334","targetHints":{"allow":["GET"]}}],"collection":[{"href":"https:\/\/sectorprensa.com.ar\/index.php?rest_route=\/wp\/v2\/posts"}],"about":[{"href":"https:\/\/sectorprensa.com.ar\/index.php?rest_route=\/wp\/v2\/types\/post"}],"author":[{"embeddable":true,"href":"https:\/\/sectorprensa.com.ar\/index.php?rest_route=\/wp\/v2\/users\/1"}],"replies":[{"embeddable":true,"href":"https:\/\/sectorprensa.com.ar\/index.php?rest_route=%2Fwp%2Fv2%2Fcomments&post=57334"}],"version-history":[{"count":1,"href":"https:\/\/sectorprensa.com.ar\/index.php?rest_route=\/wp\/v2\/posts\/57334\/revisions"}],"predecessor-version":[{"id":57336,"href":"https:\/\/sectorprensa.com.ar\/index.php?rest_route=\/wp\/v2\/posts\/57334\/revisions\/57336"}],"wp:featuredmedia":[{"embeddable":true,"href":"https:\/\/sectorprensa.com.ar\/index.php?rest_route=\/wp\/v2\/media\/57335"}],"wp:attachment":[{"href":"https:\/\/sectorprensa.com.ar\/index.php?rest_route=%2Fwp%2Fv2%2Fmedia&parent=57334"}],"wp:term":[{"taxonomy":"category","embeddable":true,"href":"https:\/\/sectorprensa.com.ar\/index.php?rest_route=%2Fwp%2Fv2%2Fcategories&post=57334"},{"taxonomy":"post_tag","embeddable":true,"href":"https:\/\/sectorprensa.com.ar\/index.php?rest_route=%2Fwp%2Fv2%2Ftags&post=57334"}],"curies":[{"name":"wp","href":"https:\/\/api.w.org\/{rel}","templated":true}]}}