{"id":57399,"date":"2023-09-08T11:24:23","date_gmt":"2023-09-08T14:24:23","guid":{"rendered":"https:\/\/sectorprensa.com.ar\/?p=57399"},"modified":"2023-09-08T11:24:24","modified_gmt":"2023-09-08T14:24:24","slug":"moron-nueva-entrega-de-anteojos-en-el-marco-del-programa-ver-para-aprender","status":"publish","type":"post","link":"https:\/\/sectorprensa.com.ar\/?p=57399","title":{"rendered":"Mor\u00f3n: nueva entrega de anteojos en el marco del programa \u201cVer Para Aprender\u201d"},"content":{"rendered":"\n<h6 class=\"wp-block-heading\"><strong>M\u00e1s de 50 alumnos y alumnas de nivel primario ya cuentan con sus lentes para seguir aprendiendo. Esta acci\u00f3n se da gracias a un trabajo articulado junto al gobierno bonaerense y la Fundaci\u00f3n Banco Provincia.<\/strong><\/h6>\n\n\n\n<p>En el marco del programa \u201cVer Para Aprender\u201d, m\u00e1s de 50 alumnos y alumnas de nivel primario de las escuelas N\u00ba26 de Mor\u00f3n sur y N\u00ba75 de Castelar ya cuentan con sus lentes para seguir aprendiendo.<\/p>\n\n\n\n<p>Esta acci\u00f3n se da gracias a un trabajo articulado junto al gobierno bonaerense y la Fundaci\u00f3n Banco Provincia.<\/p>\n\n\n\n<p>D\u00edas previos a la entrega las y los beneficiarios fueron evaluados por especialistas oftalmol\u00f3gicos que indicaron el uso y aumento de los anteojos a las y los estudiantes que los necesitan para contribuir a su proceso de aprendizaje y mejorar su calidad de vida.<\/p>\n\n\n\n<figure class=\"wp-block-embed is-type-wp-embed is-provider-sector-prensa wp-block-embed-sector-prensa\"><div class=\"wp-block-embed__wrapper\">\n<blockquote class=\"wp-embedded-content\" data-secret=\"gdLNfWPaUM\"><a href=\"https:\/\/sectorprensa.com.ar\/2023\/09\/06\/comenzo-la-renovacion-del-corredor-coronel-arena-en-moron-sur\/\">Comenz\u00f3 la renovaci\u00f3n del corredor Coronel Arena en Mor\u00f3n sur<\/a><\/blockquote><iframe loading=\"lazy\" class=\"wp-embedded-content\" sandbox=\"allow-scripts\" security=\"restricted\" style=\"position: absolute; clip: rect(1px, 1px, 1px, 1px);\" title=\"\u00abComenz\u00f3 la renovaci\u00f3n del corredor Coronel Arena en Mor\u00f3n sur\u00bb \u2014 Sector Prensa\" src=\"https:\/\/sectorprensa.com.ar\/2023\/09\/06\/comenzo-la-renovacion-del-corredor-coronel-arena-en-moron-sur\/embed\/#?secret=3Ot2ZmPLBf#?secret=gdLNfWPaUM\" data-secret=\"gdLNfWPaUM\" width=\"600\" height=\"338\" frameborder=\"0\" marginwidth=\"0\" marginheight=\"0\" scrolling=\"no\"><\/iframe>\n<\/div><\/figure>\n\r\n","protected":false},"excerpt":{"rendered":"<p>M\u00e1s de 50 alumnos y alumnas de nivel primario ya cuentan con sus lentes para seguir aprendiendo. Esta acci\u00f3n se<\/p>\n","protected":false},"author":6,"featured_media":57400,"comment_status":"closed","ping_status":"closed","sticky":false,"template":"","format":"standard","meta":{"colormag_page_container_layout":"default_layout","colormag_page_sidebar_layout":"default_layout","footnotes":""},"categories":[17,5,1173,10],"tags":[4147,2525,6209],"class_list":["post-57399","post","type-post","status-publish","format-standard","has-post-thumbnail","hentry","category-destacadas","category-moron","category-municipales","category-sociedad","tag-anteojos","tag-moron-2","tag-ver-para-aprender"],"_links":{"self":[{"href":"https:\/\/sectorprensa.com.ar\/index.php?rest_route=\/wp\/v2\/posts\/57399","targetHints":{"allow":["GET"]}}],"collection":[{"href":"https:\/\/sectorprensa.com.ar\/index.php?rest_route=\/wp\/v2\/posts"}],"about":[{"href":"https:\/\/sectorprensa.com.ar\/index.php?rest_route=\/wp\/v2\/types\/post"}],"author":[{"embeddable":true,"href":"https:\/\/sectorprensa.com.ar\/index.php?rest_route=\/wp\/v2\/users\/6"}],"replies":[{"embeddable":true,"href":"https:\/\/sectorprensa.com.ar\/index.php?rest_route=%2Fwp%2Fv2%2Fcomments&post=57399"}],"version-history":[{"count":1,"href":"https:\/\/sectorprensa.com.ar\/index.php?rest_route=\/wp\/v2\/posts\/57399\/revisions"}],"predecessor-version":[{"id":57401,"href":"https:\/\/sectorprensa.com.ar\/index.php?rest_route=\/wp\/v2\/posts\/57399\/revisions\/57401"}],"wp:featuredmedia":[{"embeddable":true,"href":"https:\/\/sectorprensa.com.ar\/index.php?rest_route=\/wp\/v2\/media\/57400"}],"wp:attachment":[{"href":"https:\/\/sectorprensa.com.ar\/index.php?rest_route=%2Fwp%2Fv2%2Fmedia&parent=57399"}],"wp:term":[{"taxonomy":"category","embeddable":true,"href":"https:\/\/sectorprensa.com.ar\/index.php?rest_route=%2Fwp%2Fv2%2Fcategories&post=57399"},{"taxonomy":"post_tag","embeddable":true,"href":"https:\/\/sectorprensa.com.ar\/index.php?rest_route=%2Fwp%2Fv2%2Ftags&post=57399"}],"curies":[{"name":"wp","href":"https:\/\/api.w.org\/{rel}","templated":true}]}}