{"id":57403,"date":"2023-09-08T11:24:06","date_gmt":"2023-09-08T14:24:06","guid":{"rendered":"https:\/\/sectorprensa.com.ar\/?p=57403"},"modified":"2023-09-08T11:24:07","modified_gmt":"2023-09-08T14:24:07","slug":"ambiente-el-debate-que-plantea-milei-es-completamente-irresponsable","status":"publish","type":"post","link":"https:\/\/sectorprensa.com.ar\/?p=57403","title":{"rendered":"Ambiente: \u201cEl debate que plantea Milei es completamente irresponsable\u201d"},"content":{"rendered":"\n<h6 class=\"wp-block-heading\"><strong>Cecilia Nicolini, secretaria de Cambio Clim\u00e1tico, Desarrollo Sostenible e Innovaci\u00f3n se refiri\u00f3 a la situaci\u00f3n ambiental en nuestro pa\u00eds y c\u00f3mo debemos aprovechar los recursos que tenemos.<\/strong><\/h6>\n\n\n\n<p>Cecilia Nicolini, secretaria de Cambio Clim\u00e1tico, Desarrollo Sostenible e Innovaci\u00f3n habl\u00f3 en Splendid AM 990 sobre la situaci\u00f3n ambiental de la Argentina, c\u00f3mo hay que aprovechar los recursos que tenemos y qu\u00e9 opini\u00f3n se merece lo que dijo Javier Milei con respecto al ambiente.<\/p>\n\n\n\n<p>Su opini\u00f3n de Milei, quien dijo que una empresa puede contaminar un r\u00edo todo lo que quiera: \u201cEl debate que plantea Milei es completamente irresponsable, ac\u00e1 hay una deliberada irresponsabilidad, es imposible no tomarlo de agenda ante los impactos clim\u00e1ticos que estamos teniendo, como lo que fue la mayor sequ\u00eda que tuvimos en 100 a\u00f1os que afectaron las importaciones\u201d, sostuvo Nicolini.<\/p>\n\n\n\n<p>\u201cLa sociedad tiene que dar una respuesta, no solo para cuidarse a si misma sino tambi\u00e9n para su econom\u00eda. Uno de los principales factores viene del factor energ\u00e9tico alternativo para reducir los t\u00f3xicos\u201d, agreg\u00f3.<\/p>\n\n\n\n<p>En este sentido, Nicolini considera que \u201cde un d\u00eda para el otro no se puede sacar el carb\u00f3n o petr\u00f3leo, pero la idea es que debe ser una transici\u00f3n sana. Hay que invertir en nuestro pa\u00eds para poder sustentarlo, no hacer como China o Estados Unidos que son de los m\u00e1s fuertes econ\u00f3micamente, pero con gran contaminaci\u00f3n\u201d.<\/p>\n\n\n\n<p>La situaci\u00f3n de otros pa\u00edses: \u201cHay muchos pa\u00edses que est\u00e1n mucho m\u00e1s expuestos que otros, como son los del Caribe donde tienen miedo que la mitad de su isla pueda desaparecer, la potencia clim\u00e1tica es muy fuerte y quedan expuestos a perder generaciones y generaciones\u201d.<\/p>\n\n\n\n<p>Por \u00faltimo, la secretaria se refiri\u00f3 al litio y al agua: \u201cSon debates que tenemos que dar, productos muy valiosos a los que no les podemos poner precio, no como dice Milei que estando contaminada se le fija un monto. En el territorio donde se hace actividad minera debe haber beneficios para su comunidad\u201d.<\/p>\n\n\n\n<figure class=\"wp-block-embed is-type-wp-embed is-provider-sector-prensa wp-block-embed-sector-prensa\"><div class=\"wp-block-embed__wrapper\">\n<blockquote class=\"wp-embedded-content\" data-secret=\"xjoa7EdAyM\"><a href=\"https:\/\/sectorprensa.com.ar\/2023\/09\/07\/quieren-quedarse-con-vaca-muerta\/\">\u00abQuieren quedarse con Vaca Muerta\u00bb<\/a><\/blockquote><iframe loading=\"lazy\" class=\"wp-embedded-content\" sandbox=\"allow-scripts\" security=\"restricted\" style=\"position: absolute; clip: rect(1px, 1px, 1px, 1px);\" title=\"\u00ab\u00abQuieren quedarse con Vaca Muerta\u00bb\u00bb \u2014 Sector Prensa\" src=\"https:\/\/sectorprensa.com.ar\/2023\/09\/07\/quieren-quedarse-con-vaca-muerta\/embed\/#?secret=4KHpdm4BlQ#?secret=xjoa7EdAyM\" data-secret=\"xjoa7EdAyM\" width=\"600\" height=\"338\" frameborder=\"0\" marginwidth=\"0\" marginheight=\"0\" scrolling=\"no\"><\/iframe>\n<\/div><\/figure>\n\r\n","protected":false},"excerpt":{"rendered":"<p>Cecilia Nicolini, secretaria de Cambio Clim\u00e1tico, Desarrollo Sostenible e Innovaci\u00f3n se refiri\u00f3 a la situaci\u00f3n ambiental en nuestro pa\u00eds y<\/p>\n","protected":false},"author":6,"featured_media":57404,"comment_status":"closed","ping_status":"closed","sticky":false,"template":"","format":"standard","meta":{"colormag_page_container_layout":"default_layout","colormag_page_sidebar_layout":"default_layout","footnotes":""},"categories":[17,8,10],"tags":[5108,8083,6318],"class_list":["post-57403","post","type-post","status-publish","format-standard","has-post-thumbnail","hentry","category-destacadas","category-politica","category-sociedad","tag-ambiente","tag-cecilia-nicolini","tag-ministerio-de-ambiente"],"_links":{"self":[{"href":"https:\/\/sectorprensa.com.ar\/index.php?rest_route=\/wp\/v2\/posts\/57403","targetHints":{"allow":["GET"]}}],"collection":[{"href":"https:\/\/sectorprensa.com.ar\/index.php?rest_route=\/wp\/v2\/posts"}],"about":[{"href":"https:\/\/sectorprensa.com.ar\/index.php?rest_route=\/wp\/v2\/types\/post"}],"author":[{"embeddable":true,"href":"https:\/\/sectorprensa.com.ar\/index.php?rest_route=\/wp\/v2\/users\/6"}],"replies":[{"embeddable":true,"href":"https:\/\/sectorprensa.com.ar\/index.php?rest_route=%2Fwp%2Fv2%2Fcomments&post=57403"}],"version-history":[{"count":1,"href":"https:\/\/sectorprensa.com.ar\/index.php?rest_route=\/wp\/v2\/posts\/57403\/revisions"}],"predecessor-version":[{"id":57405,"href":"https:\/\/sectorprensa.com.ar\/index.php?rest_route=\/wp\/v2\/posts\/57403\/revisions\/57405"}],"wp:featuredmedia":[{"embeddable":true,"href":"https:\/\/sectorprensa.com.ar\/index.php?rest_route=\/wp\/v2\/media\/57404"}],"wp:attachment":[{"href":"https:\/\/sectorprensa.com.ar\/index.php?rest_route=%2Fwp%2Fv2%2Fmedia&parent=57403"}],"wp:term":[{"taxonomy":"category","embeddable":true,"href":"https:\/\/sectorprensa.com.ar\/index.php?rest_route=%2Fwp%2Fv2%2Fcategories&post=57403"},{"taxonomy":"post_tag","embeddable":true,"href":"https:\/\/sectorprensa.com.ar\/index.php?rest_route=%2Fwp%2Fv2%2Ftags&post=57403"}],"curies":[{"name":"wp","href":"https:\/\/api.w.org\/{rel}","templated":true}]}}