{"id":57410,"date":"2023-09-08T11:24:46","date_gmt":"2023-09-08T14:24:46","guid":{"rendered":"https:\/\/sectorprensa.com.ar\/?p=57410"},"modified":"2023-09-08T11:24:46","modified_gmt":"2023-09-08T14:24:46","slug":"video-ituzaingo-albaniles-detuvieron-a-un-delincuente-que-intento-robarse-un-auto","status":"publish","type":"post","link":"https:\/\/sectorprensa.com.ar\/?p=57410","title":{"rendered":"[Video] Ituzaing\u00f3: alba\u00f1iles detuvieron a un delincuente que intent\u00f3 robarse un auto"},"content":{"rendered":"\n<h6 class=\"wp-block-heading\"><strong>Ocurri\u00f3 en la calle 24 de octubre y Gasc\u00f3n, frente a una obra en construcci\u00f3n. Otro sujeto logr\u00f3 escapar.<\/strong><\/h6>\n\n\n\n<p>Dos alba\u00f1iles que se encontraban trabajando observaron a un delincuente que intentaba robarse un auto en Ituzaing\u00f3, por lo que decidieron detenerlo.<\/p>\n\n\n\n<p>El hecho ocurri\u00f3 el lunes en la calle 24 de octubre y Gasc\u00f3n, frente a una obra en construcci\u00f3n. El sujeto, identificado como Flavio Ezequiel Paniagua (44), detenido por los trabajadores, mientras que otro malviviente logr\u00f3 escapar.<\/p>\n\n\n\n<p>Luego, los alba\u00f1iles llamaron a la Polic\u00eda y Paniagua qued\u00f3 detenido: se encuentra a disposici\u00f3n de la UFI 1 de Ituzaing\u00f3 como \u201crobo de automotor\u201d.<\/p>\n\n\n\n<figure class=\"wp-block-embed is-type-rich is-provider-twitter wp-block-embed-twitter\"><div class=\"wp-block-embed__wrapper\">\n<blockquote class=\"twitter-tweet\" data-width=\"550\" data-dnt=\"true\"><p lang=\"es\" dir=\"ltr\">\ud83d\udea8 ALBA\u00d1ILES EN ACCI\u00d3N<br>&#8211; As\u00ed detuvieron a un delincuente que estaba intentando llevarse un auto estacionado<br>&#8211; El otro ladr\u00f3n se aviv\u00f3 de la situaci\u00f3n y escap\u00f3 segundos antes<br>\ud83d\udccd Ituzaing\u00f3 <a href=\"https:\/\/t.co\/UPr8H7YJeY\">pic.twitter.com\/UPr8H7YJeY<\/a><\/p>&mdash; V\u00eda Szeta (@mauroszeta) <a href=\"https:\/\/twitter.com\/mauroszeta\/status\/1699890785444098365?ref_src=twsrc%5Etfw\">September 7, 2023<\/a><\/blockquote><script async src=\"https:\/\/platform.twitter.com\/widgets.js\" charset=\"utf-8\"><\/script>\n<\/div><\/figure>\n\n\n\n<figure class=\"wp-block-embed is-type-wp-embed is-provider-sector-prensa wp-block-embed-sector-prensa\"><div class=\"wp-block-embed__wrapper\">\n<blockquote class=\"wp-embedded-content\" data-secret=\"ISS86GUvYp\"><a href=\"https:\/\/sectorprensa.com.ar\/2023\/09\/07\/tres-detenidos-por-robar-autos-y-cortarlos-en-merlo\/\">Tres detenidos por robar autos y cortarlos en Merlo<\/a><\/blockquote><iframe loading=\"lazy\" class=\"wp-embedded-content\" sandbox=\"allow-scripts\" security=\"restricted\" style=\"position: absolute; clip: rect(1px, 1px, 1px, 1px);\" title=\"\u00abTres detenidos por robar autos y cortarlos en Merlo\u00bb \u2014 Sector Prensa\" src=\"https:\/\/sectorprensa.com.ar\/2023\/09\/07\/tres-detenidos-por-robar-autos-y-cortarlos-en-merlo\/embed\/#?secret=7cvU813boO#?secret=ISS86GUvYp\" data-secret=\"ISS86GUvYp\" width=\"600\" height=\"338\" frameborder=\"0\" marginwidth=\"0\" marginheight=\"0\" scrolling=\"no\"><\/iframe>\n<\/div><\/figure>\n\r\n","protected":false},"excerpt":{"rendered":"<p>Ocurri\u00f3 en la calle 24 de octubre y Gasc\u00f3n, frente a una obra en construcci\u00f3n. Otro sujeto logr\u00f3 escapar. Dos<\/p>\n","protected":false},"author":6,"featured_media":57411,"comment_status":"closed","ping_status":"closed","sticky":false,"template":"","format":"video","meta":{"colormag_page_container_layout":"default_layout","colormag_page_sidebar_layout":"default_layout","footnotes":""},"categories":[4,6828,12],"tags":[165,570,49,74],"class_list":["post-57410","post","type-post","status-publish","format-video","has-post-thumbnail","hentry","category-ituzaingo","category-mas-destacadas","category-policiales","tag-delincuentes","tag-detenido","tag-ituzaingo","tag-robo","post_format-post-format-video"],"_links":{"self":[{"href":"https:\/\/sectorprensa.com.ar\/index.php?rest_route=\/wp\/v2\/posts\/57410","targetHints":{"allow":["GET"]}}],"collection":[{"href":"https:\/\/sectorprensa.com.ar\/index.php?rest_route=\/wp\/v2\/posts"}],"about":[{"href":"https:\/\/sectorprensa.com.ar\/index.php?rest_route=\/wp\/v2\/types\/post"}],"author":[{"embeddable":true,"href":"https:\/\/sectorprensa.com.ar\/index.php?rest_route=\/wp\/v2\/users\/6"}],"replies":[{"embeddable":true,"href":"https:\/\/sectorprensa.com.ar\/index.php?rest_route=%2Fwp%2Fv2%2Fcomments&post=57410"}],"version-history":[{"count":1,"href":"https:\/\/sectorprensa.com.ar\/index.php?rest_route=\/wp\/v2\/posts\/57410\/revisions"}],"predecessor-version":[{"id":57412,"href":"https:\/\/sectorprensa.com.ar\/index.php?rest_route=\/wp\/v2\/posts\/57410\/revisions\/57412"}],"wp:featuredmedia":[{"embeddable":true,"href":"https:\/\/sectorprensa.com.ar\/index.php?rest_route=\/wp\/v2\/media\/57411"}],"wp:attachment":[{"href":"https:\/\/sectorprensa.com.ar\/index.php?rest_route=%2Fwp%2Fv2%2Fmedia&parent=57410"}],"wp:term":[{"taxonomy":"category","embeddable":true,"href":"https:\/\/sectorprensa.com.ar\/index.php?rest_route=%2Fwp%2Fv2%2Fcategories&post=57410"},{"taxonomy":"post_tag","embeddable":true,"href":"https:\/\/sectorprensa.com.ar\/index.php?rest_route=%2Fwp%2Fv2%2Ftags&post=57410"}],"curies":[{"name":"wp","href":"https:\/\/api.w.org\/{rel}","templated":true}]}}