{"id":57457,"date":"2023-09-10T21:13:55","date_gmt":"2023-09-11T00:13:55","guid":{"rendered":"https:\/\/sectorprensa.com.ar\/?p=57457"},"modified":"2023-09-10T21:13:55","modified_gmt":"2023-09-11T00:13:55","slug":"la-relacion-entre-nuestros-paises-avanza-continuamente","status":"publish","type":"post","link":"https:\/\/sectorprensa.com.ar\/?p=57457","title":{"rendered":"\u00abLa relaci\u00f3n entre nuestros pa\u00edses avanza continuamente\u00bb"},"content":{"rendered":"\n<h6 class=\"wp-block-heading\"><strong>El Presidente Alberto Fern\u00e1ndez celebr\u00f3 el avance de la relaci\u00f3n bilateral con Arabia Saudita. Adem\u00e1s, destac\u00f3 la posibilidad de un acuerdo de energ\u00eda con el pa\u00eds \u00e1rabe.<\/strong><\/h6>\n\n\n\n<p>Este domingo Alberto Fern\u00e1ndez valor\u00f3 el avance de la relaci\u00f3n bilateral con Arabia Saudita, mediante una publicaci\u00f3n en su cuenta de X, luego del encuentro con el pr\u00edncipe Mohammed bin Salman, quien tambi\u00e9n es Primer Ministro. En ese marco, destac\u00f3 que el v\u00ednculo podr\u00eda brindar la posibilidad de un acuerdo energ\u00e9tico entre ambos pa\u00edses.<\/p>\n\n\n\n<p>\u00abLa relaci\u00f3n entre nuestros pa\u00edses avanza continuamente y es nuestro deseo seguir profundizando el v\u00ednculo con una mayor diversificaci\u00f3n del intercambio comercial\u00bb, consider\u00f3.<\/p>\n\n\n\n<p>Por otra parte, se refiri\u00f3 al uso de la energ\u00eda nuclear. Fern\u00e1ndez valor\u00f3 que \u00abhay cooperaci\u00f3n en el uso pac\u00edfico de la energ\u00eda nuclear, que cuenta con un amplio potencial\u00bb.<\/p>\n\n\n\n<p>La incorporaci\u00f3n de ambos a los Brics: \u00abRefleja la multipolaridad emergente y la decisi\u00f3n de fortalecer la coordinaci\u00f3n multilateral y regional\u00bb, dijo.<\/p>\n\n\n\n<p>\u00abSon bases fundamentales para promover la paz, el desarrollo y las oportunidades conjuntas en beneficio de los pueblos\u00bb, agreg\u00f3 el jefe de Estado.<\/p>\n\n\n\n<figure class=\"wp-block-embed is-type-wp-embed is-provider-sector-prensa wp-block-embed-sector-prensa\"><div class=\"wp-block-embed__wrapper\">\n<blockquote class=\"wp-embedded-content\" data-secret=\"BWuS6RFveQ\"><a href=\"https:\/\/sectorprensa.com.ar\/2023\/09\/07\/quieren-quedarse-con-vaca-muerta\/\">\u00abQuieren quedarse con Vaca Muerta\u00bb<\/a><\/blockquote><iframe loading=\"lazy\" class=\"wp-embedded-content\" sandbox=\"allow-scripts\" security=\"restricted\" style=\"position: absolute; clip: rect(1px, 1px, 1px, 1px);\" title=\"\u00ab\u00abQuieren quedarse con Vaca Muerta\u00bb\u00bb \u2014 Sector Prensa\" src=\"https:\/\/sectorprensa.com.ar\/2023\/09\/07\/quieren-quedarse-con-vaca-muerta\/embed\/#?secret=ri69giwbAj#?secret=BWuS6RFveQ\" data-secret=\"BWuS6RFveQ\" width=\"600\" height=\"338\" frameborder=\"0\" marginwidth=\"0\" marginheight=\"0\" scrolling=\"no\"><\/iframe>\n<\/div><\/figure>\n\r\n","protected":false},"excerpt":{"rendered":"<p>El Presidente Alberto Fern\u00e1ndez celebr\u00f3 el avance de la relaci\u00f3n bilateral con Arabia Saudita. Adem\u00e1s, destac\u00f3 la posibilidad de un<\/p>\n","protected":false},"author":1,"featured_media":57458,"comment_status":"closed","ping_status":"closed","sticky":false,"template":"","format":"standard","meta":{"colormag_page_container_layout":"default_layout","colormag_page_sidebar_layout":"default_layout","footnotes":""},"categories":[6828,8],"tags":[3030,8093],"class_list":["post-57457","post","type-post","status-publish","format-standard","has-post-thumbnail","hentry","category-mas-destacadas","category-politica","tag-alberto-fernandez","tag-mohammed-bin-salman"],"_links":{"self":[{"href":"https:\/\/sectorprensa.com.ar\/index.php?rest_route=\/wp\/v2\/posts\/57457","targetHints":{"allow":["GET"]}}],"collection":[{"href":"https:\/\/sectorprensa.com.ar\/index.php?rest_route=\/wp\/v2\/posts"}],"about":[{"href":"https:\/\/sectorprensa.com.ar\/index.php?rest_route=\/wp\/v2\/types\/post"}],"author":[{"embeddable":true,"href":"https:\/\/sectorprensa.com.ar\/index.php?rest_route=\/wp\/v2\/users\/1"}],"replies":[{"embeddable":true,"href":"https:\/\/sectorprensa.com.ar\/index.php?rest_route=%2Fwp%2Fv2%2Fcomments&post=57457"}],"version-history":[{"count":1,"href":"https:\/\/sectorprensa.com.ar\/index.php?rest_route=\/wp\/v2\/posts\/57457\/revisions"}],"predecessor-version":[{"id":57459,"href":"https:\/\/sectorprensa.com.ar\/index.php?rest_route=\/wp\/v2\/posts\/57457\/revisions\/57459"}],"wp:featuredmedia":[{"embeddable":true,"href":"https:\/\/sectorprensa.com.ar\/index.php?rest_route=\/wp\/v2\/media\/57458"}],"wp:attachment":[{"href":"https:\/\/sectorprensa.com.ar\/index.php?rest_route=%2Fwp%2Fv2%2Fmedia&parent=57457"}],"wp:term":[{"taxonomy":"category","embeddable":true,"href":"https:\/\/sectorprensa.com.ar\/index.php?rest_route=%2Fwp%2Fv2%2Fcategories&post=57457"},{"taxonomy":"post_tag","embeddable":true,"href":"https:\/\/sectorprensa.com.ar\/index.php?rest_route=%2Fwp%2Fv2%2Ftags&post=57457"}],"curies":[{"name":"wp","href":"https:\/\/api.w.org\/{rel}","templated":true}]}}