{"id":57514,"date":"2023-09-12T18:00:31","date_gmt":"2023-09-12T21:00:31","guid":{"rendered":"https:\/\/sectorprensa.com.ar\/?p=57514"},"modified":"2023-09-12T18:00:32","modified_gmt":"2023-09-12T21:00:32","slug":"merlo-inauguraron-una-nueva-edicion-de-la-feria-del-libro","status":"publish","type":"post","link":"https:\/\/sectorprensa.com.ar\/?p=57514","title":{"rendered":"Merlo: inauguraron una nueva edici\u00f3n de la Feria del Libro"},"content":{"rendered":"\n<h6 class=\"wp-block-heading\"><strong>Ser\u00e1 la sexta edici\u00f3n de la feria, que ya cuenta con m\u00e1s de 250 expositores. Se desarrollar\u00e1 en El Tejadito (Parque Municipal N\u00e9stor Kirchner), con entrada libre y gratuita.<\/strong><\/h6>\n\n\n\n<p>Este martes comenz\u00f3 la sexta edici\u00f3n de la Feria del Libro en Merlo, la cual tendr\u00e1 propuestas como 5 salas con presentaciones de libros y destacadas personalidades de la cultura nacional. Se llevar\u00e1 a cabo hasta el 24 de septiembre. La apertura estuvo cargo de Gustavo Men\u00e9ndez, Intendente en uso de licencia y Presidente del Grupo Provincia; Florencia Saintout, Presidenta del Instituto Cultural; Alejandro Vaccaro, Presidente de la Fundaci\u00f3n El Libro; y funcionarios municipales.<\/p>\n\n\n\n<p>\u201cEsta sexta edici\u00f3n de la feria de Merlo nos llena de orgullo, porque es un lugar que consideramos de encuentro con la cultura, entre las escuelas y con los pensadores que tiene la argentina que van a pasar por las salas que de este enorme predio\u201d, expres\u00f3 Men\u00e9ndez.<\/p>\n\n\n\n<p>La incorporaci\u00f3n del Cheque Libro: \u00abLe permite a 40.000 ni\u00f1os y j\u00f3venes, tener la posibilidad de acceder a un libro con el financiamiento entre el municipio y la Fundaci\u00f3n del Libro\u00bb, destac\u00f3 el jefe comunal.<\/p>\n\n\n\n<p>Luego, Saintout remarc\u00f3: \u201cMerlo es un municipio que cree que la cultura no es un gasto, sino que es una inversi\u00f3n. Estas jornadas son espacios abiertos, gratuitos que adem\u00e1s permite profundizar en la lectura\u00bb.<\/p>\n\n\n\n<p>Por \u00faltimo, Vaccaro subray\u00f3: \u00abEs maravilloso realmente haber llegado ya a la sexta. Siempre decimos que los que creemos en las pol\u00edticas inclusivas, entendemos que esto es un real ejemplo de la inclusi\u00f3n\u201d.<\/p>\n\n\n\n<p>El cronograma en https:\/\/www.merlo.gob.ar\/feriadellibro\/<\/p>\n\n\n\n<figure class=\"wp-block-embed is-type-wp-embed is-provider-sector-prensa wp-block-embed-sector-prensa\"><div class=\"wp-block-embed__wrapper\">\n<blockquote class=\"wp-embedded-content\" data-secret=\"fpOOUK21ZV\"><a href=\"https:\/\/sectorprensa.com.ar\/2023\/09\/11\/merlo-inicio-el-encuentro-binacional-de-ceramica\/\">Merlo: inici\u00f3 el Encuentro Binacional de Cer\u00e1mica<\/a><\/blockquote><iframe loading=\"lazy\" class=\"wp-embedded-content\" sandbox=\"allow-scripts\" security=\"restricted\" style=\"position: absolute; clip: rect(1px, 1px, 1px, 1px);\" title=\"\u00abMerlo: inici\u00f3 el Encuentro Binacional de Cer\u00e1mica\u00bb \u2014 Sector Prensa\" src=\"https:\/\/sectorprensa.com.ar\/2023\/09\/11\/merlo-inicio-el-encuentro-binacional-de-ceramica\/embed\/#?secret=aryefSW4hG#?secret=fpOOUK21ZV\" data-secret=\"fpOOUK21ZV\" width=\"600\" height=\"338\" frameborder=\"0\" marginwidth=\"0\" marginheight=\"0\" scrolling=\"no\"><\/iframe>\n<\/div><\/figure>\n\r\n","protected":false},"excerpt":{"rendered":"<p>Ser\u00e1 la sexta edici\u00f3n de la feria, que ya cuenta con m\u00e1s de 250 expositores. Se desarrollar\u00e1 en El Tejadito<\/p>\n","protected":false},"author":1,"featured_media":57515,"comment_status":"closed","ping_status":"closed","sticky":false,"template":"","format":"standard","meta":{"colormag_page_container_layout":"default_layout","colormag_page_sidebar_layout":"default_layout","footnotes":""},"categories":[17,7,1173],"tags":[257,25],"class_list":["post-57514","post","type-post","status-publish","format-standard","has-post-thumbnail","hentry","category-destacadas","category-merlo","category-municipales","tag-feria-del-libro","tag-merlo"],"_links":{"self":[{"href":"https:\/\/sectorprensa.com.ar\/index.php?rest_route=\/wp\/v2\/posts\/57514","targetHints":{"allow":["GET"]}}],"collection":[{"href":"https:\/\/sectorprensa.com.ar\/index.php?rest_route=\/wp\/v2\/posts"}],"about":[{"href":"https:\/\/sectorprensa.com.ar\/index.php?rest_route=\/wp\/v2\/types\/post"}],"author":[{"embeddable":true,"href":"https:\/\/sectorprensa.com.ar\/index.php?rest_route=\/wp\/v2\/users\/1"}],"replies":[{"embeddable":true,"href":"https:\/\/sectorprensa.com.ar\/index.php?rest_route=%2Fwp%2Fv2%2Fcomments&post=57514"}],"version-history":[{"count":1,"href":"https:\/\/sectorprensa.com.ar\/index.php?rest_route=\/wp\/v2\/posts\/57514\/revisions"}],"predecessor-version":[{"id":57517,"href":"https:\/\/sectorprensa.com.ar\/index.php?rest_route=\/wp\/v2\/posts\/57514\/revisions\/57517"}],"wp:featuredmedia":[{"embeddable":true,"href":"https:\/\/sectorprensa.com.ar\/index.php?rest_route=\/wp\/v2\/media\/57515"}],"wp:attachment":[{"href":"https:\/\/sectorprensa.com.ar\/index.php?rest_route=%2Fwp%2Fv2%2Fmedia&parent=57514"}],"wp:term":[{"taxonomy":"category","embeddable":true,"href":"https:\/\/sectorprensa.com.ar\/index.php?rest_route=%2Fwp%2Fv2%2Fcategories&post=57514"},{"taxonomy":"post_tag","embeddable":true,"href":"https:\/\/sectorprensa.com.ar\/index.php?rest_route=%2Fwp%2Fv2%2Ftags&post=57514"}],"curies":[{"name":"wp","href":"https:\/\/api.w.org\/{rel}","templated":true}]}}