{"id":57544,"date":"2023-09-13T17:54:53","date_gmt":"2023-09-13T20:54:53","guid":{"rendered":"https:\/\/sectorprensa.com.ar\/?p=57544"},"modified":"2023-09-13T17:54:53","modified_gmt":"2023-09-13T20:54:53","slug":"katopodis-destaco-y-defendio-la-obra-publica","status":"publish","type":"post","link":"https:\/\/sectorprensa.com.ar\/?p=57544","title":{"rendered":"Katopodis destac\u00f3 y defendi\u00f3 la obra p\u00fablica"},"content":{"rendered":"\n<h6 class=\"wp-block-heading\"><strong>El Ministro de Obras P\u00fablicas estuvo en Mor\u00f3n, donde encabez\u00f3 una asamblea con los trabajadores encargados de la tarea de renovaci\u00f3n de la Avenida Gaona.<\/strong><\/h6>\n\n\n\n<p>Esta ma\u00f1ana Gabriel Katopodis, Ministro de Obras P\u00fablicas, visit\u00f3 el distrito de Mor\u00f3n y estuvo al frente de una asamblea de trabajadores que se encargan de la renovaci\u00f3n de la Avenida Gaona, en el marco del paro activo de obras p\u00fablicas que se realiz\u00f3 por la campa\u00f1a \u00abUna #ArgentinaesGrande con Obras P\u00fablicas\u00bb.<\/p>\n\n\n\n<p>Durante 30 minutos, todo el pa\u00eds llev\u00f3 a cabo una asamblea de concientizaci\u00f3n, donde participaron los funcionarios que forman parte del \u00e1rea liderada por Katopodis. En la misma, se habl\u00f3 de la importancia de las obras financiadas por el Estado.<\/p>\n\n\n\n<p>\u201cHoy arrancamos el paro activo en defensa de la Obra P\u00fablica, para cuidar el laburo de los 500 mil trabajadores y trabajadoras de la construcci\u00f3n. Esto est\u00e1 pasando ahora en provincias de todo el pa\u00eds para conversar sobre lo que est\u00e1 en riesgo si se para la Obra P\u00fablica\u00bb, expres\u00f3 Katopodis.<\/p>\n\n\n\n<p>\u201cNosotros estamos ejecutando un Plan de Desarrollo de Infraestructura con escuelas, universidades, rutas, acueductos y plantas de saneamiento en toda la Argentina. Mientras las grandes potencias del mundo llevan adelante los planes de de obras m\u00e1s importes de su historia, en nuestro pa\u00eds la oposici\u00f3n ya dijo que quiere detenerlas y privatizarlas\u00bb, agreg\u00f3.<\/p>\n\n\n\n<p>\u201cEn estas asambleas p\u00fablicas entre los trabajadores, las empresas y la gente hoy decidimos c\u00f3mo pa\u00eds que una Argentina Grande es con Obra P\u00fablica\u201d, concluy\u00f3.<\/p>\n\n\n\n<figure class=\"wp-block-embed is-type-wp-embed is-provider-sector-prensa wp-block-embed-sector-prensa\"><div class=\"wp-block-embed__wrapper\">\n<blockquote class=\"wp-embedded-content\" data-secret=\"JRG6T1yHTU\"><a href=\"https:\/\/sectorprensa.com.ar\/2023\/09\/12\/el-gobierno-acordo-con-los-trabajadores-estatales-un-aumento-acumulativo\/\">El gobierno acord\u00f3 con los trabajadores estatales un aumento acumulativo<\/a><\/blockquote><iframe loading=\"lazy\" class=\"wp-embedded-content\" sandbox=\"allow-scripts\" security=\"restricted\" style=\"position: absolute; clip: rect(1px, 1px, 1px, 1px);\" title=\"\u00abEl gobierno acord\u00f3 con los trabajadores estatales un aumento acumulativo\u00bb \u2014 Sector Prensa\" src=\"https:\/\/sectorprensa.com.ar\/2023\/09\/12\/el-gobierno-acordo-con-los-trabajadores-estatales-un-aumento-acumulativo\/embed\/#?secret=uSip4qMNe1#?secret=JRG6T1yHTU\" data-secret=\"JRG6T1yHTU\" width=\"600\" height=\"338\" frameborder=\"0\" marginwidth=\"0\" marginheight=\"0\" scrolling=\"no\"><\/iframe>\n<\/div><\/figure>\n\r\n","protected":false},"excerpt":{"rendered":"<p>El Ministro de Obras P\u00fablicas estuvo en Mor\u00f3n, donde encabez\u00f3 una asamblea con los trabajadores encargados de la tarea de<\/p>\n","protected":false},"author":1,"featured_media":57545,"comment_status":"closed","ping_status":"closed","sticky":false,"template":"","format":"standard","meta":{"colormag_page_container_layout":"default_layout","colormag_page_sidebar_layout":"default_layout","footnotes":""},"categories":[6828,5,8],"tags":[2795,2525],"class_list":["post-57544","post","type-post","status-publish","format-standard","has-post-thumbnail","hentry","category-mas-destacadas","category-moron","category-politica","tag-gabriel-katopodis","tag-moron-2"],"_links":{"self":[{"href":"https:\/\/sectorprensa.com.ar\/index.php?rest_route=\/wp\/v2\/posts\/57544","targetHints":{"allow":["GET"]}}],"collection":[{"href":"https:\/\/sectorprensa.com.ar\/index.php?rest_route=\/wp\/v2\/posts"}],"about":[{"href":"https:\/\/sectorprensa.com.ar\/index.php?rest_route=\/wp\/v2\/types\/post"}],"author":[{"embeddable":true,"href":"https:\/\/sectorprensa.com.ar\/index.php?rest_route=\/wp\/v2\/users\/1"}],"replies":[{"embeddable":true,"href":"https:\/\/sectorprensa.com.ar\/index.php?rest_route=%2Fwp%2Fv2%2Fcomments&post=57544"}],"version-history":[{"count":1,"href":"https:\/\/sectorprensa.com.ar\/index.php?rest_route=\/wp\/v2\/posts\/57544\/revisions"}],"predecessor-version":[{"id":57551,"href":"https:\/\/sectorprensa.com.ar\/index.php?rest_route=\/wp\/v2\/posts\/57544\/revisions\/57551"}],"wp:featuredmedia":[{"embeddable":true,"href":"https:\/\/sectorprensa.com.ar\/index.php?rest_route=\/wp\/v2\/media\/57545"}],"wp:attachment":[{"href":"https:\/\/sectorprensa.com.ar\/index.php?rest_route=%2Fwp%2Fv2%2Fmedia&parent=57544"}],"wp:term":[{"taxonomy":"category","embeddable":true,"href":"https:\/\/sectorprensa.com.ar\/index.php?rest_route=%2Fwp%2Fv2%2Fcategories&post=57544"},{"taxonomy":"post_tag","embeddable":true,"href":"https:\/\/sectorprensa.com.ar\/index.php?rest_route=%2Fwp%2Fv2%2Ftags&post=57544"}],"curies":[{"name":"wp","href":"https:\/\/api.w.org\/{rel}","templated":true}]}}