{"id":57552,"date":"2023-09-13T18:29:07","date_gmt":"2023-09-13T21:29:07","guid":{"rendered":"https:\/\/sectorprensa.com.ar\/?p=57552"},"modified":"2023-09-13T18:29:08","modified_gmt":"2023-09-13T21:29:08","slug":"merlo-se-inauguro-un-nuevo-centro-de-educacion-fisica","status":"publish","type":"post","link":"https:\/\/sectorprensa.com.ar\/?p=57552","title":{"rendered":"Merlo: se inaugur\u00f3 un nuevo Centro de Educaci\u00f3n F\u00edsica"},"content":{"rendered":"\n<h6 class=\"wp-block-heading\"><strong>Es el segundo que habr\u00e1 en el municipio, se ubicar\u00e1 en la escuela N\u00b0 196 de San Antonio de Padua, en el Barrio Policial. Gustavo Men\u00e9ndez, Intendente en uso de licencia, particip\u00f3 del acto de inauguraci\u00f3n.<\/strong><\/h6>\n\n\n\n<p>Merlo contar\u00e1 con un nuevo CEF (Centro de Educaci\u00f3n F\u00edsica), el mismo se encontrar\u00e1 en San Antonio de Padua. En el acto de inauguraci\u00f3n se hicieron presentes Gustavo Men\u00e9ndez, Intendente en uso de licencia y Presidente del Grupo Provincia; Karina Men\u00e9ndez, jefa comunal; Leonardo Troncoso, Director de Educaci\u00f3n F\u00edsica de la Provincia de Buenos Aires; Silvana Zahana, Secretaria de Educaci\u00f3n, Deportes y Recreaci\u00f3n; y Hugo Ros\u00e1, Jefe Distrital.<\/p>\n\n\n\n<p>Gustavo Men\u00e9ndez explic\u00f3 que el establecimiento funcionar\u00e1 tambi\u00e9n para dar contenci\u00f3n a los m\u00e1s chicos y mayores, adem\u00e1s de brindar ayuda a quienes buscan insertarse nuevamente en el \u00e1mbito escolar.<\/p>\n\n\n\n<p>Por su parte, Troncoso se refiri\u00f3 a la importancia del CEF e indic\u00f3: \u201cAbrir un centro de educaci\u00f3n f\u00edsica es poner de manifiesto un estado presente. Como instituci\u00f3n garantizamos la formaci\u00f3n corporal y motriz para todas y para todos los vecinos\u201d.<\/p>\n\n\n\n<p>Vale remarcar, este Centro de Educaci\u00f3n F\u00edsica ser\u00e1 el segundo en el distrito, se suma al ubicado en la localidad de Agust\u00edn Ferrari (CEF N\u00b096).<\/p>\n\n\n\n<figure class=\"wp-block-embed is-type-wp-embed is-provider-sector-prensa wp-block-embed-sector-prensa\"><div class=\"wp-block-embed__wrapper\">\n<blockquote class=\"wp-embedded-content\" data-secret=\"VxeRxLR7Iq\"><a href=\"https:\/\/sectorprensa.com.ar\/2023\/09\/12\/merlo-inauguraron-una-nueva-edicion-de-la-feria-del-libro\/\">Merlo: inauguraron una nueva edici\u00f3n de la Feria del Libro<\/a><\/blockquote><iframe loading=\"lazy\" class=\"wp-embedded-content\" sandbox=\"allow-scripts\" security=\"restricted\" style=\"position: absolute; clip: rect(1px, 1px, 1px, 1px);\" title=\"\u00abMerlo: inauguraron una nueva edici\u00f3n de la Feria del Libro\u00bb \u2014 Sector Prensa\" src=\"https:\/\/sectorprensa.com.ar\/2023\/09\/12\/merlo-inauguraron-una-nueva-edicion-de-la-feria-del-libro\/embed\/#?secret=MrfBqxDDyi#?secret=VxeRxLR7Iq\" data-secret=\"VxeRxLR7Iq\" width=\"600\" height=\"338\" frameborder=\"0\" marginwidth=\"0\" marginheight=\"0\" scrolling=\"no\"><\/iframe>\n<\/div><\/figure>\n\r\n","protected":false},"excerpt":{"rendered":"<p>Es el segundo que habr\u00e1 en el municipio, se ubicar\u00e1 en la escuela N\u00b0 196 de San Antonio de Padua,<\/p>\n","protected":false},"author":1,"featured_media":57553,"comment_status":"closed","ping_status":"closed","sticky":false,"template":"","format":"standard","meta":{"colormag_page_container_layout":"default_layout","colormag_page_sidebar_layout":"default_layout","footnotes":""},"categories":[17,7,1173],"tags":[8102,8103,2665,25],"class_list":["post-57552","post","type-post","status-publish","format-standard","has-post-thumbnail","hentry","category-destacadas","category-merlo","category-municipales","tag-centro-de-educacion-fisica","tag-escuela-n-196","tag-gustavo-menendez-2","tag-merlo"],"_links":{"self":[{"href":"https:\/\/sectorprensa.com.ar\/index.php?rest_route=\/wp\/v2\/posts\/57552","targetHints":{"allow":["GET"]}}],"collection":[{"href":"https:\/\/sectorprensa.com.ar\/index.php?rest_route=\/wp\/v2\/posts"}],"about":[{"href":"https:\/\/sectorprensa.com.ar\/index.php?rest_route=\/wp\/v2\/types\/post"}],"author":[{"embeddable":true,"href":"https:\/\/sectorprensa.com.ar\/index.php?rest_route=\/wp\/v2\/users\/1"}],"replies":[{"embeddable":true,"href":"https:\/\/sectorprensa.com.ar\/index.php?rest_route=%2Fwp%2Fv2%2Fcomments&post=57552"}],"version-history":[{"count":1,"href":"https:\/\/sectorprensa.com.ar\/index.php?rest_route=\/wp\/v2\/posts\/57552\/revisions"}],"predecessor-version":[{"id":57554,"href":"https:\/\/sectorprensa.com.ar\/index.php?rest_route=\/wp\/v2\/posts\/57552\/revisions\/57554"}],"wp:featuredmedia":[{"embeddable":true,"href":"https:\/\/sectorprensa.com.ar\/index.php?rest_route=\/wp\/v2\/media\/57553"}],"wp:attachment":[{"href":"https:\/\/sectorprensa.com.ar\/index.php?rest_route=%2Fwp%2Fv2%2Fmedia&parent=57552"}],"wp:term":[{"taxonomy":"category","embeddable":true,"href":"https:\/\/sectorprensa.com.ar\/index.php?rest_route=%2Fwp%2Fv2%2Fcategories&post=57552"},{"taxonomy":"post_tag","embeddable":true,"href":"https:\/\/sectorprensa.com.ar\/index.php?rest_route=%2Fwp%2Fv2%2Ftags&post=57552"}],"curies":[{"name":"wp","href":"https:\/\/api.w.org\/{rel}","templated":true}]}}