{"id":57966,"date":"2023-09-28T16:00:56","date_gmt":"2023-09-28T19:00:56","guid":{"rendered":"https:\/\/sectorprensa.com.ar\/?p=57966"},"modified":"2023-09-28T16:00:57","modified_gmt":"2023-09-28T19:00:57","slug":"merlo-muestra-artistica-para-concientizar-sobre-el-cancer-de-mama","status":"publish","type":"post","link":"https:\/\/sectorprensa.com.ar\/?p=57966","title":{"rendered":"Merlo: muestra art\u00edstica para concientizar sobre el c\u00e1ncer de mama"},"content":{"rendered":"\n<h6 class=\"wp-block-heading\"><strong>Se realiz\u00f3 en la Casa de la Cultura, encabezada por estudiantes de escuelas secundarias, y acompa\u00f1aron las autoridades municipales.<\/strong><\/h6>\n\n\n\n<p>Los alumnos de las escuelas secundarias de Merlo realizaron una exhibici\u00f3n de cuadros, en el marco de una jornada para concientizar sobre el c\u00e1ncer de mama. El evento tuvo shows de baile y canto, y dos orquestas infantiles en honor al trabajo de prevenci\u00f3n de la enfermedad.<\/p>\n\n\n\n<p>El Intendente Gustavo Men\u00e9ndez, uno de los presentes en la jornada, expres\u00f3: \u201cEl motivo principal de esta muestra es concientizar sobre esta enfermedad para que las mujeres y sus familias est\u00e9n al tanto, y se pueda prevenir\u201d.<\/p>\n\n\n\n<p>Con respecto a la conversaci\u00f3n que mantuvo con los padres de los estudiantes, destac\u00f3: \u00abMuchos de ellos comentaban que cuando eran chicos no ten\u00edan la posibilidad de conocer sobre esto, por eso la importancia de trabajar estas tem\u00e1ticas en la escuela y llegar a poder mostrarlo tambi\u00e9n\u201d.<\/p>\n\n\n\n<p>Por su parte, la profesora de Artes Visuales y organizadora del evento, Viviana M\u00e1rquez asegur\u00f3: \u00abDesde las escuelas estuvieron trabajando con distintas charlas y contando historias de vida. A ra\u00edz de esto, los alumnos representaron lo aprendido en obras de arte\u201d.<\/p>\n\n\n\n<p>Luego, remarc\u00f3 la importancia de conocer esta enfermedad, ya que \u00absi es tratada a tiempo, se pueden salvar vidas\u00bb, y que tambi\u00e9n \u00abpuede sucederle a los hombres\u00bb.<\/p>\n\n\n\n<figure class=\"wp-block-embed is-type-wp-embed is-provider-sector-prensa wp-block-embed-sector-prensa\"><div class=\"wp-block-embed__wrapper\">\n<blockquote class=\"wp-embedded-content\" data-secret=\"GiroplopQv\"><a href=\"https:\/\/sectorprensa.com.ar\/2023\/09\/27\/merlo-el-gobierno-local-firmo-un-nuevo-convenio-para-la-plaza-de-la-infancia\/\">Merlo: el gobierno local firm\u00f3 un nuevo convenio para la \u00abPlaza de la Infancia\u00bb<\/a><\/blockquote><iframe loading=\"lazy\" class=\"wp-embedded-content\" sandbox=\"allow-scripts\" security=\"restricted\" style=\"position: absolute; clip: rect(1px, 1px, 1px, 1px);\" title=\"\u00abMerlo: el gobierno local firm\u00f3 un nuevo convenio para la \u00abPlaza de la Infancia\u00bb\u00bb \u2014 Sector Prensa\" src=\"https:\/\/sectorprensa.com.ar\/2023\/09\/27\/merlo-el-gobierno-local-firmo-un-nuevo-convenio-para-la-plaza-de-la-infancia\/embed\/#?secret=DErYGgTvR5#?secret=GiroplopQv\" data-secret=\"GiroplopQv\" width=\"600\" height=\"338\" frameborder=\"0\" marginwidth=\"0\" marginheight=\"0\" scrolling=\"no\"><\/iframe>\n<\/div><\/figure>\n\r\n","protected":false},"excerpt":{"rendered":"<p>Se realiz\u00f3 en la Casa de la Cultura, encabezada por estudiantes de escuelas secundarias, y acompa\u00f1aron las autoridades municipales. Los<\/p>\n","protected":false},"author":1,"featured_media":57968,"comment_status":"closed","ping_status":"closed","sticky":false,"template":"","format":"standard","meta":{"colormag_page_container_layout":"default_layout","colormag_page_sidebar_layout":"default_layout","footnotes":""},"categories":[17,7,1173],"tags":[3675,7412,25],"class_list":["post-57966","post","type-post","status-publish","format-standard","has-post-thumbnail","hentry","category-destacadas","category-merlo","category-municipales","tag-cancer-de-mama","tag-casa-de-la-cultura","tag-merlo"],"_links":{"self":[{"href":"https:\/\/sectorprensa.com.ar\/index.php?rest_route=\/wp\/v2\/posts\/57966","targetHints":{"allow":["GET"]}}],"collection":[{"href":"https:\/\/sectorprensa.com.ar\/index.php?rest_route=\/wp\/v2\/posts"}],"about":[{"href":"https:\/\/sectorprensa.com.ar\/index.php?rest_route=\/wp\/v2\/types\/post"}],"author":[{"embeddable":true,"href":"https:\/\/sectorprensa.com.ar\/index.php?rest_route=\/wp\/v2\/users\/1"}],"replies":[{"embeddable":true,"href":"https:\/\/sectorprensa.com.ar\/index.php?rest_route=%2Fwp%2Fv2%2Fcomments&post=57966"}],"version-history":[{"count":1,"href":"https:\/\/sectorprensa.com.ar\/index.php?rest_route=\/wp\/v2\/posts\/57966\/revisions"}],"predecessor-version":[{"id":57970,"href":"https:\/\/sectorprensa.com.ar\/index.php?rest_route=\/wp\/v2\/posts\/57966\/revisions\/57970"}],"wp:featuredmedia":[{"embeddable":true,"href":"https:\/\/sectorprensa.com.ar\/index.php?rest_route=\/wp\/v2\/media\/57968"}],"wp:attachment":[{"href":"https:\/\/sectorprensa.com.ar\/index.php?rest_route=%2Fwp%2Fv2%2Fmedia&parent=57966"}],"wp:term":[{"taxonomy":"category","embeddable":true,"href":"https:\/\/sectorprensa.com.ar\/index.php?rest_route=%2Fwp%2Fv2%2Fcategories&post=57966"},{"taxonomy":"post_tag","embeddable":true,"href":"https:\/\/sectorprensa.com.ar\/index.php?rest_route=%2Fwp%2Fv2%2Ftags&post=57966"}],"curies":[{"name":"wp","href":"https:\/\/api.w.org\/{rel}","templated":true}]}}