{"id":58297,"date":"2023-10-13T12:27:36","date_gmt":"2023-10-13T15:27:36","guid":{"rendered":"https:\/\/sectorprensa.com.ar\/?p=58297"},"modified":"2023-10-13T19:59:06","modified_gmt":"2023-10-13T22:59:06","slug":"video-zabaleta-sobre-el-escandalo-de-insaurralde-es-un-horror","status":"publish","type":"post","link":"https:\/\/sectorprensa.com.ar\/?p=58297","title":{"rendered":"[Video] Zabaleta sobre el esc\u00e1ndalo de Insaurralde: \u201cEs un horror\u201d"},"content":{"rendered":"\n<h6 class=\"wp-block-heading\"><strong>El intendente de Hurlingham habl\u00f3 en un medio televisivo y dijo, con respecto al viaje del exjefe de Gabinete de Kicillof, que \u201clos argentinos no se merecen lo que vieron\u201d. Lo que har\u00e1 despu\u00e9s del 10 de diciembre.<\/strong><\/h6>\n\n\n\n<p>El intendente de Hurlingham, Juan Zabaleta, habl\u00f3 este jueves por el canal Am\u00e9rica 24 sobre su futuro, teniendo en cuenta que perdi\u00f3 la primaria de Uni\u00f3n por la Patria ante Dami\u00e1n Selci.<\/p>\n\n\n\n<p>En este sentido, expres\u00f3 que \u201cel 10 de diciembre, a 10 cuadras de mi casa, vamos a poner un tallercito de alineaci\u00f3n y balanceo y mec\u00e1nica ligera, que es mi vida. Yo soy t\u00e9cnico mec\u00e1nico y vengo de los fierros tambi\u00e9n. Yo me voy a ir a laburar el 10 de diciembre. Por supuesto, voy a seguir militando en el peronismo y voy a seguir cuidando Hurlingham toda la vida\u201d.<\/p>\n\n\n\n<figure class=\"wp-block-embed is-type-video is-provider-youtube wp-block-embed-youtube wp-embed-aspect-16-9 wp-has-aspect-ratio\"><div class=\"wp-block-embed__wrapper\">\n<iframe loading=\"lazy\" title=\"\ud83d\udce2 Juan Zabaleta: &quot;Basta de romper cosas en Argentina&quot;\" width=\"800\" height=\"450\" src=\"https:\/\/www.youtube.com\/embed\/KdPu-yFZgkQ?feature=oembed\" frameborder=\"0\" allow=\"accelerometer; autoplay; clipboard-write; encrypted-media; gyroscope; picture-in-picture; web-share\" allowfullscreen><\/iframe>\n<\/div><\/figure>\n\n\n\n<p>Y agreg\u00f3: \u201cYo vivo en una casa com\u00fan. Vos, para llegar a mi casa, no hay nadie en la puerta ni te piden el documento del auto ni el seguro, ni ten\u00e9s que hacer 10 kil\u00f3metros para adentro\u201d.<\/p>\n\n\n\n<p>Luego, el periodista Esteban Trebucq, de manera ir\u00f3nica, le pregunt\u00f3 si ten\u00eda yate, dando lugar al esc\u00e1ndalo del exjefe de Gabinete de Axel Kicillof, Mart\u00edn Insaurralde. As\u00ed, Zabaleta respondi\u00f3: \u201cEso es una verg\u00fcenza. Lo que vimos no es un error, es un horror\u201d.<\/p>\n\n\n\n<p>\u201cLos argentinos, los militantes y los vecinos no se merecen lo que vieron. Hay que ser muy claritos: fue un horror, fue mal\u00edsimo. No se merecen los argentinos y los jubilados, que la est\u00e1n pasando muy mal, eso que vieron\u201d, finaliz\u00f3 el intendente de Hurlingham.<\/p>\n\n\n\n<figure class=\"wp-block-embed is-type-wp-embed is-provider-sector-prensa wp-block-embed-sector-prensa\"><div class=\"wp-block-embed__wrapper\">\n<blockquote class=\"wp-embedded-content\" data-secret=\"rtyCvGpQvK\"><a href=\"https:\/\/sectorprensa.com.ar\/2023\/10\/13\/alberto-descalzo-hemos-cumplido-con-lo-que-nos-comprometimos\/\">Alberto Descalzo: \u201cHemos cumplido con lo que nos comprometimos\u201d<\/a><\/blockquote><iframe loading=\"lazy\" class=\"wp-embedded-content\" sandbox=\"allow-scripts\" security=\"restricted\" style=\"position: absolute; clip: rect(1px, 1px, 1px, 1px);\" title=\"\u00abAlberto Descalzo: \u201cHemos cumplido con lo que nos comprometimos\u201d\u00bb \u2014 Sector Prensa\" src=\"https:\/\/sectorprensa.com.ar\/2023\/10\/13\/alberto-descalzo-hemos-cumplido-con-lo-que-nos-comprometimos\/embed\/#?secret=tlBTZyfaAc#?secret=rtyCvGpQvK\" data-secret=\"rtyCvGpQvK\" width=\"600\" height=\"338\" frameborder=\"0\" marginwidth=\"0\" marginheight=\"0\" scrolling=\"no\"><\/iframe>\n<\/div><\/figure>\n","protected":false},"excerpt":{"rendered":"<p>El intendente de Hurlingham habl\u00f3 en un medio televisivo y dijo, con respecto al viaje del exjefe de Gabinete de<\/p>\n","protected":false},"author":6,"featured_media":55623,"comment_status":"closed","ping_status":"closed","sticky":false,"template":"","format":"standard","meta":{"colormag_page_container_layout":"default_layout","colormag_page_sidebar_layout":"default_layout","footnotes":""},"categories":[17,6,8],"tags":[327,7117,45,7105,7831],"class_list":["post-58297","post","type-post","status-publish","format-standard","has-post-thumbnail","hentry","category-destacadas","category-hurlingham","category-politica","tag-elecciones","tag-elecciones-2023","tag-juan-zabaleta","tag-martin-insaurralde-2","tag-union-por-la-patria"],"_links":{"self":[{"href":"https:\/\/sectorprensa.com.ar\/index.php?rest_route=\/wp\/v2\/posts\/58297","targetHints":{"allow":["GET"]}}],"collection":[{"href":"https:\/\/sectorprensa.com.ar\/index.php?rest_route=\/wp\/v2\/posts"}],"about":[{"href":"https:\/\/sectorprensa.com.ar\/index.php?rest_route=\/wp\/v2\/types\/post"}],"author":[{"embeddable":true,"href":"https:\/\/sectorprensa.com.ar\/index.php?rest_route=\/wp\/v2\/users\/6"}],"replies":[{"embeddable":true,"href":"https:\/\/sectorprensa.com.ar\/index.php?rest_route=%2Fwp%2Fv2%2Fcomments&post=58297"}],"version-history":[{"count":1,"href":"https:\/\/sectorprensa.com.ar\/index.php?rest_route=\/wp\/v2\/posts\/58297\/revisions"}],"predecessor-version":[{"id":58298,"href":"https:\/\/sectorprensa.com.ar\/index.php?rest_route=\/wp\/v2\/posts\/58297\/revisions\/58298"}],"wp:featuredmedia":[{"embeddable":true,"href":"https:\/\/sectorprensa.com.ar\/index.php?rest_route=\/wp\/v2\/media\/55623"}],"wp:attachment":[{"href":"https:\/\/sectorprensa.com.ar\/index.php?rest_route=%2Fwp%2Fv2%2Fmedia&parent=58297"}],"wp:term":[{"taxonomy":"category","embeddable":true,"href":"https:\/\/sectorprensa.com.ar\/index.php?rest_route=%2Fwp%2Fv2%2Fcategories&post=58297"},{"taxonomy":"post_tag","embeddable":true,"href":"https:\/\/sectorprensa.com.ar\/index.php?rest_route=%2Fwp%2Fv2%2Ftags&post=58297"}],"curies":[{"name":"wp","href":"https:\/\/api.w.org\/{rel}","templated":true}]}}