{"id":58418,"date":"2023-10-19T00:13:28","date_gmt":"2023-10-19T03:13:28","guid":{"rendered":"https:\/\/sectorprensa.com.ar\/?p=58418"},"modified":"2023-10-19T00:13:29","modified_gmt":"2023-10-19T03:13:29","slug":"la-escuela-municipal-de-danzas-de-moron-abrio-la-inscripcion-para-el-ciclo-lectivo-2024","status":"publish","type":"post","link":"https:\/\/sectorprensa.com.ar\/?p=58418","title":{"rendered":"La Escuela Municipal de Danzas de Mor\u00f3n abri\u00f3 la inscripci\u00f3n para el ciclo lectivo 2024"},"content":{"rendered":"\n<h6 class=\"wp-block-heading\"><strong>En una primera etapa podr\u00e1n anotarse las y los residentes del distrito. Las personas que no vivan en Mor\u00f3n podr\u00e1n inscribirse a partir del pr\u00f3ximo lunes 23 de octubre. La escuela ofrece la posibilidad de aprender danzas cl\u00e1sicas, folclore y tango.<\/strong><\/h6>\n\n\n\n<p id=\"b09f\">El Municipio de Mor\u00f3n abri\u00f3 la inscripci\u00f3n para los cursos del ciclo lectivo 2024 que se dictan en la Escuela Municipal de Danzas Jos\u00e9 Neglia. En esta primera etapa, que comienza el 17 de octubre, solo podr\u00e1n inscribirse los vecinos y vecinas de la comuna. Mientras que las personas de otros distritos podr\u00e1n anotarse a partir del pr\u00f3ximo 23 de octubre. En ambos casos, las inscripciones estar\u00e1n abiertas hasta agotar las vacantes disponibles.<\/p>\n\n\n\n<p id=\"7d2a\">Los cursos disponibles son tango y folklore (para ni\u00f1os y adultos), taller de iniciaci\u00f3n al movimiento (para ni\u00f1os y adultos), profesorado en danza cl\u00e1sica y folkl\u00f3rica y diplomatura en tango.<\/p>\n\n\n\n<figure class=\"wp-block-embed is-type-rich is-provider-twitter wp-block-embed-twitter\"><div class=\"wp-block-embed__wrapper\">\n<blockquote class=\"twitter-tweet\" data-width=\"550\" data-dnt=\"true\"><p lang=\"es\" dir=\"ltr\">Para personas de otros distritos, la inscripci\u00f3n abre el pr\u00f3ximo lunes 23 de octubre.<br><br>\ud83d\udd1d La Escuela de Danzas Jos\u00e9 Neglia es la \u00fanica instituci\u00f3n p\u00fablica gratuita municipal de danza cl\u00e1sica, folkl\u00f3rica y tango en todo el conurbano bonaerense.<\/p>&mdash; Municipio de Mor\u00f3n (@MunicipioMoron) <a href=\"https:\/\/twitter.com\/MunicipioMoron\/status\/1714297841139494957?ref_src=twsrc%5Etfw\">October 17, 2023<\/a><\/blockquote><script async src=\"https:\/\/platform.twitter.com\/widgets.js\" charset=\"utf-8\"><\/script>\n<\/div><\/figure>\n\n\n\n<p id=\"d079\">Las inscripciones son de forma presencial en Maestra Cueto 765, de lunes a viernes de 9 a 11:30 y 15 a 17:30 y los s\u00e1bados de 9 a 12:30 y de 14 a 17hs.<\/p>\n\n\n\n<p id=\"cd40\">La Escuela de Danzas Jos\u00e9 Neglia es la \u00fanica instituci\u00f3n p\u00fablica gratuita municipal de danza cl\u00e1sica, folkl\u00f3rica y tango en todo el conurbano bonaerense. Desde su creaci\u00f3n, tiene como objetivo acompa\u00f1ar a ni\u00f1os y adultos en su incursi\u00f3n al mundo de la danza y la formaci\u00f3n docente en el \u00e1rea de educaci\u00f3n art\u00edstica.<\/p>\n\n\n\n<p id=\"e534\">Para consultar los requisitos y detalles de cada curso&nbsp;<a rel=\"noreferrer noopener\" href=\"https:\/\/apps.moron.gob.ar\/inscripciones\/index_escuela_danza.php\" target=\"_blank\">se pude ingresar al siguiente link<\/a>.<\/p>\n\n\n\n<figure class=\"wp-block-embed is-type-wp-embed is-provider-sector-prensa wp-block-embed-sector-prensa\"><div class=\"wp-block-embed__wrapper\">\n<blockquote class=\"wp-embedded-content\" data-secret=\"TN4D5QMTpK\"><a href=\"https:\/\/sectorprensa.com.ar\/2023\/10\/18\/lucas-ghi-queremos-construir-un-moron-con-futuro\/\">Lucas Ghi: \u201cQueremos construir un Mor\u00f3n con futuro\u201d<\/a><\/blockquote><iframe loading=\"lazy\" class=\"wp-embedded-content\" sandbox=\"allow-scripts\" security=\"restricted\" style=\"position: absolute; clip: rect(1px, 1px, 1px, 1px);\" title=\"\u00abLucas Ghi: \u201cQueremos construir un Mor\u00f3n con futuro\u201d\u00bb \u2014 Sector Prensa\" src=\"https:\/\/sectorprensa.com.ar\/2023\/10\/18\/lucas-ghi-queremos-construir-un-moron-con-futuro\/embed\/#?secret=dJDfJPp9Fd#?secret=TN4D5QMTpK\" data-secret=\"TN4D5QMTpK\" width=\"600\" height=\"338\" frameborder=\"0\" marginwidth=\"0\" marginheight=\"0\" scrolling=\"no\"><\/iframe>\n<\/div><\/figure>\n","protected":false},"excerpt":{"rendered":"<p>En una primera etapa podr\u00e1n anotarse las y los residentes del distrito. Las personas que no vivan en Mor\u00f3n podr\u00e1n<\/p>\n","protected":false},"author":6,"featured_media":58419,"comment_status":"closed","ping_status":"closed","sticky":false,"template":"","format":"standard","meta":{"colormag_page_container_layout":"default_layout","colormag_page_sidebar_layout":"default_layout","footnotes":""},"categories":[17,5,1173,10],"tags":[1538,725,1984,4190],"class_list":["post-58418","post","type-post","status-publish","format-standard","has-post-thumbnail","hentry","category-destacadas","category-moron","category-municipales","category-sociedad","tag-danza","tag-danzas","tag-escuela-de-danzas-jose-neglia","tag-inscripcion"],"_links":{"self":[{"href":"https:\/\/sectorprensa.com.ar\/index.php?rest_route=\/wp\/v2\/posts\/58418","targetHints":{"allow":["GET"]}}],"collection":[{"href":"https:\/\/sectorprensa.com.ar\/index.php?rest_route=\/wp\/v2\/posts"}],"about":[{"href":"https:\/\/sectorprensa.com.ar\/index.php?rest_route=\/wp\/v2\/types\/post"}],"author":[{"embeddable":true,"href":"https:\/\/sectorprensa.com.ar\/index.php?rest_route=\/wp\/v2\/users\/6"}],"replies":[{"embeddable":true,"href":"https:\/\/sectorprensa.com.ar\/index.php?rest_route=%2Fwp%2Fv2%2Fcomments&post=58418"}],"version-history":[{"count":2,"href":"https:\/\/sectorprensa.com.ar\/index.php?rest_route=\/wp\/v2\/posts\/58418\/revisions"}],"predecessor-version":[{"id":58445,"href":"https:\/\/sectorprensa.com.ar\/index.php?rest_route=\/wp\/v2\/posts\/58418\/revisions\/58445"}],"wp:featuredmedia":[{"embeddable":true,"href":"https:\/\/sectorprensa.com.ar\/index.php?rest_route=\/wp\/v2\/media\/58419"}],"wp:attachment":[{"href":"https:\/\/sectorprensa.com.ar\/index.php?rest_route=%2Fwp%2Fv2%2Fmedia&parent=58418"}],"wp:term":[{"taxonomy":"category","embeddable":true,"href":"https:\/\/sectorprensa.com.ar\/index.php?rest_route=%2Fwp%2Fv2%2Fcategories&post=58418"},{"taxonomy":"post_tag","embeddable":true,"href":"https:\/\/sectorprensa.com.ar\/index.php?rest_route=%2Fwp%2Fv2%2Ftags&post=58418"}],"curies":[{"name":"wp","href":"https:\/\/api.w.org\/{rel}","templated":true}]}}