{"id":58421,"date":"2023-10-19T00:13:13","date_gmt":"2023-10-19T03:13:13","guid":{"rendered":"https:\/\/sectorprensa.com.ar\/?p=58421"},"modified":"2023-10-19T00:13:14","modified_gmt":"2023-10-19T03:13:14","slug":"canasta-basica-una-familia-necesita-mas-de-319-mil-por-mes-para-no-ser-pobre","status":"publish","type":"post","link":"https:\/\/sectorprensa.com.ar\/?p=58421","title":{"rendered":"Canasta b\u00e1sica: una familia necesita m\u00e1s de $ 319 mil por mes\u00a0para no ser pobre"},"content":{"rendered":"\n<h6 class=\"wp-block-heading\"><strong>Subi\u00f3 12,2% en septiembre. Adem\u00e1s, familia necesit\u00f3 de $147.881 para no caer en la indigencia. Los detalles del \u00faltimo informe de INDEC.<\/strong><\/h6>\n\n\n\n<p>El costo de la canasta b\u00e1sica alimentaria (CBA) subi\u00f3 13,2% en septiembre, por lo que un grupo familiar compuesto por dos adultos y dos menores necesit\u00f3 percibir ingresos por $147.881 para no caer en la indigencia, inform\u00f3 este mi\u00e9rcoles el Instituto Nacional de Estad\u00edstica y Censos (Indec).<\/p>\n\n\n\n<p>Por su parte, el costo de la canasta b\u00e1sica total (CBT), que adem\u00e1s de alimentos mide precio de la indumentaria, transporte y servicios, marc\u00f3 un incremento de 12,2% en septiembre, por lo que el mismo grupo familiar necesit\u00f3 contar con ingresos por $319.422 para no caer debajo de la l\u00ednea de la pobreza.<\/p>\n\n\n\n<p>De esta forma, en los primeros nueve meses del a\u00f1o la canasta b\u00e1sica alimentaria acumul\u00f3 un aumento 120,1%, mientras que la canasta b\u00e1sica total subi\u00f3 109,4%, frente a una la inflaci\u00f3n general de 103,2% en el mismo per\u00edodo.<\/p>\n\n\n\n<p>En tanto, en los \u00faltimos doce meses, el costo de la CBA se ubic\u00f3 en 160,7% y la CBT 149,1%, en tanto que en similar lapso la inflaci\u00f3n fue de 138,3%.<\/p>\n\n\n\n<p>As\u00ed, la canasta b\u00e1sica total- que incluye la Canasta B\u00e1sica de Alimentos (CBA) m\u00e1s bienes y servicios no alimentarios como vestimenta, transporte, educaci\u00f3n, salud, entre otros sin contar el alquiler &#8211; subi\u00f3 12,2% en septiembre y se ubic\u00f3 en $319.422 para una familia tipo de cuatro integrantes (dos adultos y dos menores).<\/p>\n\n\n\n<p>En el caso de tres integrantes estos valores se ubicaron en los $254.297 y si fuesen cinco integrantes, $335.962. Estas mediciones se incrementaron un 149,1% de forma anual. El CBA \u00edndice mide el umbral de la pobreza, por lo tanto, un adulto necesit\u00f3 en septiembre $103.373 para no ser considerado pobre.<\/p>\n\n\n\n<p>Por su parte, la Canasta B\u00e1sica Alimentaria (CBA), que determina el umbral de la indigencia, se increment\u00f3 13,2%, por encima de la CBA. Un adulto necesito al menos $47.858 en septiembre para no ser indigente. En el caso de una familia tipo (cuatro integrantes) la cifra fue de $147.881. En el caso de tres miembros ($117.730) y cinco, $155.538.<\/p>\n\n\n\n<figure class=\"wp-block-embed is-type-wp-embed is-provider-sector-prensa wp-block-embed-sector-prensa\"><div class=\"wp-block-embed__wrapper\">\n<blockquote class=\"wp-embedded-content\" data-secret=\"ZwLmyph8YG\"><a href=\"https:\/\/sectorprensa.com.ar\/2023\/10\/18\/jorge-donofrio-sabemos-que-el-999-no-se-va-a-inscribir-a-la-renuncia-del-subsidio\/\">Jorge D&#8217;Onofrio: \u201cSabemos que el 99,9% no se va a inscribir a la renuncia del subsidio\u201d<\/a><\/blockquote><iframe loading=\"lazy\" class=\"wp-embedded-content\" sandbox=\"allow-scripts\" security=\"restricted\" style=\"position: absolute; clip: rect(1px, 1px, 1px, 1px);\" title=\"\u00abJorge D&#8217;Onofrio: \u201cSabemos que el 99,9% no se va a inscribir a la renuncia del subsidio\u201d\u00bb \u2014 Sector Prensa\" src=\"https:\/\/sectorprensa.com.ar\/2023\/10\/18\/jorge-donofrio-sabemos-que-el-999-no-se-va-a-inscribir-a-la-renuncia-del-subsidio\/embed\/#?secret=RXVWOqGpQK#?secret=ZwLmyph8YG\" data-secret=\"ZwLmyph8YG\" width=\"600\" height=\"338\" frameborder=\"0\" marginwidth=\"0\" marginheight=\"0\" scrolling=\"no\"><\/iframe>\n<\/div><\/figure>\n","protected":false},"excerpt":{"rendered":"<p>Subi\u00f3 12,2% en septiembre. Adem\u00e1s, familia necesit\u00f3 de $147.881 para no caer en la indigencia. Los detalles del \u00faltimo informe<\/p>\n","protected":false},"author":6,"featured_media":55298,"comment_status":"closed","ping_status":"closed","sticky":false,"template":"","format":"standard","meta":{"colormag_page_container_layout":"default_layout","colormag_page_sidebar_layout":"default_layout","footnotes":""},"categories":[17,18,10],"tags":[3231,5564,3625],"class_list":["post-58421","post","type-post","status-publish","format-standard","has-post-thumbnail","hentry","category-destacadas","category-provincia","category-sociedad","tag-canasta-basica","tag-economia","tag-indec"],"_links":{"self":[{"href":"https:\/\/sectorprensa.com.ar\/index.php?rest_route=\/wp\/v2\/posts\/58421","targetHints":{"allow":["GET"]}}],"collection":[{"href":"https:\/\/sectorprensa.com.ar\/index.php?rest_route=\/wp\/v2\/posts"}],"about":[{"href":"https:\/\/sectorprensa.com.ar\/index.php?rest_route=\/wp\/v2\/types\/post"}],"author":[{"embeddable":true,"href":"https:\/\/sectorprensa.com.ar\/index.php?rest_route=\/wp\/v2\/users\/6"}],"replies":[{"embeddable":true,"href":"https:\/\/sectorprensa.com.ar\/index.php?rest_route=%2Fwp%2Fv2%2Fcomments&post=58421"}],"version-history":[{"count":1,"href":"https:\/\/sectorprensa.com.ar\/index.php?rest_route=\/wp\/v2\/posts\/58421\/revisions"}],"predecessor-version":[{"id":58422,"href":"https:\/\/sectorprensa.com.ar\/index.php?rest_route=\/wp\/v2\/posts\/58421\/revisions\/58422"}],"wp:featuredmedia":[{"embeddable":true,"href":"https:\/\/sectorprensa.com.ar\/index.php?rest_route=\/wp\/v2\/media\/55298"}],"wp:attachment":[{"href":"https:\/\/sectorprensa.com.ar\/index.php?rest_route=%2Fwp%2Fv2%2Fmedia&parent=58421"}],"wp:term":[{"taxonomy":"category","embeddable":true,"href":"https:\/\/sectorprensa.com.ar\/index.php?rest_route=%2Fwp%2Fv2%2Fcategories&post=58421"},{"taxonomy":"post_tag","embeddable":true,"href":"https:\/\/sectorprensa.com.ar\/index.php?rest_route=%2Fwp%2Fv2%2Ftags&post=58421"}],"curies":[{"name":"wp","href":"https:\/\/api.w.org\/{rel}","templated":true}]}}