{"id":58436,"date":"2023-10-19T00:12:45","date_gmt":"2023-10-19T03:12:45","guid":{"rendered":"https:\/\/sectorprensa.com.ar\/?p=58436"},"modified":"2023-10-19T00:12:46","modified_gmt":"2023-10-19T03:12:46","slug":"emilio-persico-que-hoy-haya-un-50-de-pobres-es-culpa-de-las-malas-politicas-que-se-vienen-haciendo","status":"publish","type":"post","link":"https:\/\/sectorprensa.com.ar\/?p=58436","title":{"rendered":"Emilio P\u00e9rsico: \u201cQue hoy haya un 50% de pobres es culpa de las malas pol\u00edticas que se vienen haciendo\u201d"},"content":{"rendered":"\n<h6 class=\"wp-block-heading\"><strong>El Dirigente del Movimiento Evita se refiri\u00f3 a la pobreza en nuestro pa\u00eds, aunque aclar\u00f3 que Milei y Bullrich \u201csignifican volver para atr\u00e1s\u201d. Lo que se juega en las elecciones.<\/strong><\/h6>\n\n\n\n<p>El dirigente del Movimiento Evita y secretario de Econom\u00eda Social, Emilio P\u00e9rsico, habl\u00f3 en un medio radial sobre la realidad del sector previo a las elecciones y en qui\u00e9n hay que confiar para que sea el pr\u00f3ximo presidente del pa\u00eds.<\/p>\n\n\n\n<p>En este sentido, consider\u00f3 que \u201cLa situaci\u00f3n es muy dif\u00edcil, venimos de una crisis larga, no hay ninguna duda de que Massa es el candidato que nos puede sacar de esta situaci\u00f3n. Francisco dijo que cuando \u00e9l estudiaba hab\u00eda un 5% de pobres y ahora est\u00e1 en un 50%, es culpa de las malas pol\u00edticas\u201d.<\/p>\n\n\n\n<p>Y agreg\u00f3 que \u201clos otros dos candidatos significan volver para atr\u00e1s significativamente, lo que hay que construir es un modelo de crecimiento, construir un proceso econ\u00f3mico sacando las bases de este capitalismo\u201d.<\/p>\n\n\n\n<figure class=\"wp-block-embed is-type-wp-embed is-provider-omny-studio wp-block-embed-omny-studio\"><div class=\"wp-block-embed__wrapper\">\n<iframe loading=\"lazy\" class=\"wp-embedded-content\" sandbox=\"allow-scripts\" security=\"restricted\" title=\"Entrevista a Emilio P\u00e9rsico\" src=\"https:\/\/omny.fm\/shows\/el-d-a-menos-pensado\/entrevista-a-emilio-p-rsico\/embed#?secret=lXNl03rM2f\" data-secret=\"lXNl03rM2f\" width=\"100%\" height=\"180\" frameborder=\"0\"><\/iframe>\n<\/div><\/figure>\n\n\n\n<p>\u201cBuenos Aires tiene PBI de primer mundo y el de las provincias del norte est\u00e1n al n\u00famero de un pa\u00eds de \u00e1frica. Todo lo de Milei es del siglo pasado, empez\u00f3 como una cosa risue\u00f1a en programas de panelistas y termin\u00f3 siendo candidato a presidente, es un castigo a la pol\u00edtica\u201d, continu\u00f3 P\u00e9rsico en di\u00e1logo con Splendid AM 990.<\/p>\n\n\n\n<p>\u201cUno ve en La Matanza la diferencia de los tres sectores, el fondo, el centro y lo que est\u00e1 cerca de la General Paz, en todos hay un voto parejo de Milei, en los sectores m\u00e1s humildes se ve el voto de los pibes\u201d, sostuvo.<\/p>\n\n\n\n<p>Y finaliz\u00f3 apoyando a Massa: \u201cFrenar la reincidencia es la mejor pol\u00edtica de estado que pod\u00e9s hacer, debemos trabajar sobre esos pibes de la esquina, ayudarlos. Massa dar\u00e1 una ayuda econ\u00f3mica ante las medidas inflacionarias del fondo, ya los conocemos\u201d.<\/p>\n\n\n\n<figure class=\"wp-block-embed is-type-wp-embed is-provider-sector-prensa wp-block-embed-sector-prensa\"><div class=\"wp-block-embed__wrapper\">\n<blockquote class=\"wp-embedded-content\" data-secret=\"fNQnFfYQ5I\"><a href=\"https:\/\/sectorprensa.com.ar\/2023\/10\/18\/milei-propuso-la-privatizacion-del-servicio-de-trenes\/\">Milei propuso la privatizaci\u00f3n del servicio de trenes<\/a><\/blockquote><iframe loading=\"lazy\" class=\"wp-embedded-content\" sandbox=\"allow-scripts\" security=\"restricted\" style=\"position: absolute; clip: rect(1px, 1px, 1px, 1px);\" title=\"\u00abMilei propuso la privatizaci\u00f3n del servicio de trenes\u00bb \u2014 Sector Prensa\" src=\"https:\/\/sectorprensa.com.ar\/2023\/10\/18\/milei-propuso-la-privatizacion-del-servicio-de-trenes\/embed\/#?secret=V5j7uS2Ssi#?secret=fNQnFfYQ5I\" data-secret=\"fNQnFfYQ5I\" width=\"600\" height=\"338\" frameborder=\"0\" marginwidth=\"0\" marginheight=\"0\" scrolling=\"no\"><\/iframe>\n<\/div><\/figure>\n","protected":false},"excerpt":{"rendered":"<p>El Dirigente del Movimiento Evita se refiri\u00f3 a la pobreza en nuestro pa\u00eds, aunque aclar\u00f3 que Milei y Bullrich \u201csignifican<\/p>\n","protected":false},"author":6,"featured_media":58437,"comment_status":"closed","ping_status":"closed","sticky":false,"template":"","format":"standard","meta":{"colormag_page_container_layout":"default_layout","colormag_page_sidebar_layout":"default_layout","footnotes":""},"categories":[17,8],"tags":[327,7117,4811,108],"class_list":["post-58436","post","type-post","status-publish","format-standard","has-post-thumbnail","hentry","category-destacadas","category-politica","tag-elecciones","tag-elecciones-2023","tag-emilio-persico","tag-movimiento-evita"],"_links":{"self":[{"href":"https:\/\/sectorprensa.com.ar\/index.php?rest_route=\/wp\/v2\/posts\/58436","targetHints":{"allow":["GET"]}}],"collection":[{"href":"https:\/\/sectorprensa.com.ar\/index.php?rest_route=\/wp\/v2\/posts"}],"about":[{"href":"https:\/\/sectorprensa.com.ar\/index.php?rest_route=\/wp\/v2\/types\/post"}],"author":[{"embeddable":true,"href":"https:\/\/sectorprensa.com.ar\/index.php?rest_route=\/wp\/v2\/users\/6"}],"replies":[{"embeddable":true,"href":"https:\/\/sectorprensa.com.ar\/index.php?rest_route=%2Fwp%2Fv2%2Fcomments&post=58436"}],"version-history":[{"count":1,"href":"https:\/\/sectorprensa.com.ar\/index.php?rest_route=\/wp\/v2\/posts\/58436\/revisions"}],"predecessor-version":[{"id":58438,"href":"https:\/\/sectorprensa.com.ar\/index.php?rest_route=\/wp\/v2\/posts\/58436\/revisions\/58438"}],"wp:featuredmedia":[{"embeddable":true,"href":"https:\/\/sectorprensa.com.ar\/index.php?rest_route=\/wp\/v2\/media\/58437"}],"wp:attachment":[{"href":"https:\/\/sectorprensa.com.ar\/index.php?rest_route=%2Fwp%2Fv2%2Fmedia&parent=58436"}],"wp:term":[{"taxonomy":"category","embeddable":true,"href":"https:\/\/sectorprensa.com.ar\/index.php?rest_route=%2Fwp%2Fv2%2Fcategories&post=58436"},{"taxonomy":"post_tag","embeddable":true,"href":"https:\/\/sectorprensa.com.ar\/index.php?rest_route=%2Fwp%2Fv2%2Ftags&post=58436"}],"curies":[{"name":"wp","href":"https:\/\/api.w.org\/{rel}","templated":true}]}}