{"id":58529,"date":"2023-10-22T13:39:29","date_gmt":"2023-10-22T16:39:29","guid":{"rendered":"https:\/\/sectorprensa.com.ar\/?p=58529"},"modified":"2023-10-22T14:14:24","modified_gmt":"2023-10-22T17:14:24","slug":"voto-javier-milei-estamos-en-condiciones-de-hacer-el-mejor-gobierno-de-la-historia","status":"publish","type":"post","link":"https:\/\/sectorprensa.com.ar\/?p=58529","title":{"rendered":"Vot\u00f3 Javier Milei: \u201cEstamos en condiciones de hacer el mejor gobierno de la historia\u201d"},"content":{"rendered":"\n<h6 class=\"wp-block-heading\"><strong>El candidato a presidente de La Libertad Avanza sufrag\u00f3 hace instantes en Almagro. Cabe destacar que brind\u00f3 pocas declaraciones por la cantidad de gente que hab\u00eda.<\/strong><\/h6>\n\n\n\n<p>El candidato a presidente de La Libertad Avanza, Javier Milei, emiti\u00f3 su vot\u00f3 en la sede de la UTN en Almagro.<\/p>\n\n\n\n<p>Tras emitir su voto, Milei afirm\u00f3: \u201cNo me preocupa la gobernabilidad. Estamos en condiciones de hacer el mejor gobierno de la historia\u201d.<\/p>\n\n\n\n<figure class=\"wp-block-embed is-type-rich is-provider-twitter wp-block-embed-twitter\"><div class=\"wp-block-embed__wrapper\">\n<blockquote class=\"twitter-tweet\" data-width=\"550\" data-dnt=\"true\"><p lang=\"es\" dir=\"ltr\"><a href=\"https:\/\/twitter.com\/hashtag\/Elecciones2023?src=hash&amp;ref_src=twsrc%5Etfw\">#Elecciones2023<\/a> | Ya vot\u00f3 Javier Milei, candidato a presidente por La Libertad Avanza<br><br>Segu\u00ed la cobertura de <a href=\"https:\/\/twitter.com\/hashtag\/ELPA%C3%8DSELIGE?src=hash&amp;ref_src=twsrc%5Etfw\">#ELPA\u00cdSELIGE<\/a> por Am\u00e9rica TV y A24. <a href=\"https:\/\/t.co\/BRRQfADE1j\">pic.twitter.com\/BRRQfADE1j<\/a><\/p>&mdash; A24.com (@A24COM) <a href=\"https:\/\/twitter.com\/A24COM\/status\/1716121986127081954?ref_src=twsrc%5Etfw\">October 22, 2023<\/a><\/blockquote><script async src=\"https:\/\/platform.twitter.com\/widgets.js\" charset=\"utf-8\"><\/script>\n<\/div><\/figure>\n\n\n\n<p>En un lugar repleto de gente, el libertario agreg\u00f3: \u201cMi deseo es lograr volver a poner de pie a la Argentina\u201d.<\/p>\n\n\n\n<p>Por \u00faltimo, manifest\u00f3 su \u201csolidaridad con el pueblo de Israel ante el terrorismo de Hamas\u201d y su \u201capoyo total y absoluto al uso leg\u00edtimo de la fuerza por parte del Gobierno de Israel\u201d.<\/p>\n\n\n\n<figure class=\"wp-block-embed is-type-wp-embed is-provider-sector-prensa wp-block-embed-sector-prensa\"><div class=\"wp-block-embed__wrapper\">\n<blockquote class=\"wp-embedded-content\" data-secret=\"XECijOeZ9U\"><a href=\"https:\/\/sectorprensa.com.ar\/2023\/10\/22\/voto-axel-kicillof-en-la-plata-el-primer-mensaje-es-votar-todos-y-todas\/\">Vot\u00f3 Axel Kicillof en La Plata: \u201cEl primer mensaje es votar todos y todas\u201d<\/a><\/blockquote><iframe loading=\"lazy\" class=\"wp-embedded-content\" sandbox=\"allow-scripts\" security=\"restricted\" style=\"position: absolute; clip: rect(1px, 1px, 1px, 1px);\" title=\"\u00abVot\u00f3 Axel Kicillof en La Plata: \u201cEl primer mensaje es votar todos y todas\u201d\u00bb \u2014 Sector Prensa\" src=\"https:\/\/sectorprensa.com.ar\/2023\/10\/22\/voto-axel-kicillof-en-la-plata-el-primer-mensaje-es-votar-todos-y-todas\/embed\/#?secret=h3uVjZrtNT#?secret=XECijOeZ9U\" data-secret=\"XECijOeZ9U\" width=\"600\" height=\"338\" frameborder=\"0\" marginwidth=\"0\" marginheight=\"0\" scrolling=\"no\"><\/iframe>\n<\/div><\/figure>\n","protected":false},"excerpt":{"rendered":"<p>El candidato a presidente de La Libertad Avanza sufrag\u00f3 hace instantes en Almagro. Cabe destacar que brind\u00f3 pocas declaraciones por<\/p>\n","protected":false},"author":6,"featured_media":58531,"comment_status":"closed","ping_status":"closed","sticky":false,"template":"","format":"standard","meta":{"colormag_page_container_layout":"default_layout","colormag_page_sidebar_layout":"default_layout","footnotes":""},"categories":[17,8],"tags":[327,7117,6221,7394],"class_list":["post-58529","post","type-post","status-publish","format-standard","has-post-thumbnail","hentry","category-destacadas","category-politica","tag-elecciones","tag-elecciones-2023","tag-javier-milei","tag-la-libertad-avanza"],"_links":{"self":[{"href":"https:\/\/sectorprensa.com.ar\/index.php?rest_route=\/wp\/v2\/posts\/58529","targetHints":{"allow":["GET"]}}],"collection":[{"href":"https:\/\/sectorprensa.com.ar\/index.php?rest_route=\/wp\/v2\/posts"}],"about":[{"href":"https:\/\/sectorprensa.com.ar\/index.php?rest_route=\/wp\/v2\/types\/post"}],"author":[{"embeddable":true,"href":"https:\/\/sectorprensa.com.ar\/index.php?rest_route=\/wp\/v2\/users\/6"}],"replies":[{"embeddable":true,"href":"https:\/\/sectorprensa.com.ar\/index.php?rest_route=%2Fwp%2Fv2%2Fcomments&post=58529"}],"version-history":[{"count":1,"href":"https:\/\/sectorprensa.com.ar\/index.php?rest_route=\/wp\/v2\/posts\/58529\/revisions"}],"predecessor-version":[{"id":58532,"href":"https:\/\/sectorprensa.com.ar\/index.php?rest_route=\/wp\/v2\/posts\/58529\/revisions\/58532"}],"wp:featuredmedia":[{"embeddable":true,"href":"https:\/\/sectorprensa.com.ar\/index.php?rest_route=\/wp\/v2\/media\/58531"}],"wp:attachment":[{"href":"https:\/\/sectorprensa.com.ar\/index.php?rest_route=%2Fwp%2Fv2%2Fmedia&parent=58529"}],"wp:term":[{"taxonomy":"category","embeddable":true,"href":"https:\/\/sectorprensa.com.ar\/index.php?rest_route=%2Fwp%2Fv2%2Fcategories&post=58529"},{"taxonomy":"post_tag","embeddable":true,"href":"https:\/\/sectorprensa.com.ar\/index.php?rest_route=%2Fwp%2Fv2%2Ftags&post=58529"}],"curies":[{"name":"wp","href":"https:\/\/api.w.org\/{rel}","templated":true}]}}