{"id":58624,"date":"2023-10-26T09:19:28","date_gmt":"2023-10-26T12:19:28","guid":{"rendered":"https:\/\/sectorprensa.com.ar\/?p=58624"},"modified":"2023-10-26T09:20:59","modified_gmt":"2023-10-26T12:20:59","slug":"jorge-donofrio-macri-uso-a-milei-para-romper-su-espacio","status":"publish","type":"post","link":"https:\/\/sectorprensa.com.ar\/?p=58624","title":{"rendered":"Jorge D&#8217;Onofrio: \u201cMacri us\u00f3 a Milei para romper su espacio\u201d"},"content":{"rendered":"\n<h6 class=\"wp-block-heading\"><strong>El ministro de Transporte de la Provincia de Buenos Aires habl\u00f3 sobre el triunfo en su distrito. Adem\u00e1s, sostuvo que \u201cMilei termina de encajar en el plan de Macri\u201d.<\/strong><\/h6>\n\n\n\n<p>El Ministro de Transporte de la Provincia de Buenos Aires, Jorge D&#8217;Onofrio, habl\u00f3 sobre la elecci\u00f3n en su distrito y qu\u00e9 mirada tiene sobre la pol\u00edtica de su partido y la oposici\u00f3n de cara al ballotage presidencial del 19 de noviembre.<\/p>\n\n\n\n<p>Su opini\u00f3n de Javier Milei: \u201cEl comentario sobre una posible baja de Milei viene por la derrota, habr\u00e1 que ver qu\u00e9 hace, lo que s\u00ed estamos viendo es un salto mortal tremendo donde sus enemigos son la soluci\u00f3n a su problema. Con sus palabras, una montonera puede hacerse cargo del Ministerio de Seguridad\u201d.<\/p>\n\n\n\n<p>Adem\u00e1s, cont\u00f3 que \u201cKicillof nos convoc\u00f3 al Gabinete para continuar el trabajo que venimos haciendo, adem\u00e1s de seguir estando en campa\u00f1a para que el 19 de Noviembre Massa sea Presidente\u201d.<\/p>\n\n\n\n<figure class=\"wp-block-embed is-type-wp-embed is-provider-omny-studio wp-block-embed-omny-studio\"><div class=\"wp-block-embed__wrapper\">\n<iframe loading=\"lazy\" class=\"wp-embedded-content\" sandbox=\"allow-scripts\" security=\"restricted\" title=\"Entrevista a Jorge D&#039;Onofrio\" src=\"https:\/\/omny.fm\/shows\/sin-relato-con-antonio-fern-ndez-llorente\/entrevista-a-jorge-donofrio-1\/embed#?secret=LIZubGiGsb\" data-secret=\"LIZubGiGsb\" width=\"100%\" height=\"180\" frameborder=\"0\"><\/iframe>\n<\/div><\/figure>\n\n\n\n<p>Por otra parte, sostuvo que \u201cMilei termina de encajar en el plan de Macri\u201d, ya que este \u00faltimo \u201cus\u00f3 a Milei para romper a Larreta y despu\u00e9s a Bullrich\u201d.<\/p>\n\n\n\n<p>Y cerr\u00f3: \u201cEs poco lo que puede influir sobre el voto de la gente, hacerse cargo de una elecci\u00f3n y poner fiscales, no veo a nadie motivado a pelear por Milei. Sergio dej\u00f3 claro desde el principio que quiere un gobierno de unidad nacional, van a estar los mejores\u201d.<\/p>\n\n\n\n<figure class=\"wp-block-embed is-type-wp-embed is-provider-sector-prensa wp-block-embed-sector-prensa\"><div class=\"wp-block-embed__wrapper\">\n<blockquote class=\"wp-embedded-content\" data-secret=\"7OLgXzznBt\"><a href=\"https:\/\/sectorprensa.com.ar\/2023\/10\/18\/jorge-donofrio-sabemos-que-el-999-no-se-va-a-inscribir-a-la-renuncia-del-subsidio\/\">Jorge D&#8217;Onofrio: \u201cSabemos que el 99,9% no se va a inscribir a la renuncia del subsidio\u201d<\/a><\/blockquote><iframe loading=\"lazy\" class=\"wp-embedded-content\" sandbox=\"allow-scripts\" security=\"restricted\" style=\"position: absolute; clip: rect(1px, 1px, 1px, 1px);\" title=\"\u00abJorge D&#8217;Onofrio: \u201cSabemos que el 99,9% no se va a inscribir a la renuncia del subsidio\u201d\u00bb \u2014 Sector Prensa\" src=\"https:\/\/sectorprensa.com.ar\/2023\/10\/18\/jorge-donofrio-sabemos-que-el-999-no-se-va-a-inscribir-a-la-renuncia-del-subsidio\/embed\/#?secret=Ya6clvrgxt#?secret=7OLgXzznBt\" data-secret=\"7OLgXzznBt\" width=\"600\" height=\"338\" frameborder=\"0\" marginwidth=\"0\" marginheight=\"0\" scrolling=\"no\"><\/iframe>\n<\/div><\/figure>\n","protected":false},"excerpt":{"rendered":"<p>El ministro de Transporte de la Provincia de Buenos Aires habl\u00f3 sobre el triunfo en su distrito. Adem\u00e1s, sostuvo que<\/p>\n","protected":false},"author":6,"featured_media":58625,"comment_status":"closed","ping_status":"closed","sticky":false,"template":"","format":"standard","meta":{"colormag_page_container_layout":"default_layout","colormag_page_sidebar_layout":"default_layout","footnotes":""},"categories":[17,8,18],"tags":[327,7117,5965,7574,7831],"class_list":["post-58624","post","type-post","status-publish","format-standard","has-post-thumbnail","hentry","category-destacadas","category-politica","category-provincia","tag-elecciones","tag-elecciones-2023","tag-jorge-donofrio","tag-jorge-donofrio-2","tag-union-por-la-patria"],"_links":{"self":[{"href":"https:\/\/sectorprensa.com.ar\/index.php?rest_route=\/wp\/v2\/posts\/58624","targetHints":{"allow":["GET"]}}],"collection":[{"href":"https:\/\/sectorprensa.com.ar\/index.php?rest_route=\/wp\/v2\/posts"}],"about":[{"href":"https:\/\/sectorprensa.com.ar\/index.php?rest_route=\/wp\/v2\/types\/post"}],"author":[{"embeddable":true,"href":"https:\/\/sectorprensa.com.ar\/index.php?rest_route=\/wp\/v2\/users\/6"}],"replies":[{"embeddable":true,"href":"https:\/\/sectorprensa.com.ar\/index.php?rest_route=%2Fwp%2Fv2%2Fcomments&post=58624"}],"version-history":[{"count":3,"href":"https:\/\/sectorprensa.com.ar\/index.php?rest_route=\/wp\/v2\/posts\/58624\/revisions"}],"predecessor-version":[{"id":58628,"href":"https:\/\/sectorprensa.com.ar\/index.php?rest_route=\/wp\/v2\/posts\/58624\/revisions\/58628"}],"wp:featuredmedia":[{"embeddable":true,"href":"https:\/\/sectorprensa.com.ar\/index.php?rest_route=\/wp\/v2\/media\/58625"}],"wp:attachment":[{"href":"https:\/\/sectorprensa.com.ar\/index.php?rest_route=%2Fwp%2Fv2%2Fmedia&parent=58624"}],"wp:term":[{"taxonomy":"category","embeddable":true,"href":"https:\/\/sectorprensa.com.ar\/index.php?rest_route=%2Fwp%2Fv2%2Fcategories&post=58624"},{"taxonomy":"post_tag","embeddable":true,"href":"https:\/\/sectorprensa.com.ar\/index.php?rest_route=%2Fwp%2Fv2%2Ftags&post=58624"}],"curies":[{"name":"wp","href":"https:\/\/api.w.org\/{rel}","templated":true}]}}