{"id":58833,"date":"2023-11-01T15:49:43","date_gmt":"2023-11-01T18:49:43","guid":{"rendered":"https:\/\/sectorprensa.com.ar\/?p=58833"},"modified":"2023-11-01T15:51:07","modified_gmt":"2023-11-01T18:51:07","slug":"piden-justicia-por-el-crimen-de-un-joven-en-merlo-el-asesino-esta-profugo","status":"publish","type":"post","link":"https:\/\/sectorprensa.com.ar\/?p=58833","title":{"rendered":"Piden justicia por el crimen de un joven en Merlo: el asesino est\u00e1 pr\u00f3fugo"},"content":{"rendered":"\n<h6 class=\"wp-block-heading\"><strong>El hecho ocurri\u00f3 el domingo pasado en el Parque de la Unidad Nacional, cuando la v\u00edctima estaba con sus amigos. Este mi\u00e9rcoles, familiares cortaron la intersecci\u00f3n de Avenida Rivadavia y Belgrano, en Mor\u00f3n.<\/strong><\/h6>\n\n\n\n<p>El pasado domingo 29 de octubre, mataron a balazos a Tom\u00e1s S\u00e1nchez, un joven de 18 a\u00f1os que estaba con sus amigos en el Parque de la Unidad Nacional (ex cancha de los Patos), ubicado en Avenida Calle Real y Treinta y Tres, partido de Merlo.<\/p>\n\n\n\n<p>Por el hecho, familiares y amigos decidieron cortar este mi\u00e9rcoles la Avenida Rivadavia en intersecci\u00f3n con Belgrano, en Mor\u00f3n, pidiendo justicia y que encuentren al asesino, que se averigua si es menor de edad.<\/p>\n\n\n\n<p>La t\u00eda de Tom\u00e1s S\u00e1nchez, habl\u00f3 hace minutos con la prensa y cont\u00f3 c\u00f3mo fue el asesinato: \u201cUnas 15, 20 motos llegaron al lugar con ganas de pelear, y a mi sobrino lo emboscaron, le buscaron pelea y \u00e9l reaccion\u00f3 a una de ellas, que termin\u00f3 enseguida\u201d, dijo.<\/p>\n\n\n\n<figure class=\"wp-block-image size-full\"><img loading=\"lazy\" decoding=\"async\" width=\"662\" height=\"384\" src=\"https:\/\/sectorprensa.com.ar\/wp-content\/uploads\/2023\/11\/Captura-de-pantalla-2023-11-01-155046.png\" alt=\"\" class=\"wp-image-58836\" srcset=\"https:\/\/sectorprensa.com.ar\/wp-content\/uploads\/2023\/11\/Captura-de-pantalla-2023-11-01-155046.png 662w, https:\/\/sectorprensa.com.ar\/wp-content\/uploads\/2023\/11\/Captura-de-pantalla-2023-11-01-155046-300x174.png 300w\" sizes=\"auto, (max-width: 662px) 100vw, 662px\" \/><\/figure>\n\n\n\n<p>Y agreg\u00f3 que, finalizado los incidentes, S\u00e1nchez decidi\u00f3 irse, aunque luego lleg\u00f3 otro sujeto con la moto y le dispar\u00f3: \u201cYo no se si el que le dispar\u00f3 fue el que se pele\u00f3 con mi sobrino, estamos en duda\u201d, expres\u00f3 la t\u00eda de la v\u00edctima.<\/p>\n\n\n\n<p>\u201cMi sobrino no los conoc\u00eda. Hoy nos enteramos quienes son. La comisar\u00eda de Libertad nos dijo que el asesino tiene antecedentes penales. Los allanamientos dieron positivos, se encontr\u00f3 el arma y la moto\u201d, finaliz\u00f3, aunque el malviviente contin\u00faa pr\u00f3fugo.<\/p>\n\n\n\n<p>La causa por homicidio qued\u00f3 en manos de la UFI de Responsabilidad Penal Juvenil de Mor\u00f3n 1, a cargo de Guillermo Rodr\u00edguez Rey.<\/p>\n\n\n\n<figure class=\"wp-block-embed is-type-wp-embed is-provider-sector-prensa wp-block-embed-sector-prensa\"><div class=\"wp-block-embed__wrapper\">\n<blockquote class=\"wp-embedded-content\" data-secret=\"HexxACVKKp\"><a href=\"https:\/\/sectorprensa.com.ar\/2023\/10\/30\/ituzaingo-prision-preventiva-para-los-delincuentes-que-asesinaron-a-ariel-charrute\/\">Ituzaing\u00f3: prisi\u00f3n preventiva para los delincuentes que asesinaron a Ariel Charrute<\/a><\/blockquote><iframe loading=\"lazy\" class=\"wp-embedded-content\" sandbox=\"allow-scripts\" security=\"restricted\" style=\"position: absolute; clip: rect(1px, 1px, 1px, 1px);\" title=\"\u00abItuzaing\u00f3: prisi\u00f3n preventiva para los delincuentes que asesinaron a Ariel Charrute\u00bb \u2014 Sector Prensa\" src=\"https:\/\/sectorprensa.com.ar\/2023\/10\/30\/ituzaingo-prision-preventiva-para-los-delincuentes-que-asesinaron-a-ariel-charrute\/embed\/#?secret=PGOXVTNho5#?secret=HexxACVKKp\" data-secret=\"HexxACVKKp\" width=\"600\" height=\"338\" frameborder=\"0\" marginwidth=\"0\" marginheight=\"0\" scrolling=\"no\"><\/iframe>\n<\/div><\/figure>\n","protected":false},"excerpt":{"rendered":"<p>El hecho ocurri\u00f3 el domingo pasado en el Parque de la Unidad Nacional, cuando la v\u00edctima estaba con sus amigos.<\/p>\n","protected":false},"author":6,"featured_media":58834,"comment_status":"closed","ping_status":"closed","sticky":false,"template":"","format":"standard","meta":{"colormag_page_container_layout":"default_layout","colormag_page_sidebar_layout":"default_layout","footnotes":""},"categories":[6828,7,5,12],"tags":[291,4127,967,25,2525,6603],"class_list":["post-58833","post","type-post","status-publish","format-standard","has-post-thumbnail","hentry","category-mas-destacadas","category-merlo","category-moron","category-policiales","tag-asesinato","tag-crimen","tag-justicia","tag-merlo","tag-moron-2","tag-tomas-sanchez"],"_links":{"self":[{"href":"https:\/\/sectorprensa.com.ar\/index.php?rest_route=\/wp\/v2\/posts\/58833","targetHints":{"allow":["GET"]}}],"collection":[{"href":"https:\/\/sectorprensa.com.ar\/index.php?rest_route=\/wp\/v2\/posts"}],"about":[{"href":"https:\/\/sectorprensa.com.ar\/index.php?rest_route=\/wp\/v2\/types\/post"}],"author":[{"embeddable":true,"href":"https:\/\/sectorprensa.com.ar\/index.php?rest_route=\/wp\/v2\/users\/6"}],"replies":[{"embeddable":true,"href":"https:\/\/sectorprensa.com.ar\/index.php?rest_route=%2Fwp%2Fv2%2Fcomments&post=58833"}],"version-history":[{"count":2,"href":"https:\/\/sectorprensa.com.ar\/index.php?rest_route=\/wp\/v2\/posts\/58833\/revisions"}],"predecessor-version":[{"id":58837,"href":"https:\/\/sectorprensa.com.ar\/index.php?rest_route=\/wp\/v2\/posts\/58833\/revisions\/58837"}],"wp:featuredmedia":[{"embeddable":true,"href":"https:\/\/sectorprensa.com.ar\/index.php?rest_route=\/wp\/v2\/media\/58834"}],"wp:attachment":[{"href":"https:\/\/sectorprensa.com.ar\/index.php?rest_route=%2Fwp%2Fv2%2Fmedia&parent=58833"}],"wp:term":[{"taxonomy":"category","embeddable":true,"href":"https:\/\/sectorprensa.com.ar\/index.php?rest_route=%2Fwp%2Fv2%2Fcategories&post=58833"},{"taxonomy":"post_tag","embeddable":true,"href":"https:\/\/sectorprensa.com.ar\/index.php?rest_route=%2Fwp%2Fv2%2Ftags&post=58833"}],"curies":[{"name":"wp","href":"https:\/\/api.w.org\/{rel}","templated":true}]}}