{"id":59103,"date":"2023-11-10T11:27:21","date_gmt":"2023-11-10T14:27:21","guid":{"rendered":"https:\/\/sectorprensa.com.ar\/?p=59103"},"modified":"2023-11-10T11:27:21","modified_gmt":"2023-11-10T14:27:21","slug":"video-isidro-casanova-escapaban-de-la-policia-atropellaron-y-mataron-a-una-mujer-en-silla-de-ruedas","status":"publish","type":"post","link":"https:\/\/sectorprensa.com.ar\/?p=59103","title":{"rendered":"[Video] Isidro Casanova: escapaban de la polic\u00eda, atropellaron y mataron a una mujer en silla de ruedas"},"content":{"rendered":"\n<h6 class=\"wp-block-heading\"><strong>El hecho ocurri\u00f3 este mi\u00e9rcoles, cuando los malvivientes hab\u00edan robado un auto y hu\u00edan de la polic\u00eda. Hay un delincuente detenido, mientras que otros dos escaparon y son intensamente buscados.<\/strong><\/h6>\n\n\n\n<p>Una mujer en silla de ruedas muri\u00f3 ayer por la tarde tras ser atropellada\u00a0en la puerta de su casa por un veh\u00edculo en el que\u00a0tres delincuentes escapaban de la Polic\u00eda.<\/p>\n\n\n\n<p>La v\u00edctima, identificada como\u00a0Mar\u00eda Paz Nom (67), se encontraba en la puerta de su casa cuando fue embestida por\u00a0un auto que hab\u00eda sido robado a mano armada\u00a0a pocas cuadras de su domicilio ubicado en Isidro Casanova, partido de La Matanza.<\/p>\n\n\n\n<p>En las im\u00e1genes se ve que los delincuentes\u00a0perdieron el control, se subieron a la vereda e impactaron contra el frente de la casa de P\u00e1ez, ubicada en el cruce de Germ\u00e1n Abdala y Perdriel, que\u00a0falleci\u00f3 minutos m\u00e1s tarde en el hospital.<\/p>\n\n\n\n<figure class=\"wp-block-embed is-type-rich is-provider-twitter wp-block-embed-twitter\"><div class=\"wp-block-embed__wrapper\">\n<blockquote class=\"twitter-tweet\" data-width=\"550\" data-dnt=\"true\"><p lang=\"es\" dir=\"ltr\">\ud83d\udd34 IMPACTANTE | Tres delincuentes robaron un Fiat Cronos, hu\u00edan de la polic\u00eda, perdieron el control y atropellaron y mataron a una jubilada de 67 a\u00f1os. Hay un detenido y dos pr\u00f3fugos. Ten\u00edan una 9mm. con municiones punta de tefl\u00f3n. \ud83d\udccdAbdala y Pedriel, Isidro Casanova. <a href=\"https:\/\/t.co\/6bbuA2G6eE\">pic.twitter.com\/6bbuA2G6eE<\/a><\/p>&mdash; Facundo Mu\u00f1oz (@FacundoNoticias) <a href=\"https:\/\/twitter.com\/FacundoNoticias\/status\/1722806617119302033?ref_src=twsrc%5Etfw\">November 10, 2023<\/a><\/blockquote><script async src=\"https:\/\/platform.twitter.com\/widgets.js\" charset=\"utf-8\"><\/script>\n<\/div><\/figure>\n\n\n\n<p>El hecho fue alertado por la Polic\u00eda, que irradi\u00f3 el alerta a los patrulleros que circulaban en las inmediaciones, y en el cruce de Almeyra y Herrera un m\u00f3vil localiz\u00f3 el veh\u00edculo robado, por lo que\u00a0se inici\u00f3 una persecuci\u00f3n.<\/p>\n\n\n\n<p>Al llegar a la esquina de Abdala y Perdriel, los ladrones perdieron el control del rodado, se subieron a la vereda y atropellaron a P\u00e1ez, que\u00a0se encontraba en silla de ruedas como consecuencia de un ACV\u00a0sufrido hac\u00eda varios a\u00f1os.<\/p>\n\n\n\n<p>Carlos, hijo de la v\u00edctima, expres\u00f3 en el lugar: \u201cNo se mov\u00eda pero ten\u00eda pulso. Le pedimos a la Polic\u00eda que llame a la ambulancia pero la ambulancia no vino.\u00a0Los vecinos obligaron a que uno de los patrulleros la lleven\u201d.<\/p>\n\n\n\n<p>La v\u00edctima fue trasladada de forma urgente al Hospital Paroissien de Isidro Casanova, donde\u00a0muri\u00f3 a los pocos minutos de haber ingresado.<\/p>\n\n\n\n<p>Dos de los delincuentes lograron bajarse del auto y escapar a pie, mientras que un tercero sali\u00f3 rengueando y fue aprehendido de inmediato por los agentes que se desplazaban en el patrullero. \u00c9ste, de 25 a\u00f1os, sufri\u00f3 una fractura en una de sus piernas y fue llevado con custodia al hospital Balestrini.<\/p>\n\n\n\n<p>En la causa interviene el fiscal Mat\u00edas Folino, de la Unidad Funcional de Instrucci\u00f3n (UFI) Tem\u00e1tica de Homicidios, que calific\u00f3 legalmente la causa como\u00a0\u201chomicidio en ocasi\u00f3n de robo\u201d\u00a0e imparti\u00f3 una serie de medidas tendientes a localizar a los dos ladrones pr\u00f3fugos.<\/p>\n\n\n\n<figure class=\"wp-block-embed is-type-wp-embed is-provider-sector-prensa wp-block-embed-sector-prensa\"><div class=\"wp-block-embed__wrapper\">\n<blockquote class=\"wp-embedded-content\" data-secret=\"BQ3pvw9vpR\"><a href=\"https:\/\/sectorprensa.com.ar\/2023\/11\/09\/horror-en-moron-nene-asesino-a-su-papa-para-defender-a-su-mama-victima-de-violencia-de-genero\/\">Horror en Mor\u00f3n: nene asesin\u00f3 a su pap\u00e1 para defender a su mam\u00e1, v\u00edctima de violencia de g\u00e9nero<\/a><\/blockquote><iframe loading=\"lazy\" class=\"wp-embedded-content\" sandbox=\"allow-scripts\" security=\"restricted\" style=\"position: absolute; clip: rect(1px, 1px, 1px, 1px);\" title=\"\u00abHorror en Mor\u00f3n: nene asesin\u00f3 a su pap\u00e1 para defender a su mam\u00e1, v\u00edctima de violencia de g\u00e9nero\u00bb \u2014 Sector Prensa\" src=\"https:\/\/sectorprensa.com.ar\/2023\/11\/09\/horror-en-moron-nene-asesino-a-su-papa-para-defender-a-su-mama-victima-de-violencia-de-genero\/embed\/#?secret=kaVB03kuh9#?secret=BQ3pvw9vpR\" data-secret=\"BQ3pvw9vpR\" width=\"600\" height=\"338\" frameborder=\"0\" marginwidth=\"0\" marginheight=\"0\" scrolling=\"no\"><\/iframe>\n<\/div><\/figure>\n","protected":false},"excerpt":{"rendered":"<p>El hecho ocurri\u00f3 este mi\u00e9rcoles, cuando los malvivientes hab\u00edan robado un auto y hu\u00edan de la polic\u00eda. Hay un delincuente<\/p>\n","protected":false},"author":6,"featured_media":59104,"comment_status":"closed","ping_status":"closed","sticky":false,"template":"","format":"standard","meta":{"colormag_page_container_layout":"default_layout","colormag_page_sidebar_layout":"default_layout","footnotes":""},"categories":[17,12],"tags":[165,570,3705,767,120,2342,636,74,1075],"class_list":["post-59103","post","type-post","status-publish","format-standard","has-post-thumbnail","hentry","category-destacadas","category-policiales","tag-delincuentes","tag-detenido","tag-isidro-casanova","tag-la-matanza","tag-muerte","tag-persecucion","tag-persecucion-policial","tag-robo","tag-tragedia"],"_links":{"self":[{"href":"https:\/\/sectorprensa.com.ar\/index.php?rest_route=\/wp\/v2\/posts\/59103","targetHints":{"allow":["GET"]}}],"collection":[{"href":"https:\/\/sectorprensa.com.ar\/index.php?rest_route=\/wp\/v2\/posts"}],"about":[{"href":"https:\/\/sectorprensa.com.ar\/index.php?rest_route=\/wp\/v2\/types\/post"}],"author":[{"embeddable":true,"href":"https:\/\/sectorprensa.com.ar\/index.php?rest_route=\/wp\/v2\/users\/6"}],"replies":[{"embeddable":true,"href":"https:\/\/sectorprensa.com.ar\/index.php?rest_route=%2Fwp%2Fv2%2Fcomments&post=59103"}],"version-history":[{"count":1,"href":"https:\/\/sectorprensa.com.ar\/index.php?rest_route=\/wp\/v2\/posts\/59103\/revisions"}],"predecessor-version":[{"id":59105,"href":"https:\/\/sectorprensa.com.ar\/index.php?rest_route=\/wp\/v2\/posts\/59103\/revisions\/59105"}],"wp:featuredmedia":[{"embeddable":true,"href":"https:\/\/sectorprensa.com.ar\/index.php?rest_route=\/wp\/v2\/media\/59104"}],"wp:attachment":[{"href":"https:\/\/sectorprensa.com.ar\/index.php?rest_route=%2Fwp%2Fv2%2Fmedia&parent=59103"}],"wp:term":[{"taxonomy":"category","embeddable":true,"href":"https:\/\/sectorprensa.com.ar\/index.php?rest_route=%2Fwp%2Fv2%2Fcategories&post=59103"},{"taxonomy":"post_tag","embeddable":true,"href":"https:\/\/sectorprensa.com.ar\/index.php?rest_route=%2Fwp%2Fv2%2Ftags&post=59103"}],"curies":[{"name":"wp","href":"https:\/\/api.w.org\/{rel}","templated":true}]}}