{"id":59106,"date":"2023-11-10T13:30:03","date_gmt":"2023-11-10T16:30:03","guid":{"rendered":"https:\/\/sectorprensa.com.ar\/?p=59106"},"modified":"2023-11-10T13:30:03","modified_gmt":"2023-11-10T16:30:03","slug":"cata-cabana-hay-que-recurrir-a-la-historia-y-valorarla","status":"publish","type":"post","link":"https:\/\/sectorprensa.com.ar\/?p=59106","title":{"rendered":"Cata Cabana: \u201cHay que recurrir a la historia y valorarla\u201d"},"content":{"rendered":"\n<h6 class=\"wp-block-heading\"><strong>La historiadora habl\u00f3 en un medio radial sobre el D\u00eda de la Tradici\u00f3n y el esp\u00edritu de la argentinidad. Adem\u00e1s, expres\u00f3 que le \u201cpreocupa\u201d los dichos de algunas personas.<\/strong><\/h6>\n\n\n\n<p>Cada 10 de noviembre, se celebra el D\u00eda de la Tradici\u00f3n en homenaje al nacimiento del escritor y pol\u00edtico Jos\u00e9 Hern\u00e1ndez. Esta fecha se estableci\u00f3 en 1975 a trav\u00e9s de la Ley Nacional N\u00b021.154, y fue elegida por su nacimiento en el a\u00f1o 1834.<\/p>\n\n\n\n<p>Jos\u00e9 Hern\u00e1ndez supo inmortalizar la vida del gaucho, sus costumbres, lenguaje y experiencias en el libro, \u201cEl Gaucho Mart\u00edn Fierro\u201d, una de las obras m\u00e1s valiosas de la literatura argentina, y la que lo convirti\u00f3 en la figura m\u00e1s importante de la cultura nacional argentina.<\/p>\n\n\n\n<p>En este sentido, la historiadora Cata Cabana habl\u00f3 en \u201cEl Tanke de B\u00fanker\u201d (lunes a viernes de 10 a 13 por FM B\u00fanker 94.9) explicando la importancia de este d\u00eda y darle el valor a nuestra historia. &nbsp;<\/p>\n\n\n\n<p>Con respecto a la identidad, sostuvo: \u201cHoy por hoy la globalizaci\u00f3n hace que se adopten nuevas tradiciones, por ejemplo, y que hay gente que no le gusta y que se queje. Pero vivimos en un mundo globalizado, entonces nos enteramos que alguna otra cultura hace otro festejo y nos parece divertido y nos sumamos. Pero yo creo que hoy ya podemos definirnos argentinos\u201d.<\/p>\n\n\n\n<p>El esp\u00edritu de argentinidad: \u201cTodav\u00eda queda esa gente que no les da importancia a las cosas propias, hay gente que no quiere ser argentino. Est\u00e1 buen\u00edsimo recordar nuestras ra\u00edces, c\u00f3mo se conform\u00f3 este pa\u00eds y que a partir de ah\u00ed se generaron estas tradiciones. Algo que nos caracteriza es el festejo, nos encanta festejar, es una gran tradici\u00f3n\u201d, expres\u00f3.<\/p>\n\n\n\n<p>Adem\u00e1s, reflexion\u00f3 sobre los dichos de muchas personas que dicen que \u201csomos un pa\u00eds de mierda\u201d: \u201cMe pone muy triste. Somos un pa\u00eds hermoso, hay un mont\u00f3n de situaciones que se est\u00e1n definiendo en estos d\u00edas, pero no construye para nada decir eso. Adem\u00e1s, siempre vamos para adelante, mirando al futuro\u201d.<\/p>\n\n\n\n<p>Jos\u00e9 Hern\u00e1ndez y el D\u00eda de la Tradici\u00f3n: \u201cEn su momento lo que se hace es rescatar en realidad a Jos\u00e9 Hern\u00e1ndez, que se lo rescata en el principio del siglo XX, por m\u00e1s que \u00e9l haya nacido en el siglo XIX. \u00c9l escribi\u00f3 en su momento el Mart\u00edn Fierro, que es una especie de defensa al gaucho, de un gaucho que est\u00e1 enviado a la frontera a pelear y que se encuentra con otros desclasados, con los originarios, con los negros tambi\u00e9n, el otro d\u00eda fue el D\u00eda de la Cultura Afro, y tambi\u00e9n se encuentra con ellos. Es re lindo leer el Mart\u00edn Fierro, y a principios del siglo XX, con todo el ingreso de los inmigrantes que ten\u00edamos y este gran conflicto de qu\u00e9 es ser argentino, se rescata despu\u00e9s de que lo hab\u00edan querido asesinar al gaucho. O sea, recordemos que hacia fines del siglo XIX tambi\u00e9n hubo como toda una corriente medio en contra de lo nacional, y entonces en ese momento, a principios del siglo XX, se va a rescatar el Mart\u00edn Fierro como `\u00bfqu\u00e9 es ser argentino? Un gaucho\u00b4. \u00bfPor qu\u00e9? Porque es lo que est\u00e1 en el centro, La Pampa, lo que es visible, que tambi\u00e9n tiene que ver con este centrismo que tenemos entre Buenos Aires y La Pampa, de que siempre lo que exportamos es esto. O sea, la visi\u00f3n argentina es Buenos Aires, el gaucho, el asado y el mate, que es netamente zona central. Pero bueno, de alguna forma a partir de ah\u00ed se empieza a gestar una identidad porque aparecen los nacionalistas y dicen, bueno, vamos a defender al ser nacional. Bueno, y ah\u00ed entra el Mart\u00edn Fierro como la Biblia argenta. Con esa famosa frase de los hermanos sean unidos, esa es la ley primera, si no nos comen los de afuera, que estar\u00eda buen\u00edsimo recordarla en estos d\u00edas\u201d, explic\u00f3.<\/p>\n\n\n\n<p>La importancia de repasar nuestra historia en estos d\u00edas donde se define el futuro de nuestro pa\u00eds: \u201cHay discusiones que ya estaban como cerradas en alg\u00fan punto, heridas que est\u00e1bamos curando, que se est\u00e1n volviendo a abrir, que no es positivo tampoco. Y s\u00ed, hay que siempre recurrir a la historia para tambi\u00e9n desmitificar ciertos argumentos que a veces nos cuesta. Nosotros remamos en dulce de leche con un mont\u00f3n de cosas. Tambi\u00e9n esto cuando nos dec\u00edan que lo nuestro es aburrido, tambi\u00e9n nos dec\u00edan que leer historia no serv\u00eda para nada. Y eso hace que no se construya una identidad y que despu\u00e9s sea muy f\u00e1cil meternos a argumentos que son destructivos. Entonces hay que recurrir a la historia y valorarla, y de esa manera, es la famosa frase, el pueblo que no conoce su historia est\u00e1 condenado a repetirla\u201d.<\/p>\n\n\n\n<p>Por \u00faltimo, confes\u00f3 que le preocupa los dichos de algunas personas (y pol\u00edticos): \u201cMe parece que hab\u00eda cosas que pasaron hace m\u00e1s de 40 a\u00f1os, que de repente haya una defensa o que se utilicen los mismos argumentos que usaron los genocidas. A m\u00ed me preocupa much\u00edsimo porque en estos 40 a\u00f1os se construy\u00f3 una pol\u00edtica de derechos humanos impresionante, y por m\u00e1s errores que puede haber, porque siempre hay errores, pero si uno se equivoca, no se equivocaron todos, se equivoc\u00f3 uno. Entonces se puede decir, mir\u00e1, fulano de tal le pifi\u00f3 por este lado, bueno, listo. Pero no por eso vamos a tirar abajo lo que se construy\u00f3 en 40 a\u00f1os, me parece que tambi\u00e9n estamos construyendo esta democracia, pensemos que vivimos un siglo XX que no fue democr\u00e1tico, tuvimos cinco golpes de Estado, entonces por primera vez tenemos 40 a\u00f1os de democracia, para m\u00ed este es un a\u00f1o ic\u00f3nico, entonces valorar eso, leer la historia y decir, bueno, \u00bfqu\u00e9 cantidad de gente se muri\u00f3 para que yo hoy est\u00e9 en este beneficio democr\u00e1tico? Y hay que leer un poco de historia para eso, entonces s\u00ed, a m\u00ed hay cosas que me ponen un poco los pelos de punta\u201d.<\/p>\n\n\n\n<figure class=\"wp-block-embed is-type-wp-embed is-provider-sector-prensa wp-block-embed-sector-prensa\"><div class=\"wp-block-embed__wrapper\">\n<blockquote class=\"wp-embedded-content\" data-secret=\"yeQottldJP\"><a href=\"https:\/\/sectorprensa.com.ar\/2023\/11\/10\/con-milei-las-universidades-publicas-van-a-desaparecer-y-no-van-a-poder-pagar-ni-la-luz\/\">\u00abCon Milei las universidades p\u00fablicas van a desaparecer y no van a poder pagar ni la luz\u00bb<\/a><\/blockquote><iframe loading=\"lazy\" class=\"wp-embedded-content\" sandbox=\"allow-scripts\" security=\"restricted\" style=\"position: absolute; clip: rect(1px, 1px, 1px, 1px);\" title=\"\u00ab\u00abCon Milei las universidades p\u00fablicas van a desaparecer y no van a poder pagar ni la luz\u00bb\u00bb \u2014 Sector Prensa\" src=\"https:\/\/sectorprensa.com.ar\/2023\/11\/10\/con-milei-las-universidades-publicas-van-a-desaparecer-y-no-van-a-poder-pagar-ni-la-luz\/embed\/#?secret=YlT5SMa7BV#?secret=yeQottldJP\" data-secret=\"yeQottldJP\" width=\"600\" height=\"338\" frameborder=\"0\" marginwidth=\"0\" marginheight=\"0\" scrolling=\"no\"><\/iframe>\n<\/div><\/figure>\n","protected":false},"excerpt":{"rendered":"<p>La historiadora habl\u00f3 en un medio radial sobre el D\u00eda de la Tradici\u00f3n y el esp\u00edritu de la argentinidad. Adem\u00e1s,<\/p>\n","protected":false},"author":6,"featured_media":59107,"comment_status":"closed","ping_status":"closed","sticky":false,"template":"","format":"standard","meta":{"colormag_page_container_layout":"default_layout","colormag_page_sidebar_layout":"default_layout","footnotes":""},"categories":[9,17],"tags":[8276,8277],"class_list":["post-59106","post","type-post","status-publish","format-standard","has-post-thumbnail","hentry","category-cultura","category-destacadas","tag-cata-cabana","tag-dia-de-la-tradicion"],"_links":{"self":[{"href":"https:\/\/sectorprensa.com.ar\/index.php?rest_route=\/wp\/v2\/posts\/59106","targetHints":{"allow":["GET"]}}],"collection":[{"href":"https:\/\/sectorprensa.com.ar\/index.php?rest_route=\/wp\/v2\/posts"}],"about":[{"href":"https:\/\/sectorprensa.com.ar\/index.php?rest_route=\/wp\/v2\/types\/post"}],"author":[{"embeddable":true,"href":"https:\/\/sectorprensa.com.ar\/index.php?rest_route=\/wp\/v2\/users\/6"}],"replies":[{"embeddable":true,"href":"https:\/\/sectorprensa.com.ar\/index.php?rest_route=%2Fwp%2Fv2%2Fcomments&post=59106"}],"version-history":[{"count":1,"href":"https:\/\/sectorprensa.com.ar\/index.php?rest_route=\/wp\/v2\/posts\/59106\/revisions"}],"predecessor-version":[{"id":59108,"href":"https:\/\/sectorprensa.com.ar\/index.php?rest_route=\/wp\/v2\/posts\/59106\/revisions\/59108"}],"wp:featuredmedia":[{"embeddable":true,"href":"https:\/\/sectorprensa.com.ar\/index.php?rest_route=\/wp\/v2\/media\/59107"}],"wp:attachment":[{"href":"https:\/\/sectorprensa.com.ar\/index.php?rest_route=%2Fwp%2Fv2%2Fmedia&parent=59106"}],"wp:term":[{"taxonomy":"category","embeddable":true,"href":"https:\/\/sectorprensa.com.ar\/index.php?rest_route=%2Fwp%2Fv2%2Fcategories&post=59106"},{"taxonomy":"post_tag","embeddable":true,"href":"https:\/\/sectorprensa.com.ar\/index.php?rest_route=%2Fwp%2Fv2%2Ftags&post=59106"}],"curies":[{"name":"wp","href":"https:\/\/api.w.org\/{rel}","templated":true}]}}