{"id":59235,"date":"2023-11-15T15:07:50","date_gmt":"2023-11-15T18:07:50","guid":{"rendered":"https:\/\/sectorprensa.com.ar\/?p=59235"},"modified":"2023-11-15T15:07:50","modified_gmt":"2023-11-15T18:07:50","slug":"dos-lineas-de-colectivos-conectaran-zona-oeste-con-aeroparque","status":"publish","type":"post","link":"https:\/\/sectorprensa.com.ar\/?p=59235","title":{"rendered":"Dos l\u00edneas de colectivos conectar\u00e1n zona oeste con Aeroparque"},"content":{"rendered":"\n<h6 class=\"wp-block-heading\"><strong>En el marco del programa \u00abRed P\u00fablica de conexi\u00f3n aeroportuaria\u00bb, habr\u00e1 dos l\u00edneas de colectivos que har\u00e1n su recorrido desde Mor\u00f3n y Liniers hasta el Aeroparque Jorge Newbery. La iniciativa tiene como objetivo generar mayor conectividad.<\/strong><\/h6>\n\n\n\n<p>Las l\u00edneas de colectivo 166 y 34, que saldr\u00e1n desde Mor\u00f3n y Liniers, respectivamente, llegar\u00e1n hasta el Aeroparque Jorge Newbery y lo conectar\u00e1n con la zona oeste de la provincia de Buenos Aires. Los recorridos atravesar\u00e1n la Ciudad Aut\u00f3noma de Buenos Aires. Se realizar\u00e1 en el marco del programa \u00abRed P\u00fablica de conexi\u00f3n aeroportuaria\u00bb, el cual efectiviza el gobierno nacional por medio del Ministerio de Transporte de la Naci\u00f3n.<\/p>\n\n\n\n<p>Diego Giuliano, Ministro de Transporte, aprob\u00f3 los recorridos. La iniciativa tiene como objetivo fomentar la conectividad entre el transporte automotor y a\u00e9reo a trav\u00e9s de la tarjeta SUBE. La l\u00ednea 34, de Liniers, y 166, que saldr\u00e1 desde Mor\u00f3n, ir\u00e1n de manera directa al aeropuerto.<\/p>\n\n\n\n<p>\u201cEs fundamental que nuestros aeropuertos est\u00e9n bien conectados con m\u00e1s rutas a\u00e9reas, como venimos haciendo, pero tambi\u00e9n con toda su zona de influencia para que las personas puedan acceder a sus servicios de manera \u00e1gil y econ\u00f3mica. Por eso tomamos la decisi\u00f3n de poner en marcha la Red P\u00fablica de conexi\u00f3n aeroportuaria que ahora incorpora a las l\u00edneas 34 y 166\u201d, dijo Giuliano.<\/p>\n\n\n\n<p>\u201cSon l\u00edneas con un alcance muy amplio, que llegan hasta Mor\u00f3n y Liniers. Gracias a esta decisi\u00f3n, le daremos una mano a much\u00edsimas personas que viven a lo largo de todos esos recorridos y que ahora pueden llegar hasta la puerta del Aeroparque y programar un viaje de una forma mucho m\u00e1s c\u00f3moda y simple, como lo van a poder hacer much\u00edsimos otros vecinos y vecinas de m\u00e1s localidades en la medida en que vayamos incorporando m\u00e1s l\u00edneas al programa\u201d, agreg\u00f3.<\/p>\n\n\n\n<p>Vale remarcar, la frecuencia ser\u00e1 de 15 minutos aproximadamente, mientras que la tarifa se mantendr\u00e1 como la de los servicios p\u00fablicos de autotransporte. Mientras se preparan los \u00faltimos detalles del recorrido, los usuarios ser\u00e1n informados en una primera instancia por se\u00f1al\u00e9tica.<\/p>\n\n\n\n<p>Las resoluciones para esta nueva medida, que fue solicitada por el Organismo Regulador del Sistema Nacional de Aeropuertos, llevan la firma de Jimena L\u00f3pez, Secretaria de Gesti\u00f3n de Transporte.<\/p>\n\n\n\n<figure class=\"wp-block-embed is-type-wp-embed is-provider-sector-prensa wp-block-embed-sector-prensa\"><div class=\"wp-block-embed__wrapper\">\n<blockquote class=\"wp-embedded-content\" data-secret=\"ubcogt5Qf9\"><a href=\"https:\/\/sectorprensa.com.ar\/2023\/11\/14\/la-inflacion-de-octubre-registro-una-desaceleracion\/\">La inflaci\u00f3n de octubre registr\u00f3 una desaceleraci\u00f3n<\/a><\/blockquote><iframe loading=\"lazy\" class=\"wp-embedded-content\" sandbox=\"allow-scripts\" security=\"restricted\" style=\"position: absolute; clip: rect(1px, 1px, 1px, 1px);\" title=\"\u00abLa inflaci\u00f3n de octubre registr\u00f3 una desaceleraci\u00f3n\u00bb \u2014 Sector Prensa\" src=\"https:\/\/sectorprensa.com.ar\/2023\/11\/14\/la-inflacion-de-octubre-registro-una-desaceleracion\/embed\/#?secret=X1EpPMrVOM#?secret=ubcogt5Qf9\" data-secret=\"ubcogt5Qf9\" width=\"600\" height=\"338\" frameborder=\"0\" marginwidth=\"0\" marginheight=\"0\" scrolling=\"no\"><\/iframe>\n<\/div><\/figure>\n","protected":false},"excerpt":{"rendered":"<p>En el marco del programa \u00abRed P\u00fablica de conexi\u00f3n aeroportuaria\u00bb, habr\u00e1 dos l\u00edneas de colectivos que har\u00e1n su recorrido desde<\/p>\n","protected":false},"author":1,"featured_media":59237,"comment_status":"closed","ping_status":"closed","sticky":false,"template":"","format":"standard","meta":{"colormag_page_container_layout":"default_layout","colormag_page_sidebar_layout":"default_layout","footnotes":""},"categories":[17,10],"tags":[4998,2059,34,2525],"class_list":["post-59235","post","type-post","status-publish","format-standard","has-post-thumbnail","hentry","category-destacadas","category-sociedad","tag-aeroparque-jorge-newbery","tag-colectivo","tag-liniers","tag-moron-2"],"_links":{"self":[{"href":"https:\/\/sectorprensa.com.ar\/index.php?rest_route=\/wp\/v2\/posts\/59235","targetHints":{"allow":["GET"]}}],"collection":[{"href":"https:\/\/sectorprensa.com.ar\/index.php?rest_route=\/wp\/v2\/posts"}],"about":[{"href":"https:\/\/sectorprensa.com.ar\/index.php?rest_route=\/wp\/v2\/types\/post"}],"author":[{"embeddable":true,"href":"https:\/\/sectorprensa.com.ar\/index.php?rest_route=\/wp\/v2\/users\/1"}],"replies":[{"embeddable":true,"href":"https:\/\/sectorprensa.com.ar\/index.php?rest_route=%2Fwp%2Fv2%2Fcomments&post=59235"}],"version-history":[{"count":1,"href":"https:\/\/sectorprensa.com.ar\/index.php?rest_route=\/wp\/v2\/posts\/59235\/revisions"}],"predecessor-version":[{"id":59238,"href":"https:\/\/sectorprensa.com.ar\/index.php?rest_route=\/wp\/v2\/posts\/59235\/revisions\/59238"}],"wp:featuredmedia":[{"embeddable":true,"href":"https:\/\/sectorprensa.com.ar\/index.php?rest_route=\/wp\/v2\/media\/59237"}],"wp:attachment":[{"href":"https:\/\/sectorprensa.com.ar\/index.php?rest_route=%2Fwp%2Fv2%2Fmedia&parent=59235"}],"wp:term":[{"taxonomy":"category","embeddable":true,"href":"https:\/\/sectorprensa.com.ar\/index.php?rest_route=%2Fwp%2Fv2%2Fcategories&post=59235"},{"taxonomy":"post_tag","embeddable":true,"href":"https:\/\/sectorprensa.com.ar\/index.php?rest_route=%2Fwp%2Fv2%2Ftags&post=59235"}],"curies":[{"name":"wp","href":"https:\/\/api.w.org\/{rel}","templated":true}]}}