{"id":59245,"date":"2023-11-15T16:07:01","date_gmt":"2023-11-15T19:07:01","guid":{"rendered":"https:\/\/sectorprensa.com.ar\/?p=59245"},"modified":"2023-11-15T16:12:32","modified_gmt":"2023-11-15T19:12:32","slug":"el-mensaje-de-la-pastoral-social-de-la-diocesis-merlo-moreno-debemos-valorar-y-defender-la-democracia","status":"publish","type":"post","link":"https:\/\/sectorprensa.com.ar\/?p=59245","title":{"rendered":"El mensaje de la Pastoral Social de la Di\u00f3cesis Merlo \u2013 Moreno: \u201cDebemos valorar y defender la democracia\u201d"},"content":{"rendered":"\n<h6 class=\"wp-block-heading\"><strong>Expresaron que en estas elecciones \u201cse plantean dos modelos de pa\u00eds\u201d y acompa\u00f1aron al Papa Francisco.<\/strong><\/h6>\n\n\n\n<p>La Pastoral Social de la Di\u00f3cesis de Merlo \u2013 Moreno escribi\u00f3 un mensaje en sus redes sociales con respecto al balotaje del pr\u00f3ximo domingo, donde \u201cse plantean dos modelos de pa\u00eds\u201d y criticando la postura de Javier Milei.<\/p>\n\n\n\n<p>\u201cPor un lado dejarnos seducir por le personaje de \u201cEl flautista de Hamelin\u201d, que nos termina llevando a todos al precipicio\u201d, dice un fragmento del texto. Y contin\u00faa: \u201cPromesas electorales vac\u00edas de contenido, basadas en `una tristeza individualista que brota del coraz\u00f3n c\u00f3modo y avaro, de la b\u00fasqueda enfermiza de placeres superficiales, de la conciencia aislada\u201d.<\/p>\n\n\n\n<p>Y sigue: \u201cPor el otro como bautizados, somos sal y luz en el mundo, comprometidos a ser testigos de Dios, imitando los gestos de Jes\u00fas. Si amamos a Dios no puedo dejar de amar a mi hermano\u201d.<\/p>\n\n\n\n<figure class=\"wp-block-image size-large\"><img loading=\"lazy\" decoding=\"async\" width=\"723\" height=\"1024\" src=\"https:\/\/sectorprensa.com.ar\/wp-content\/uploads\/2023\/11\/400617329_324667936986328_1317334890070388599_n-723x1024.jpg\" alt=\"\" class=\"wp-image-59246\" srcset=\"https:\/\/sectorprensa.com.ar\/wp-content\/uploads\/2023\/11\/400617329_324667936986328_1317334890070388599_n-723x1024.jpg 723w, https:\/\/sectorprensa.com.ar\/wp-content\/uploads\/2023\/11\/400617329_324667936986328_1317334890070388599_n-212x300.jpg 212w, https:\/\/sectorprensa.com.ar\/wp-content\/uploads\/2023\/11\/400617329_324667936986328_1317334890070388599_n-768x1088.jpg 768w, https:\/\/sectorprensa.com.ar\/wp-content\/uploads\/2023\/11\/400617329_324667936986328_1317334890070388599_n-1084x1536.jpg 1084w, https:\/\/sectorprensa.com.ar\/wp-content\/uploads\/2023\/11\/400617329_324667936986328_1317334890070388599_n.jpg 1170w\" sizes=\"auto, (max-width: 723px) 100vw, 723px\" \/><\/figure>\n\n\n\n<p>Adem\u00e1s, sostuvieron que \u201cindudablemente en estos 40 a\u00f1os se ha transitado y vivido por muchos momentos de tensiones, etapas cr\u00edticas, favorables y desfavorables para nuestra democracia. Pero, aun as\u00ed, debemos valorarla y defenderla permaneciendo siempre alertas a su cuidado, porque sigue siendo el mejor sistema de representaci\u00f3n de todo el Pueblo.<\/p>\n\n\n\n<p>Por otra parte, expresaron su acompa\u00f1amiento \u201cal Papa Francisco, por lo que invitamos a la relectura de su carta enc\u00edclica Laudato Si, donde nos compromete al cuidado de la Casa Com\u00fan y del cap\u00edtulo 5 \u00b4La mejor pol\u00edtica\u00b4 de la enc\u00edclica Fratelli tutti\u201d.<\/p>\n\n\n\n<p>\u201cQue en estas pr\u00f3ximas elecciones, podamos manifestar nuestra voluntad popular, pensando y eligiendo nuestras autoridades, esperanzados de seguir construyendo, el presente y futuro de una Patria Argentina m\u00e1s justa, m\u00e1s fraterna, para todos los que la habitamos y deseamos habitar este suelo argentino\u201d, concluyeron.<\/p>\n\n\n\n<figure class=\"wp-block-image size-large\"><img loading=\"lazy\" decoding=\"async\" width=\"645\" height=\"1024\" src=\"https:\/\/sectorprensa.com.ar\/wp-content\/uploads\/2023\/11\/33-1-645x1024.jpg\" alt=\"\" class=\"wp-image-59250\" srcset=\"https:\/\/sectorprensa.com.ar\/wp-content\/uploads\/2023\/11\/33-1-645x1024.jpg 645w, https:\/\/sectorprensa.com.ar\/wp-content\/uploads\/2023\/11\/33-1-189x300.jpg 189w, https:\/\/sectorprensa.com.ar\/wp-content\/uploads\/2023\/11\/33-1-768x1219.jpg 768w, https:\/\/sectorprensa.com.ar\/wp-content\/uploads\/2023\/11\/33-1-968x1536.jpg 968w, https:\/\/sectorprensa.com.ar\/wp-content\/uploads\/2023\/11\/33-1.jpg 1170w\" sizes=\"auto, (max-width: 645px) 100vw, 645px\" \/><\/figure>\n\n\n\n<figure class=\"wp-block-embed is-type-wp-embed is-provider-sector-prensa wp-block-embed-sector-prensa\"><div class=\"wp-block-embed__wrapper\">\n<blockquote class=\"wp-embedded-content\" data-secret=\"3UD7jz1FKn\"><a href=\"https:\/\/sectorprensa.com.ar\/2023\/11\/15\/berni-dejara-el-ministerio-de-seguridad-bonaerense\/\">Berni dejar\u00e1 el Ministerio de Seguridad bonaerense<\/a><\/blockquote><iframe loading=\"lazy\" class=\"wp-embedded-content\" sandbox=\"allow-scripts\" security=\"restricted\" style=\"position: absolute; clip: rect(1px, 1px, 1px, 1px);\" title=\"\u00abBerni dejar\u00e1 el Ministerio de Seguridad bonaerense\u00bb \u2014 Sector Prensa\" src=\"https:\/\/sectorprensa.com.ar\/2023\/11\/15\/berni-dejara-el-ministerio-de-seguridad-bonaerense\/embed\/#?secret=X3MwAn5Svz#?secret=3UD7jz1FKn\" data-secret=\"3UD7jz1FKn\" width=\"600\" height=\"338\" frameborder=\"0\" marginwidth=\"0\" marginheight=\"0\" scrolling=\"no\"><\/iframe>\n<\/div><\/figure>\n","protected":false},"excerpt":{"rendered":"<p>Expresaron que en estas elecciones \u201cse plantean dos modelos de pa\u00eds\u201d y acompa\u00f1aron al Papa Francisco. La Pastoral Social de<\/p>\n","protected":false},"author":6,"featured_media":59252,"comment_status":"closed","ping_status":"closed","sticky":false,"template":"","format":"standard","meta":{"colormag_page_container_layout":"default_layout","colormag_page_sidebar_layout":"default_layout","footnotes":""},"categories":[6828,7,2154,8],"tags":[8212,327,7117,8294],"class_list":["post-59245","post","type-post","status-publish","format-standard","has-post-thumbnail","hentry","category-mas-destacadas","category-merlo","category-moreno","category-politica","tag-balotaje","tag-elecciones","tag-elecciones-2023","tag-pastoral-social"],"_links":{"self":[{"href":"https:\/\/sectorprensa.com.ar\/index.php?rest_route=\/wp\/v2\/posts\/59245","targetHints":{"allow":["GET"]}}],"collection":[{"href":"https:\/\/sectorprensa.com.ar\/index.php?rest_route=\/wp\/v2\/posts"}],"about":[{"href":"https:\/\/sectorprensa.com.ar\/index.php?rest_route=\/wp\/v2\/types\/post"}],"author":[{"embeddable":true,"href":"https:\/\/sectorprensa.com.ar\/index.php?rest_route=\/wp\/v2\/users\/6"}],"replies":[{"embeddable":true,"href":"https:\/\/sectorprensa.com.ar\/index.php?rest_route=%2Fwp%2Fv2%2Fcomments&post=59245"}],"version-history":[{"count":2,"href":"https:\/\/sectorprensa.com.ar\/index.php?rest_route=\/wp\/v2\/posts\/59245\/revisions"}],"predecessor-version":[{"id":59253,"href":"https:\/\/sectorprensa.com.ar\/index.php?rest_route=\/wp\/v2\/posts\/59245\/revisions\/59253"}],"wp:featuredmedia":[{"embeddable":true,"href":"https:\/\/sectorprensa.com.ar\/index.php?rest_route=\/wp\/v2\/media\/59252"}],"wp:attachment":[{"href":"https:\/\/sectorprensa.com.ar\/index.php?rest_route=%2Fwp%2Fv2%2Fmedia&parent=59245"}],"wp:term":[{"taxonomy":"category","embeddable":true,"href":"https:\/\/sectorprensa.com.ar\/index.php?rest_route=%2Fwp%2Fv2%2Fcategories&post=59245"},{"taxonomy":"post_tag","embeddable":true,"href":"https:\/\/sectorprensa.com.ar\/index.php?rest_route=%2Fwp%2Fv2%2Ftags&post=59245"}],"curies":[{"name":"wp","href":"https:\/\/api.w.org\/{rel}","templated":true}]}}