{"id":59501,"date":"2023-11-24T12:51:57","date_gmt":"2023-11-24T15:51:57","guid":{"rendered":"https:\/\/sectorprensa.com.ar\/?p=59501"},"modified":"2023-11-24T12:51:57","modified_gmt":"2023-11-24T15:51:57","slug":"el-municipio-de-moron-confirmo-el-pago-del-aguinaldo-en-diciembre","status":"publish","type":"post","link":"https:\/\/sectorprensa.com.ar\/?p=59501","title":{"rendered":"El Municipio de Mor\u00f3n confirm\u00f3 el pago del aguinaldo en diciembre"},"content":{"rendered":"\n<h6 class=\"wp-block-heading\"><strong>Se abonar\u00e1n los salarios de noviembre \u2013con el aumento ya anunciado- el 29 de este mes; el medio aguinaldo (SAC), el 20 de diciembre; y el bono extraordinario de $ 20.000, el 5 de enero.<\/strong><\/h6>\n\n\n\n<p id=\"431a\">El Municipio de Mor\u00f3n confirm\u00f3 el pago normal de los haberes, el sueldo anual complementario y el bono extraordinario, de acuerdo al cronograma habitual. Tal como fue planificado por la comuna, el mismo comprende que se abonar\u00e1n los salarios de noviembre \u2013con el aumento ya anunciado- el 29 de este mes; el medio aguinaldo (SAC), el 20 de diciembre; y el bono extraordinario de $ 20.000, el 5 de enero. Asimismo, se prev\u00e9 para el \u00faltimo d\u00eda h\u00e1bil del a\u00f1o el pago de los haberes de diciembre.<\/p>\n\n\n\n<p id=\"cb3f\">En los haberes a cobrarse a fines de este mes, las y los trabajadores municipales percibir\u00e1n un incremento del 15% en el b\u00e1sico, tal como fue acordado con los gremios y anunciado por el intendente Lucas Ghi. En el caso del personal del Sistema \u00danico Municipal de Salud, los haberes de noviembre acumular\u00e1n una suba retroactiva del 12% desde octubre m\u00e1s un 3% de noviembre; mientras que en diciembre sumar\u00e1n otro 3% de aumento en los b\u00e1sicos.<\/p>\n\n\n\n<p id=\"c6a1\">De acuerdo a las normas vigentes, el monto del SAC se calcular\u00e1 con el mejor salario percibido en el a\u00f1o, de manera que incorporar\u00e1 todas las mejoras salariales establecidas hasta hoy.<\/p>\n\n\n\n<figure class=\"wp-block-embed is-type-wp-embed is-provider-sector-prensa wp-block-embed-sector-prensa\"><div class=\"wp-block-embed__wrapper\">\n<blockquote class=\"wp-embedded-content\" data-secret=\"Kygc6gnbH5\"><a href=\"https:\/\/sectorprensa.com.ar\/2023\/11\/23\/lucas-ghi-ojala-milei-revise-esta-premisa-de-suspender-la-obra-publica\/\">Lucas Ghi: \u201cOjal\u00e1 Milei revise esta premisa de suspender la obra p\u00fablica\u201d<\/a><\/blockquote><iframe loading=\"lazy\" class=\"wp-embedded-content\" sandbox=\"allow-scripts\" security=\"restricted\" style=\"position: absolute; clip: rect(1px, 1px, 1px, 1px);\" title=\"\u00abLucas Ghi: \u201cOjal\u00e1 Milei revise esta premisa de suspender la obra p\u00fablica\u201d\u00bb \u2014 Sector Prensa\" src=\"https:\/\/sectorprensa.com.ar\/2023\/11\/23\/lucas-ghi-ojala-milei-revise-esta-premisa-de-suspender-la-obra-publica\/embed\/#?secret=ldLSknphTY#?secret=Kygc6gnbH5\" data-secret=\"Kygc6gnbH5\" width=\"600\" height=\"338\" frameborder=\"0\" marginwidth=\"0\" marginheight=\"0\" scrolling=\"no\"><\/iframe>\n<\/div><\/figure>\n","protected":false},"excerpt":{"rendered":"<p>Se abonar\u00e1n los salarios de noviembre \u2013con el aumento ya anunciado- el 29 de este mes; el medio aguinaldo (SAC),<\/p>\n","protected":false},"author":6,"featured_media":59502,"comment_status":"closed","ping_status":"closed","sticky":false,"template":"","format":"standard","meta":{"colormag_page_container_layout":"default_layout","colormag_page_sidebar_layout":"default_layout","footnotes":""},"categories":[17,5,1173,10],"tags":[1889,2525,6460],"class_list":["post-59501","post","type-post","status-publish","format-standard","has-post-thumbnail","hentry","category-destacadas","category-moron","category-municipales","category-sociedad","tag-aguinaldo","tag-moron-2","tag-municipio-de-moron"],"_links":{"self":[{"href":"https:\/\/sectorprensa.com.ar\/index.php?rest_route=\/wp\/v2\/posts\/59501","targetHints":{"allow":["GET"]}}],"collection":[{"href":"https:\/\/sectorprensa.com.ar\/index.php?rest_route=\/wp\/v2\/posts"}],"about":[{"href":"https:\/\/sectorprensa.com.ar\/index.php?rest_route=\/wp\/v2\/types\/post"}],"author":[{"embeddable":true,"href":"https:\/\/sectorprensa.com.ar\/index.php?rest_route=\/wp\/v2\/users\/6"}],"replies":[{"embeddable":true,"href":"https:\/\/sectorprensa.com.ar\/index.php?rest_route=%2Fwp%2Fv2%2Fcomments&post=59501"}],"version-history":[{"count":1,"href":"https:\/\/sectorprensa.com.ar\/index.php?rest_route=\/wp\/v2\/posts\/59501\/revisions"}],"predecessor-version":[{"id":59503,"href":"https:\/\/sectorprensa.com.ar\/index.php?rest_route=\/wp\/v2\/posts\/59501\/revisions\/59503"}],"wp:featuredmedia":[{"embeddable":true,"href":"https:\/\/sectorprensa.com.ar\/index.php?rest_route=\/wp\/v2\/media\/59502"}],"wp:attachment":[{"href":"https:\/\/sectorprensa.com.ar\/index.php?rest_route=%2Fwp%2Fv2%2Fmedia&parent=59501"}],"wp:term":[{"taxonomy":"category","embeddable":true,"href":"https:\/\/sectorprensa.com.ar\/index.php?rest_route=%2Fwp%2Fv2%2Fcategories&post=59501"},{"taxonomy":"post_tag","embeddable":true,"href":"https:\/\/sectorprensa.com.ar\/index.php?rest_route=%2Fwp%2Fv2%2Ftags&post=59501"}],"curies":[{"name":"wp","href":"https:\/\/api.w.org\/{rel}","templated":true}]}}