{"id":59842,"date":"2023-12-07T09:25:22","date_gmt":"2023-12-07T12:25:22","guid":{"rendered":"https:\/\/sectorprensa.com.ar\/?p=59842"},"modified":"2023-12-07T09:25:23","modified_gmt":"2023-12-07T12:25:23","slug":"nuevo-cronograma-de-ferias-y-mercados-en-moron","status":"publish","type":"post","link":"https:\/\/sectorprensa.com.ar\/?p=59842","title":{"rendered":"Nuevo cronograma de ferias y mercados en Mor\u00f3n"},"content":{"rendered":"\n<h6 class=\"wp-block-heading\"><strong>El Estado local contin\u00faa con el esquema de ferias y mercados que recorren toda la comuna. La iniciativa permite acceder a productos de calidad y a precios accesibles. Se trata de las propuestas de Mercados Bonaerenses y del Mercado Municipal Mor\u00f3n.<\/strong><\/h6>\n\n\n\n<p id=\"198c\">El Municipio de Mor\u00f3n contin\u00faa con el esquema para acercar a los barrios la posibilidad de comprar alimentos a precios accesibles, a trav\u00e9s de ferias y mercados.<\/p>\n\n\n\n<p id=\"38ea\">Entre las distintas propuestas que incluye la comuna se encuentra el Mercado Mor\u00f3n que ofrece alimentos, art\u00edculos de almac\u00e9n y limpieza, directos de productores y mayoristas. Este espacio ubicado en Av. Presidente Per\u00f3n -ex Gaona- 3883, abre sus puertas de lunes a s\u00e1bados de 9 a 18, y los domingos y feriados de 9 a 13.<\/p>\n\n\n\n<p id=\"e9c9\">Tambi\u00e9n, semanalmente, el esquema itinerante de Mercados Bonaerenses continuar\u00e1 recorriendo los barrios con sus puestos de frutas, verduras, panificados, pescados, entre otros productos. En estos caos, adem\u00e1s de la compra espont\u00e1nea que se puede realizar en cada edici\u00f3n de Mercados Bonaerenses, las y los interesados tambi\u00e9n pueden hacer su pedido previamente completando el formulario:&nbsp;<a href=\"https:\/\/bit.ly\/compra_anticipada\" rel=\"noreferrer noopener\" target=\"_blank\">https:\/\/bit.ly\/compra_anticipada<\/a><\/p>\n\n\n\n<p id=\"518c\">Los Mercados Bonaerenses funcionan de 9 a 13hs y \u00e9ste ser\u00e1 el cronograma para diciembre:<\/p>\n\n\n\n<p id=\"e140\"><strong>Jueves 7<\/strong>: CAPS Malvinas Argentinas (Marconi y Namuncur\u00e1) Barrio Carlos Gardel, UGC 12.<\/p>\n\n\n\n<p id=\"727a\"><strong>Martes 12<\/strong>: UGC 10, Santa Marta 1871 (e\/ Corrientes y Australia), Castelar sur.<\/p>\n\n\n\n<p id=\"c20a\"><strong>Mi\u00e9rcoles 13<\/strong>: Plaza Barrio Luz y Fuerza (Belgrano y Ag\u00fcero) Mor\u00f3n sur, UGC 8.<\/p>\n\n\n\n<p id=\"625e\"><strong>Jueves 14<\/strong>: Plaza Belgrano (Sourignes y Catriel), El Palomar, UGC 3.<\/p>\n\n\n\n<p id=\"5d49\"><strong>Viernes 15<\/strong>: Isabel de Pardo y Casacuberta, (Barrio Marina), Castelar sur, UGC 5.<\/p>\n\n\n\n<p id=\"a9c2\"><strong>Lunes 18<\/strong>: Plaza San Jos\u00e9 (Pres Iba\u00f1ez y Grito de Alcorta), Mor\u00f3n sur, UGC 9.<\/p>\n\n\n\n<p id=\"fdaa\"><strong>Martes 19<\/strong>: Plaza Manzanar (Ruiz Diaz y Santiago del Estero) Mor\u00f3n sur, UGC 6.<\/p>\n\n\n\n<p id=\"a3fc\"><strong>Mi\u00e9rcoles 20<\/strong>: Plaza Goria (Vuelta de Obligado y Goria) Haedo, UGC 2.<\/p>\n\n\n\n<p id=\"d5a7\"><strong>Jueves 21<\/strong>: Plaza de La Madre (Arrieta y Florencio Sanchez) Castelar, UGC 11.<\/p>\n\n\n\n<p id=\"1605\"><strong>Martes 27<\/strong>: Plaza Gattinoni (Fco. Madero 599) Villa Sarmiento, UGC 7, de 9 a 13 hs.<\/p>\n\n\n\n<p id=\"24a2\"><strong>Mi\u00e9rcoles 28<\/strong>: Plaza Saenz Pe\u00f1a (Berra y Paunero), Mor\u00f3n, UGC 1,de 9 a 13 hs.<\/p>\n\n\n\n<p id=\"4fe3\">Cabe resaltar que en cada espacio, los vecinos y vecinas pueden acceder adem\u00e1s al descuento del 40% abonando con Cuenta DNI (de acuerdo a las promociones vigentes de la billetera virtual).<\/p>\n\n\n\n<p id=\"11d0\">Asimismo, las y los moronenses tambi\u00e9n cuentan con el Espacio de Agroecolog\u00eda Urbana Municipal en el que a trav\u00e9s de la huerta agroecol\u00f3gica Mor\u00f3n SurCo, pueden reservar bolsones de frutas y verduras libres de pesticidas y agrot\u00f3xicos, como as\u00ed tambi\u00e9n huevos agroecol\u00f3gicos. Los mismos se reservan previamente comunic\u00e1ndose por WhatsApp al 1124008507 y se retiran en el Vivero Municipal (Stevenson 2355).<\/p>\n\n\n\n<figure class=\"wp-block-embed is-type-wp-embed is-provider-sector-prensa wp-block-embed-sector-prensa\"><div class=\"wp-block-embed__wrapper\">\n<blockquote class=\"wp-embedded-content\" data-secret=\"SDTMRhYUcK\"><a href=\"https:\/\/sectorprensa.com.ar\/2023\/12\/05\/construyen-un-colegio-sustentable-en-la-base-aerea-de-moron-utilizando-materiales-reciclados\/\">Construyen un colegio sustentable en la Base A\u00e9rea de Mor\u00f3n utilizando materiales reciclados<\/a><\/blockquote><iframe loading=\"lazy\" class=\"wp-embedded-content\" sandbox=\"allow-scripts\" security=\"restricted\" style=\"position: absolute; clip: rect(1px, 1px, 1px, 1px);\" title=\"\u00abConstruyen un colegio sustentable en la Base A\u00e9rea de Mor\u00f3n utilizando materiales reciclados\u00bb \u2014 Sector Prensa\" src=\"https:\/\/sectorprensa.com.ar\/2023\/12\/05\/construyen-un-colegio-sustentable-en-la-base-aerea-de-moron-utilizando-materiales-reciclados\/embed\/#?secret=taBazJknDs#?secret=SDTMRhYUcK\" data-secret=\"SDTMRhYUcK\" width=\"600\" height=\"338\" frameborder=\"0\" marginwidth=\"0\" marginheight=\"0\" scrolling=\"no\"><\/iframe>\n<\/div><\/figure>\n","protected":false},"excerpt":{"rendered":"<p>El Estado local contin\u00faa con el esquema de ferias y mercados que recorren toda la comuna. La iniciativa permite acceder<\/p>\n","protected":false},"author":6,"featured_media":59844,"comment_status":"closed","ping_status":"closed","sticky":false,"template":"","format":"standard","meta":{"colormag_page_container_layout":"default_layout","colormag_page_sidebar_layout":"default_layout","footnotes":""},"categories":[17,5,1173,10],"tags":[6347,7747,2525],"class_list":["post-59842","post","type-post","status-publish","format-standard","has-post-thumbnail","hentry","category-destacadas","category-moron","category-municipales","category-sociedad","tag-ferias","tag-mercado-moron","tag-moron-2"],"_links":{"self":[{"href":"https:\/\/sectorprensa.com.ar\/index.php?rest_route=\/wp\/v2\/posts\/59842","targetHints":{"allow":["GET"]}}],"collection":[{"href":"https:\/\/sectorprensa.com.ar\/index.php?rest_route=\/wp\/v2\/posts"}],"about":[{"href":"https:\/\/sectorprensa.com.ar\/index.php?rest_route=\/wp\/v2\/types\/post"}],"author":[{"embeddable":true,"href":"https:\/\/sectorprensa.com.ar\/index.php?rest_route=\/wp\/v2\/users\/6"}],"replies":[{"embeddable":true,"href":"https:\/\/sectorprensa.com.ar\/index.php?rest_route=%2Fwp%2Fv2%2Fcomments&post=59842"}],"version-history":[{"count":1,"href":"https:\/\/sectorprensa.com.ar\/index.php?rest_route=\/wp\/v2\/posts\/59842\/revisions"}],"predecessor-version":[{"id":59846,"href":"https:\/\/sectorprensa.com.ar\/index.php?rest_route=\/wp\/v2\/posts\/59842\/revisions\/59846"}],"wp:featuredmedia":[{"embeddable":true,"href":"https:\/\/sectorprensa.com.ar\/index.php?rest_route=\/wp\/v2\/media\/59844"}],"wp:attachment":[{"href":"https:\/\/sectorprensa.com.ar\/index.php?rest_route=%2Fwp%2Fv2%2Fmedia&parent=59842"}],"wp:term":[{"taxonomy":"category","embeddable":true,"href":"https:\/\/sectorprensa.com.ar\/index.php?rest_route=%2Fwp%2Fv2%2Fcategories&post=59842"},{"taxonomy":"post_tag","embeddable":true,"href":"https:\/\/sectorprensa.com.ar\/index.php?rest_route=%2Fwp%2Fv2%2Ftags&post=59842"}],"curies":[{"name":"wp","href":"https:\/\/api.w.org\/{rel}","templated":true}]}}