{"id":59858,"date":"2023-12-07T09:29:23","date_gmt":"2023-12-07T12:29:23","guid":{"rendered":"https:\/\/sectorprensa.com.ar\/?p=59858"},"modified":"2023-12-07T09:29:24","modified_gmt":"2023-12-07T12:29:24","slug":"una-escuela-de-ituzaingo-paso-a-llamarse-sonia-von-schmeling","status":"publish","type":"post","link":"https:\/\/sectorprensa.com.ar\/?p=59858","title":{"rendered":"Una escuela de Ituzaing\u00f3 pas\u00f3 a llamarse \u201cSonia Von Schmeling\u201d"},"content":{"rendered":"\n<h6 class=\"wp-block-heading\"><strong>El Jefe de Gabinete e intendente electo de Ituzaing\u00f3 Pablo Descalzo encabez\u00f3 el acto, en el que tambi\u00e9n particip\u00f3 Nora Corti\u00f1as, cofundadora de Madres de Plaza de Mayo. <\/strong><\/h6>\n\n\n\n<p>El Jefe de Gabinete e intendente electo de Ituzaing\u00f3 Pablo Descalzo encabez\u00f3 el acto de imposici\u00f3n de nombre de la Escuela de Educaci\u00f3n Secundaria N\u00b08 de Villa Udaondo, la cual llevar\u00e1 el nombre Sonia Von Schmeling, la joven estudiante de Ituzaing\u00f3 detenida-desaparecida durante la \u00faltima dictadura c\u00edvico-militar. En la ceremonia estuvo presente la Cofundadora de Madres de Plaza de Mayo, Nora Corti\u00f1as.<\/p>\n\n\n\n<p>Durante el acto se proyect\u00f3 el trailer del documental \u201cSonia regresa al barrio\u201d presentado por el docente Uriel Casella y los estudiantes que participaron del proyecto que se present\u00f3 en el encuentro final del Programa J\u00f3venes y Memoria, que se realiza todos los a\u00f1os en la ciudad balnearia de Chapadmalal.<\/p>\n\n\n\n<figure class=\"wp-block-embed is-type-rich is-provider-twitter wp-block-embed-twitter\"><div class=\"wp-block-embed__wrapper\">\n<blockquote class=\"twitter-tweet\" data-width=\"550\" data-dnt=\"true\"><p lang=\"es\" dir=\"ltr\">La Escuela Secundaria N\u00ba8 eligi\u00f3 un nombre que abraza la Memoria, la Verdad y la Justicia: el de Sonia Von Schmeling, detenida desaparecida durante la \u00faltima dictadura. Honremos el legado de las Abuelas, de las Madres y de quienes lucharon por un mundo m\u00e1s justo. <a href=\"https:\/\/t.co\/d7vpUCdkkm\">pic.twitter.com\/d7vpUCdkkm<\/a><\/p>&mdash; Pablo Descalzo (@PablocDescalzo) <a href=\"https:\/\/twitter.com\/PablocDescalzo\/status\/1730584234086092854?ref_src=twsrc%5Etfw\">December 1, 2023<\/a><\/blockquote><script async src=\"https:\/\/platform.twitter.com\/widgets.js\" charset=\"utf-8\"><\/script>\n<\/div><\/figure>\n\n\n\n<p>Sonia cursaba el secundario en el Colegio Nuestra Se\u00f1ora de Lourdes, en Villa Udaondo, era integrante de la Uni\u00f3n de Estudiantes Secundarios (UES) y militaba por los derechos de las y los j\u00f3venes. Ten\u00eda 16 a\u00f1os cuando fue secuestrada por la \u00faltima dictadura c\u00edvico-militar la noche del 28 de septiembre de 1977. A\u00fan permanece desaparecida.<\/p>\n\n\n\n<p>Durante sus palabras, Pablo Descalzo destac\u00f3: \u201cEs un d\u00eda de mucha felicidad para toda la comunidad educativa de la E.E.S N\u00b08; a partir de hoy tiene una identidad que abraza la memoria, la verdad y la justicia. Tener esta escuela p\u00fablica y que lleve el nombre de Sonia es un homenaje para ella, para sus compa\u00f1eros de la UES, y para los 30.000 desaparecidos\/as-detenidos\/as. Hoy m\u00e1s que nunca peleamos por la igualdad y por seguir construyendo esa Patria que buscaban nuestros compa\u00f1eros, una Patria justa, libre y soberana. Sigamos honrando el legado de las Madres, de las Abuelas y de quienes dejaron hasta su vida por los sue\u00f1os de millones de Argentinos\u201d.<\/p>\n\n\n\n<p>A su vez, Ingrid Von Schmeling, hermana de Sonia, destac\u00f3: \u201cEs muy importante y muy emocionante para nosotros como familia que la escuela p\u00fablica del barrio donde naci\u00f3 y vivi\u00f3 Sonia lleve su nombre. Pero no s\u00f3lo por ella y su historia personal, sino por el colectivo que ella representa, por los miles de j\u00f3venes que fueron desaparecidos y sus compa\u00f1eros de militancia de Uni\u00f3n de Estudiantes Secundarios. A partir de hoy esta escuela se transforma en un emblema y es s\u00edmbolo de un compromiso con la verdad, la memoria y la justicia.\u201d<\/p>\n\n\n\n<p>Para finalizar, Nora Corti\u00f1as agreg\u00f3: \u201cEstos d\u00edas tenemos que defender m\u00e1s que nunca a la Patria, a nuestra Argentina, a nuestro pueblo. Tenemos que estar juntos, unidos, aceptar las disidencias y mirarnos a los ojos; contagiarnos del amor y no dejarnos infectar por el odio. La argentina vivi\u00f3 muchos momentos dif\u00edciles y salimos, y de este estamos seguros que vamos a salir. Tenemos la fuerza de una juventud hermosa.\u201d<\/p>\n\n\n\n<p>Estuvieron presentes durante el acto familiares de Sonia Von Schmeling, la Presidenta de la Liga Argentina por los Derechos Humanos, Iris Pereyra de Avellaneda, la Presidenta de la Asociaci\u00f3n Ser\u00e9 por la Memoria y la Vida, Mar\u00eda Teresa Ant\u00f3n, la Directora de la E.E.S. N\u00ba 8, Patricia Olmedo, el Director Provincial de Educaci\u00f3n Secundaria, Gustavo Galli, el Asesor de la Direcci\u00f3n Provincial de Educaci\u00f3n Secundaria, Ra\u00fal Emanuele, y autoridades del Gobierno Municipal.<\/p>\n\n\n\n<figure class=\"wp-block-embed is-type-wp-embed is-provider-sector-prensa wp-block-embed-sector-prensa\"><div class=\"wp-block-embed__wrapper\">\n<blockquote class=\"wp-embedded-content\" data-secret=\"4sNghkSG4W\"><a href=\"https:\/\/sectorprensa.com.ar\/2023\/11\/27\/__trashed-10\/\">Pablo Descalzo: \u201cA seguir profundizando las pol\u00edticas destinadas a erradicar la violencia contra las mujeres\u201d<\/a><\/blockquote><iframe loading=\"lazy\" class=\"wp-embedded-content\" sandbox=\"allow-scripts\" security=\"restricted\" style=\"position: absolute; clip: rect(1px, 1px, 1px, 1px);\" title=\"\u00abPablo Descalzo: \u201cA seguir profundizando las pol\u00edticas destinadas a erradicar la violencia contra las mujeres\u201d\u00bb \u2014 Sector Prensa\" src=\"https:\/\/sectorprensa.com.ar\/2023\/11\/27\/__trashed-10\/embed\/#?secret=7R7bgA3ZWz#?secret=4sNghkSG4W\" data-secret=\"4sNghkSG4W\" width=\"600\" height=\"338\" frameborder=\"0\" marginwidth=\"0\" marginheight=\"0\" scrolling=\"no\"><\/iframe>\n<\/div><\/figure>\n","protected":false},"excerpt":{"rendered":"<p>El Jefe de Gabinete e intendente electo de Ituzaing\u00f3 Pablo Descalzo encabez\u00f3 el acto, en el que tambi\u00e9n particip\u00f3 Nora<\/p>\n","protected":false},"author":6,"featured_media":59859,"comment_status":"closed","ping_status":"closed","sticky":false,"template":"","format":"standard","meta":{"colormag_page_container_layout":"default_layout","colormag_page_sidebar_layout":"default_layout","footnotes":""},"categories":[17,4,8,10],"tags":[1536,49,537,8366],"class_list":["post-59858","post","type-post","status-publish","format-standard","has-post-thumbnail","hentry","category-destacadas","category-ituzaingo","category-politica","category-sociedad","tag-escuela","tag-ituzaingo","tag-pablo-descalzo","tag-sonia-von-schmeling"],"_links":{"self":[{"href":"https:\/\/sectorprensa.com.ar\/index.php?rest_route=\/wp\/v2\/posts\/59858","targetHints":{"allow":["GET"]}}],"collection":[{"href":"https:\/\/sectorprensa.com.ar\/index.php?rest_route=\/wp\/v2\/posts"}],"about":[{"href":"https:\/\/sectorprensa.com.ar\/index.php?rest_route=\/wp\/v2\/types\/post"}],"author":[{"embeddable":true,"href":"https:\/\/sectorprensa.com.ar\/index.php?rest_route=\/wp\/v2\/users\/6"}],"replies":[{"embeddable":true,"href":"https:\/\/sectorprensa.com.ar\/index.php?rest_route=%2Fwp%2Fv2%2Fcomments&post=59858"}],"version-history":[{"count":2,"href":"https:\/\/sectorprensa.com.ar\/index.php?rest_route=\/wp\/v2\/posts\/59858\/revisions"}],"predecessor-version":[{"id":59866,"href":"https:\/\/sectorprensa.com.ar\/index.php?rest_route=\/wp\/v2\/posts\/59858\/revisions\/59866"}],"wp:featuredmedia":[{"embeddable":true,"href":"https:\/\/sectorprensa.com.ar\/index.php?rest_route=\/wp\/v2\/media\/59859"}],"wp:attachment":[{"href":"https:\/\/sectorprensa.com.ar\/index.php?rest_route=%2Fwp%2Fv2%2Fmedia&parent=59858"}],"wp:term":[{"taxonomy":"category","embeddable":true,"href":"https:\/\/sectorprensa.com.ar\/index.php?rest_route=%2Fwp%2Fv2%2Fcategories&post=59858"},{"taxonomy":"post_tag","embeddable":true,"href":"https:\/\/sectorprensa.com.ar\/index.php?rest_route=%2Fwp%2Fv2%2Ftags&post=59858"}],"curies":[{"name":"wp","href":"https:\/\/api.w.org\/{rel}","templated":true}]}}