{"id":59879,"date":"2023-12-08T11:17:37","date_gmt":"2023-12-08T14:17:37","guid":{"rendered":"https:\/\/sectorprensa.com.ar\/?p=59879"},"modified":"2023-12-08T11:17:38","modified_gmt":"2023-12-08T14:17:38","slug":"juraron-los-nuevos-concejales-de-moron","status":"publish","type":"post","link":"https:\/\/sectorprensa.com.ar\/?p=59879","title":{"rendered":"Juraron los nuevos concejales de Mor\u00f3n"},"content":{"rendered":"\n<h6 class=\"wp-block-heading\"><strong>La jura cont\u00f3 con la participaci\u00f3n del intendente Lucas Ghi. Marcelo Gonz\u00e1lez (Uni\u00f3n por la Patria) fue reelegido como presidente del cuerpo.<\/strong><\/h6>\n\n\n\n<p>De acuerdo a los resultados de las elecciones generales 2023, que dieron la reelecci\u00f3n del intendente Lucas Ghi en Mor\u00f3n, asumieron los nuevos ediles: 5 de Uni\u00f3n por la Patria, 4 de Juntos por el Cambio y 3 de La Libertad Avanza. Al mismo tiempo, fue reelegido como presidente del cuerpo Marcelo Gonz\u00e1lez (UP) y la Dra. Daniela Coullery como secretaria administrativa. Vanina Moro (UP) ser\u00e1 la Vicepresidenta 1ra y Daniela C\u00e1ceres (JxC) de Vicepresidenta 2da.<\/p>\n\n\n\n<p><strong>La lista de quienes asumen durante el per\u00edodo 2023 \u2013 2027 es:<\/strong><\/p>\n\n\n\n<p>Uni\u00f3n por la Patria: Lorena Acevedo, Marcelo Gonz\u00e1lez, Agust\u00edn Ramponelli, Nadia Diz y Tomas Balestrini.<\/p>\n\n\n\n<p>Juntos por el Cambio: Bernardo Magistocchi, Mar\u00eda Cecilia Solia, Adri\u00e1n Colonna y Daniela C\u00e1ceres.<\/p>\n\n\n\n<p>La Libertad Avanza: Ariel Aguilera, Alejandra Liquitay y Pablo Tozzi.<\/p>\n\n\n\n<figure class=\"wp-block-embed is-type-rich is-provider-twitter wp-block-embed-twitter\"><div class=\"wp-block-embed__wrapper\">\n<blockquote class=\"twitter-tweet\" data-width=\"550\" data-dnt=\"true\"><p lang=\"es\" dir=\"ltr\">\u00a1Asumieron las y los concejales de Mor\u00f3n!\ud83d\udc4f\ud83c\udffd<br><br>De acuerdo a los resultados de las elecciones generales 2023, que dieron la reelecci\u00f3n de <a href=\"https:\/\/twitter.com\/LucasGhi?ref_src=twsrc%5Etfw\">@LucasGhi<\/a>, asumieron los nuevos ediles. Los cargos que asumen son 5 de Uni\u00f3n por la Patria, 4 de Juntos por el Cambio y 3 de La Libertad Avanza. <a href=\"https:\/\/t.co\/cy29MMhd1q\">pic.twitter.com\/cy29MMhd1q<\/a><\/p>&mdash; Municipio de Mor\u00f3n (@MunicipioMoron) <a href=\"https:\/\/twitter.com\/MunicipioMoron\/status\/1732858763697168544?ref_src=twsrc%5Etfw\">December 7, 2023<\/a><\/blockquote><script async src=\"https:\/\/platform.twitter.com\/widgets.js\" charset=\"utf-8\"><\/script>\n<\/div><\/figure>\n\n\n\n<p>La ceremonia estuvo presidida por el concejal de mayor edad de la lista que result\u00f3 victoriosa en las generales 2023 (Uni\u00f3n por la Patria), Claudio Rom\u00e1n y ofici\u00f3 de secretaria Lorena Acevedo, la concejala m\u00e1s joven de la lista ganadora.<\/p>\n\n\n\n<p>Participaron de la jura el Intendente de Mor\u00f3n, Lucas Ghi, junto a Mart\u00edn Marinucci y Mart\u00edn Sabbatella, adem\u00e1s del Defensor del Pueblo de Mor\u00f3n Dr. Enrique Pochat y todos los secretarios y secretarias del departamento ejecutivo municipal.<\/p>\n","protected":false},"excerpt":{"rendered":"<p>La jura cont\u00f3 con la participaci\u00f3n del intendente Lucas Ghi. Marcelo Gonz\u00e1lez (Uni\u00f3n por la Patria) fue reelegido como presidente<\/p>\n","protected":false},"author":6,"featured_media":59880,"comment_status":"closed","ping_status":"closed","sticky":false,"template":"","format":"standard","meta":{"colormag_page_container_layout":"default_layout","colormag_page_sidebar_layout":"default_layout","footnotes":""},"categories":[6828,5,8],"tags":[568,2682,5315,2525],"class_list":["post-59879","post","type-post","status-publish","format-standard","has-post-thumbnail","hentry","category-mas-destacadas","category-moron","category-politica","tag-concejales","tag-hcd-moron","tag-jura","tag-moron-2"],"_links":{"self":[{"href":"https:\/\/sectorprensa.com.ar\/index.php?rest_route=\/wp\/v2\/posts\/59879","targetHints":{"allow":["GET"]}}],"collection":[{"href":"https:\/\/sectorprensa.com.ar\/index.php?rest_route=\/wp\/v2\/posts"}],"about":[{"href":"https:\/\/sectorprensa.com.ar\/index.php?rest_route=\/wp\/v2\/types\/post"}],"author":[{"embeddable":true,"href":"https:\/\/sectorprensa.com.ar\/index.php?rest_route=\/wp\/v2\/users\/6"}],"replies":[{"embeddable":true,"href":"https:\/\/sectorprensa.com.ar\/index.php?rest_route=%2Fwp%2Fv2%2Fcomments&post=59879"}],"version-history":[{"count":1,"href":"https:\/\/sectorprensa.com.ar\/index.php?rest_route=\/wp\/v2\/posts\/59879\/revisions"}],"predecessor-version":[{"id":59881,"href":"https:\/\/sectorprensa.com.ar\/index.php?rest_route=\/wp\/v2\/posts\/59879\/revisions\/59881"}],"wp:featuredmedia":[{"embeddable":true,"href":"https:\/\/sectorprensa.com.ar\/index.php?rest_route=\/wp\/v2\/media\/59880"}],"wp:attachment":[{"href":"https:\/\/sectorprensa.com.ar\/index.php?rest_route=%2Fwp%2Fv2%2Fmedia&parent=59879"}],"wp:term":[{"taxonomy":"category","embeddable":true,"href":"https:\/\/sectorprensa.com.ar\/index.php?rest_route=%2Fwp%2Fv2%2Fcategories&post=59879"},{"taxonomy":"post_tag","embeddable":true,"href":"https:\/\/sectorprensa.com.ar\/index.php?rest_route=%2Fwp%2Fv2%2Ftags&post=59879"}],"curies":[{"name":"wp","href":"https:\/\/api.w.org\/{rel}","templated":true}]}}