{"id":60057,"date":"2023-12-13T14:48:02","date_gmt":"2023-12-13T17:48:02","guid":{"rendered":"https:\/\/sectorprensa.com.ar\/?p=60057"},"modified":"2023-12-13T14:48:02","modified_gmt":"2023-12-13T17:48:02","slug":"merlo-homenaje-a-abuelas-y-madres-de-plaza-de-mayo","status":"publish","type":"post","link":"https:\/\/sectorprensa.com.ar\/?p=60057","title":{"rendered":"Merlo: homenaje a Abuelas y Madres de Plaza de Mayo"},"content":{"rendered":"\n<h6 class=\"wp-block-heading\"><strong>En el marco de los 40 a\u00f1os de democracia, se pintaron pa\u00f1uelos en una jornada por los derechos humanos. Participaron vecinos y autoridades municipales.<\/strong><\/h6>\n\n\n\n<p>El municipio de Merlo, a trav\u00e9s de la Direcci\u00f3n de Derechos Humanos, realiz\u00f3 un homenaje a Abuelas y Madres de Plaza de Mayo por su lucha en la \u00faltima dictadura c\u00edvico-militar. Durante la jornada, que tuvo lugar en el m\u00e1stil, los vecinos y autoridades municipales pintaron pa\u00f1uelos.<\/p>\n\n\n\n<p>\u201cEstamos conmemorando los 40 a\u00f1os de democracia, junto al D\u00eda Internacional de los Derechos Humanos. Nuestro objetivo es seguir construyendo la memoria colectiva. Vamos a seguir reivindicando la lucha por los 30 mil detenidos-desaparecidos\u201d, se\u00f1al\u00f3 Anabella Osorio, Directora de Derechos Humanos y quien particip\u00f3 en esta acci\u00f3n.<\/p>\n\n\n\n<p>La Presidenta del Honorable Concejo Deliberante, Alejandra Hahn, remarc\u00f3 que \u00abvamos a pintar los pa\u00f1uelos de las madres porque es un s\u00edmbolo de la lucha durante la dictadura para recuperar nietos, y saber el paradero de sus hijos\u201d.<\/p>\n\n\n\n<figure class=\"wp-block-embed is-type-wp-embed is-provider-sector-prensa wp-block-embed-sector-prensa\"><div class=\"wp-block-embed__wrapper\">\n<blockquote class=\"wp-embedded-content\" data-secret=\"rTyYfvYYcz\"><a href=\"https:\/\/sectorprensa.com.ar\/2023\/12\/12\/merlo-inauguraron-una-placa-en-homenaje-al-senador-manuel-jorge-de-arma\/\">Merlo: inauguraron una placa en homenaje al Senador Manuel Jorge De Arma<\/a><\/blockquote><iframe loading=\"lazy\" class=\"wp-embedded-content\" sandbox=\"allow-scripts\" security=\"restricted\" style=\"position: absolute; clip: rect(1px, 1px, 1px, 1px);\" title=\"\u00abMerlo: inauguraron una placa en homenaje al Senador Manuel Jorge De Arma\u00bb \u2014 Sector Prensa\" src=\"https:\/\/sectorprensa.com.ar\/2023\/12\/12\/merlo-inauguraron-una-placa-en-homenaje-al-senador-manuel-jorge-de-arma\/embed\/#?secret=MXdIHkBbVk#?secret=rTyYfvYYcz\" data-secret=\"rTyYfvYYcz\" width=\"600\" height=\"338\" frameborder=\"0\" marginwidth=\"0\" marginheight=\"0\" scrolling=\"no\"><\/iframe>\n<\/div><\/figure>\n","protected":false},"excerpt":{"rendered":"<p>En el marco de los 40 a\u00f1os de democracia, se pintaron pa\u00f1uelos en una jornada por los derechos humanos. Participaron<\/p>\n","protected":false},"author":1,"featured_media":60058,"comment_status":"closed","ping_status":"closed","sticky":false,"template":"","format":"standard","meta":{"colormag_page_container_layout":"default_layout","colormag_page_sidebar_layout":"default_layout","footnotes":""},"categories":[17,7,1173],"tags":[6923,1267,25],"class_list":["post-60057","post","type-post","status-publish","format-standard","has-post-thumbnail","hentry","category-destacadas","category-merlo","category-municipales","tag-abuelas-de-plaza-de-mayo-2","tag-madres-de-plaza-de-mayo","tag-merlo"],"_links":{"self":[{"href":"https:\/\/sectorprensa.com.ar\/index.php?rest_route=\/wp\/v2\/posts\/60057","targetHints":{"allow":["GET"]}}],"collection":[{"href":"https:\/\/sectorprensa.com.ar\/index.php?rest_route=\/wp\/v2\/posts"}],"about":[{"href":"https:\/\/sectorprensa.com.ar\/index.php?rest_route=\/wp\/v2\/types\/post"}],"author":[{"embeddable":true,"href":"https:\/\/sectorprensa.com.ar\/index.php?rest_route=\/wp\/v2\/users\/1"}],"replies":[{"embeddable":true,"href":"https:\/\/sectorprensa.com.ar\/index.php?rest_route=%2Fwp%2Fv2%2Fcomments&post=60057"}],"version-history":[{"count":1,"href":"https:\/\/sectorprensa.com.ar\/index.php?rest_route=\/wp\/v2\/posts\/60057\/revisions"}],"predecessor-version":[{"id":60059,"href":"https:\/\/sectorprensa.com.ar\/index.php?rest_route=\/wp\/v2\/posts\/60057\/revisions\/60059"}],"wp:featuredmedia":[{"embeddable":true,"href":"https:\/\/sectorprensa.com.ar\/index.php?rest_route=\/wp\/v2\/media\/60058"}],"wp:attachment":[{"href":"https:\/\/sectorprensa.com.ar\/index.php?rest_route=%2Fwp%2Fv2%2Fmedia&parent=60057"}],"wp:term":[{"taxonomy":"category","embeddable":true,"href":"https:\/\/sectorprensa.com.ar\/index.php?rest_route=%2Fwp%2Fv2%2Fcategories&post=60057"},{"taxonomy":"post_tag","embeddable":true,"href":"https:\/\/sectorprensa.com.ar\/index.php?rest_route=%2Fwp%2Fv2%2Ftags&post=60057"}],"curies":[{"name":"wp","href":"https:\/\/api.w.org\/{rel}","templated":true}]}}