{"id":60160,"date":"2023-12-15T16:40:32","date_gmt":"2023-12-15T19:40:32","guid":{"rendered":"https:\/\/sectorprensa.com.ar\/?p=60160"},"modified":"2023-12-15T16:43:41","modified_gmt":"2023-12-15T19:43:41","slug":"gabriel-solano-el-derecho-a-la-protesta-es-un-derecho-superior","status":"publish","type":"post","link":"https:\/\/sectorprensa.com.ar\/?p=60160","title":{"rendered":"Gabriel Solano: \u201cEl derecho a la protesta es un derecho superior\u201d"},"content":{"rendered":"\n<h6 class=\"wp-block-heading\"><strong>El dirigente del Partido Obrero y legislador porte\u00f1o critic\u00f3 el protocolo que present\u00f3 Patricia Bullrich para asegurar la libre circulaci\u00f3n. Adem\u00e1s, dijo que le preocupa lo que pueda suceder con las protestas m\u00e1s peque\u00f1as y opin\u00f3 sobre los pol\u00e9micos tuits de Jos\u00e9 Luis Espert.<\/strong><\/h6>\n\n\n\n<p>El dirigente del Partido Obrero y legislador porte\u00f1o Gabriel Solano habl\u00f3 en \u201cEl Tanke de B\u00fanker\u201d (lunes a viernes de 10 a 13 por FM B\u00fanker 94.9) sobre el protocolo que present\u00f3 la ministra de Seguridad Patricia Bullrich para asegurar la libre circulaci\u00f3n, destac\u00f3 que el derecho a protesta est\u00e1 conservado en la Constituci\u00f3n Nacional y por \u00faltimo opin\u00f3 sobre los pol\u00e9micos tuits del diputado nacional Jos\u00e9 Luis Espert, quien amenaz\u00f3 a diputados de izquierda con \u201cc\u00e1rcel o bala\u201d.<\/p>\n\n\n\n<p>El escenario social en Argentina con los dichos de Patricia Bullrich, quien present\u00f3 un protocolo para asegurar la libre circulaci\u00f3n: \u201cAc\u00e1 no se puede descontextualizar el anuncio de Patricia Bullrich. Hay que entender que esto es parte de un ajuste enorme que ha hecho el gobierno, quiz\u00e1 de los m\u00e1s grandes, si no el m\u00e1s grande de la historia de Argentina. Porque en el transcurso de una semana vos ten\u00e9s un aumento del 80% del combustible. El d\u00f3lar se duplic\u00f3 su valor en un par de d\u00edas. Se viene un tarifazo a partir del pr\u00f3ximo mes en el gas, la electricidad y el transporte p\u00fablico. Despidos. Ahora nos enteramos tambi\u00e9n que vienen por la movilidad jubilatoria. Van a reponer el impuesto a las ganancias, lo cual es la reducci\u00f3n lisa y llana de los salarios para casi un mill\u00f3n de trabajadores. Esto es un robo al pueblo, un robo a mano armada del pueblo\u201d, indic\u00f3 Solano.<\/p>\n\n\n\n<p>En este sentido, sostuvo que el derecho a protesta est\u00e1 conservado en la Constituci\u00f3n Nacional: \u201cEsto cuando se hace en Argentina, en Inglaterra, en Francia, en Corea del Sur, hay protesta social. Inevitablemente. Nadie va a resolver la cuadratura del c\u00edrculo de meterle la mano hasta tal punto al bolsillo a los trabajadores sin que haya un tipo de protesta. En este cuadro Patricia Bullrich convoca a esa conferencia de prensa de ayer para hacer lo que yo juzgu\u00e9 como un acto de intimidaci\u00f3n p\u00fablica. \u00bfPor qu\u00e9 intimidaci\u00f3n p\u00fablica? Porque ese protocolo se ri\u00f1e con la legalidad. Porque en Argentina el derecho a protesta est\u00e1 conservado en la Constituci\u00f3n Nacional. Si ma\u00f1ana quiere suspender las garant\u00edas constitucionales, la \u00fanica v\u00eda constitucional para suspenderla es convocar al Congreso y declarar el estado de sitio. Pero mientras no est\u00e9 el estado de sitio declarado, esas garant\u00edas rigen. Y ac\u00e1, hasta donde yo s\u00e9, no hay estado de sitio. Por lo tanto, esa garant\u00eda para poder ejercer el derecho a protesta est\u00e1 planteada. Entonces, la ministra ha hecho un acto ilegal. Hasta el punto que lo reconoce y dice \u2018voy a mandar leyes al Congreso\u2019. No sabemos qu\u00e9 ley era que va a mandar al Congreso. Pero no tiene ning\u00fan tipo de soporte jur\u00eddico, legal y constitucional para hacer lo que ella dijo que iba a hacer, que es claramente prohibir la protesta\u201d<\/p>\n\n\n\n<p>\u201cLleg\u00f3 al extremo de decir \u2018a m\u00ed no me importa que haya un carril, no me importa que haya v\u00eda alternativa\u2019. Antes quer\u00edan un carril, ahora ni carril, ni nada. Ac\u00e1 no hay protesta. Pero los que est\u00e1n a favor del gobierno, puede manifestarse. Las acciones religiosas, s\u00ed. Las deportivas, tambi\u00e9n. Es una ministra que viola la constituci\u00f3n, dice que las fuerzas policiales van a actuar sin orden judicial. O sea que se reserva competencias judiciales. Es una cosa rid\u00edcula. Entonces, es muy dif\u00edcil que pueda implementar lo que dijo. Pero la funci\u00f3n de lo que dijo, b\u00e1sicamente, es meter miedo. Que mucha gente diga \u2018che, le van a robar a los jubilados, no puede ser, hay que protestar. S\u00ed, pero si protestamos, Patricia Bullrich nos va a meter en cana, nos va a pegar. O sea, es intimidaci\u00f3n\u201d, critic\u00f3.<\/p>\n\n\n\n<p>\u201cExisten derechos establecidos que tienen que estar en vigencia y que no los dejemos intimidar. Porque el derecho a la protesta es un derecho superior. Si yo ma\u00f1ana elimino el derecho a la protesta, otros derechos, como el derecho al trabajo, el derecho a comer, a la educaci\u00f3n, a la salud, me lo pueden eliminar. Entonces el derecho a la protesta es un derecho superior porque permite que esos otros derechos no se terminen de eliminar\u201d, explic\u00f3 el dirigente del Partido Obrero.<\/p>\n\n\n\n<p>Adem\u00e1s, Solano dijo que le preocupa lo que puede suceder con protestas menores: \u201cPor ejemplo, se cierra una f\u00e1brica de 100 obreros. Y dicen \u2018bueno, los 100 obreros protestan porque han perdido su puesto de trabajo y van a quedar en la pobreza. Son solamente 100\u2019. Y, bueno, laburan 100, \u00bfqu\u00e9 quer\u00e9s que hagan? Entonces, es lo que se viene. Es lo que se viene porque, con una inflaci\u00f3n de semejante envergadura, una devaluaci\u00f3n tan grande, Argentina entra de cabeza en una recesi\u00f3n econ\u00f3mica. Entonces, eso va a llevar a despedidos, suspensiones, reducciones de salario, todo eso. Por ejemplo, un tema elemental. Si vos vas a tener entre diciembre y enero una inflaci\u00f3n del 60%, \u00bfno tienen que reabrirse de inmediato las paritarias para que, como m\u00ednimo, el aumento del salario compense esa inflaci\u00f3n? No est\u00e1n convocadas las paritarias. Si no se convocan las paritarias, muchos sindicatos van a reclamar que haya paritarias. Entonces capaz que salga un sindicato con 800 personas, que no son las 50.000, 70.000, 80.000 que van a la Plaza de la Mayo, y ah\u00ed los cagan a palos. Entonces, el problema ac\u00e1 no es un problema de tr\u00e1nsito. A Patricia Bullrich no le importa el tr\u00e1nsito, ellos van en helic\u00f3ptero. Aparte, cuando ella quer\u00eda manifestarse, se manifestaba. Lo que ella diga hay que tomar en cuenta por los intereses sociales que defiende, no por las formas a las cuales se refiere. Entonces, ac\u00e1 lo que yo veo que va a haber es justamente esto\u201d.<\/p>\n\n\n\n<p>Por \u00faltimo, opin\u00f3 sobre los tuits de Jos\u00e9 Luis Espert, diputado nacional de Avanza Libertad: \u201cEspert se mov\u00eda en la campa\u00f1a electoral con aviones de narcotraficantes. Me parece que el que tiene que estar en cana es \u00e9l. Es muy serio. Y despu\u00e9s est\u00e1 desesperado. Creo que quiere un cargo en el Ejecutivo. Est\u00e1 buscando llamar la atenci\u00f3n\u201d.<\/p>\n\n\n\n<figure class=\"wp-block-embed is-type-rich is-provider-twitter wp-block-embed-twitter\"><div class=\"wp-block-embed__wrapper\">\n<blockquote class=\"twitter-tweet\" data-width=\"550\" data-dnt=\"true\"><p lang=\"es\" dir=\"ltr\">C\u00e1rcel o bala. <a href=\"https:\/\/t.co\/DFvuxuOGod\">https:\/\/t.co\/DFvuxuOGod<\/a><\/p>&mdash; Jos\u00e9 Luis Espert (@jlespert) <a href=\"https:\/\/twitter.com\/jlespert\/status\/1735452834785632357?ref_src=twsrc%5Etfw\">December 15, 2023<\/a><\/blockquote><script async src=\"https:\/\/platform.twitter.com\/widgets.js\" charset=\"utf-8\"><\/script>\n<\/div><\/figure>\n\n\n\n<figure class=\"wp-block-embed is-type-rich is-provider-twitter wp-block-embed-twitter\"><div class=\"wp-block-embed__wrapper\">\n<blockquote class=\"twitter-tweet\" data-width=\"550\" data-dnt=\"true\"><p lang=\"es\" dir=\"ltr\">Para vos tambi\u00e9n, par\u00e1sito (virgen de CUIT), bueno para nada. C\u00e1rcel o bala si violas la ley. <a href=\"https:\/\/t.co\/EBNnYnzD6b\">https:\/\/t.co\/EBNnYnzD6b<\/a><\/p>&mdash; Jos\u00e9 Luis Espert (@jlespert) <a href=\"https:\/\/twitter.com\/jlespert\/status\/1735473778447061131?ref_src=twsrc%5Etfw\">December 15, 2023<\/a><\/blockquote><script async src=\"https:\/\/platform.twitter.com\/widgets.js\" charset=\"utf-8\"><\/script>\n<\/div><\/figure>\n\n\n\n<figure class=\"wp-block-embed is-type-wp-embed is-provider-sector-prensa wp-block-embed-sector-prensa\"><div class=\"wp-block-embed__wrapper\">\n<blockquote class=\"wp-embedded-content\" data-secret=\"6fOk3VKE1c\"><a href=\"https:\/\/sectorprensa.com.ar\/2023\/12\/15\/bullrich-presento-un-protocolo-para-asegurar-la-libre-circulacion\/\">Bullrich present\u00f3 un protocolo para asegurar la libre circulaci\u00f3n<\/a><\/blockquote><iframe loading=\"lazy\" class=\"wp-embedded-content\" sandbox=\"allow-scripts\" security=\"restricted\" style=\"position: absolute; clip: rect(1px, 1px, 1px, 1px);\" title=\"\u00abBullrich present\u00f3 un protocolo para asegurar la libre circulaci\u00f3n\u00bb \u2014 Sector Prensa\" src=\"https:\/\/sectorprensa.com.ar\/2023\/12\/15\/bullrich-presento-un-protocolo-para-asegurar-la-libre-circulacion\/embed\/#?secret=HPbDrA58t1#?secret=6fOk3VKE1c\" data-secret=\"6fOk3VKE1c\" width=\"600\" height=\"338\" frameborder=\"0\" marginwidth=\"0\" marginheight=\"0\" scrolling=\"no\"><\/iframe>\n<\/div><\/figure>\n","protected":false},"excerpt":{"rendered":"<p>El dirigente del Partido Obrero y legislador porte\u00f1o critic\u00f3 el protocolo que present\u00f3 Patricia Bullrich para asegurar la libre circulaci\u00f3n.<\/p>\n","protected":false},"author":6,"featured_media":60161,"comment_status":"closed","ping_status":"closed","sticky":false,"template":"","format":"standard","meta":{"colormag_page_container_layout":"default_layout","colormag_page_sidebar_layout":"default_layout","footnotes":""},"categories":[6828,8],"tags":[5371,6665,7394,1326,195],"class_list":["post-60160","post","type-post","status-publish","format-standard","has-post-thumbnail","hentry","category-mas-destacadas","category-politica","tag-frente-de-izquierda","tag-gabriel-solano","tag-la-libertad-avanza","tag-partido-obrero","tag-patricia-bullrich"],"_links":{"self":[{"href":"https:\/\/sectorprensa.com.ar\/index.php?rest_route=\/wp\/v2\/posts\/60160","targetHints":{"allow":["GET"]}}],"collection":[{"href":"https:\/\/sectorprensa.com.ar\/index.php?rest_route=\/wp\/v2\/posts"}],"about":[{"href":"https:\/\/sectorprensa.com.ar\/index.php?rest_route=\/wp\/v2\/types\/post"}],"author":[{"embeddable":true,"href":"https:\/\/sectorprensa.com.ar\/index.php?rest_route=\/wp\/v2\/users\/6"}],"replies":[{"embeddable":true,"href":"https:\/\/sectorprensa.com.ar\/index.php?rest_route=%2Fwp%2Fv2%2Fcomments&post=60160"}],"version-history":[{"count":3,"href":"https:\/\/sectorprensa.com.ar\/index.php?rest_route=\/wp\/v2\/posts\/60160\/revisions"}],"predecessor-version":[{"id":60165,"href":"https:\/\/sectorprensa.com.ar\/index.php?rest_route=\/wp\/v2\/posts\/60160\/revisions\/60165"}],"wp:featuredmedia":[{"embeddable":true,"href":"https:\/\/sectorprensa.com.ar\/index.php?rest_route=\/wp\/v2\/media\/60161"}],"wp:attachment":[{"href":"https:\/\/sectorprensa.com.ar\/index.php?rest_route=%2Fwp%2Fv2%2Fmedia&parent=60160"}],"wp:term":[{"taxonomy":"category","embeddable":true,"href":"https:\/\/sectorprensa.com.ar\/index.php?rest_route=%2Fwp%2Fv2%2Fcategories&post=60160"},{"taxonomy":"post_tag","embeddable":true,"href":"https:\/\/sectorprensa.com.ar\/index.php?rest_route=%2Fwp%2Fv2%2Ftags&post=60160"}],"curies":[{"name":"wp","href":"https:\/\/api.w.org\/{rel}","templated":true}]}}