{"id":60166,"date":"2023-12-15T18:41:17","date_gmt":"2023-12-15T21:41:17","guid":{"rendered":"https:\/\/sectorprensa.com.ar\/?p=60166"},"modified":"2023-12-15T18:41:18","modified_gmt":"2023-12-15T21:41:18","slug":"caife-celebro-el-fin-de-un-ano-en-un-evento-inolvidable-marcado-por-innovaciones-y-compromisos","status":"publish","type":"post","link":"https:\/\/sectorprensa.com.ar\/?p=60166","title":{"rendered":"CAIFE celebr\u00f3 el fin de un a\u00f1o en un evento inolvidable marcado por innovaciones y compromisos"},"content":{"rendered":"\n<h6 class=\"wp-block-heading\"><strong>El evento cont\u00f3 con la presentaci\u00f3n del programa de ense\u00f1anza gratuito \u00abEscuela de Oficios\u00bb y la firma de un convenio con la Federaci\u00f3n de Industria y Comercio de Buenos Aires (FECOBA).<\/strong><\/h6>\n\n\n\n<p><strong>La C\u00e1mara Argentina de la Industria Ferial (CAIFE) celebr\u00f3 fin de a\u00f1o <\/strong>en el Museo de Arquitectura. El evento reuni\u00f3 a distinguidos invitados y socios, marcando el cierre de un 2023 lleno de logros y el inicio de nuevas etapas emocionantes.<\/p>\n\n\n\n<p>\u00abA 150 d\u00edas de nuestra gesti\u00f3n, d\u00f3nde pas\u00f3 de todo a nivel nacional y el panorama no se termina de ver, donde el gobierno dice que se viene una dif\u00edcil, <strong>seguramente va a estar m\u00e1s dif\u00edcil de lo que pensamos, quiero que entendamos que solos es m\u00e1s dif\u00edcil de salir<\/strong>\u00ab, expres\u00f3 <strong>Pablo Ruda Presidente de la C\u00e1mara<\/strong>. \u00abCreo que la manera que tenemos de paliar entre todos lo que se viene es ver c\u00f3mo trabajamos juntos para <strong>no trasladar a precios los aumentos que vamos a tener<\/strong>\u00ab, manifest\u00f3 ante los asociados y el p\u00fablico presente.<\/p>\n\n\n\n<p>\u00ab<strong>En la pandemia la pasamos muy mal<\/strong>, la facturaci\u00f3n baj\u00f3 a cero de un d\u00eda para el otro, y <strong>la C\u00e1mara cumpli\u00f3 un rol fundamental en la contenci\u00f3n<\/strong> para sostener la angustia, en lo que viene, ya tenemos m\u00e1s experiencia\u00bb, agreg\u00f3.<\/p>\n\n\n\n<p>\u00ab<strong>Estamos trabajando para que lo que hagamos transforme la realidad de nuestra industria<\/strong> y de quienes hacemos esta industria\u00bb, expres\u00f3. \u00abNuestra industria atraviesa todas las verticales de la econom\u00eda, desde la soja hasta qui\u00e9n hace una motocicleta\u00bb, analiz\u00f3 y por eso conf\u00eda en la capacidad industrial para afrontar esta crisis.<\/p>\n\n\n\n<figure class=\"wp-block-image size-large\"><img loading=\"lazy\" decoding=\"async\" width=\"1024\" height=\"626\" src=\"https:\/\/sectorprensa.com.ar\/wp-content\/uploads\/2023\/12\/Foto-grupal-1-1024x626.jpg\" alt=\"\" class=\"wp-image-60168\" srcset=\"https:\/\/sectorprensa.com.ar\/wp-content\/uploads\/2023\/12\/Foto-grupal-1-1024x626.jpg 1024w, https:\/\/sectorprensa.com.ar\/wp-content\/uploads\/2023\/12\/Foto-grupal-1-300x184.jpg 300w, https:\/\/sectorprensa.com.ar\/wp-content\/uploads\/2023\/12\/Foto-grupal-1-768x470.jpg 768w, https:\/\/sectorprensa.com.ar\/wp-content\/uploads\/2023\/12\/Foto-grupal-1.jpg 1087w\" sizes=\"auto, (max-width: 1024px) 100vw, 1024px\" \/><\/figure>\n\n\n\n<p><strong>Presentaci\u00f3n de \u00abEscuela de Oficios\u00bb y firma de convenio con la Federaci\u00f3n Argentina de Comercio de Buenos Aires<\/strong><\/p>\n\n\n\n<p>En este evento se destac\u00f3 la presentaci\u00f3n especial de la \u00abEscuela de Oficios\u00bb junto a la Federaci\u00f3n de Industria y Comercio de Buenos Aires (<strong>FECOBA<\/strong>), seguida de la firma de un convenio entre los presidentes de ambas C\u00e1maras fortaleciendo a\u00fan m\u00e1s nuestro compromiso con el desarrollo profesional.<\/p>\n\n\n\n<p><strong>Este programa estar\u00e1 destinado a capacitar mano de obra en diferentes especialidades en la industria<\/strong>: carpinter\u00eda, herrer\u00eda, vidrier\u00eda, gr\u00e1fica, iluminaci\u00f3n y electricidad, tecnolog\u00eda y tapicer\u00eda. Ser\u00e1 de car\u00e1cter gratuito y ofrecer\u00e1 c\u00e1tedras por oficios de \u00edndole te\u00f3rico-pr\u00e1ctica donde los interesados aprender\u00e1n a interpretar planos, manejar materiales y herramientas b\u00e1sicas y conocer\u00e1n elementos de seguridad para aplicar en el montaje (armado y desarmado) de stands.<\/p>\n\n\n\n<p>\u00abHay un problema a nivel pa\u00eds, que se fue perdiendo la educaci\u00f3n t\u00e9cnica formal y otra d\u00f3nde <strong>los oficios se fueron desvalorizando<\/strong>, los oficios son prueba y error y pr\u00e1ctica\u00bb. En relaci\u00f3n a este tema y para <strong>fomentar el primer empleo en la juventud<\/strong>, coment\u00f3 que \u00absomos una industria que en 2023 demandaba trabajo por lo que comenzamos a trabajar con FECOBA para generar una <strong>Escuela de Oficios que lanzamos hoy para que en marzo comiencen las clases en 7 \u00e1reas<\/strong>\u00ab.<\/p>\n\n\n\n<p>\u00ab<strong>Esto tampoco ser\u00eda posible sin la ayuda de la AMIA, a trav\u00e9s de su Bolsa de Trabajo<\/strong>, para que haga la divulgaci\u00f3n de esta Escuela, que va a ser gratuita para que seamos mejores, estamos muy motivados por el proyecto\u00bb, recalc\u00f3 Ruda.<\/p>\n\n\n\n<figure class=\"wp-block-image size-large\"><img loading=\"lazy\" decoding=\"async\" width=\"1024\" height=\"655\" src=\"https:\/\/sectorprensa.com.ar\/wp-content\/uploads\/2023\/12\/Firma-Convenio-1-1024x655.jpg\" alt=\"\" class=\"wp-image-60169\" srcset=\"https:\/\/sectorprensa.com.ar\/wp-content\/uploads\/2023\/12\/Firma-Convenio-1-1024x655.jpg 1024w, https:\/\/sectorprensa.com.ar\/wp-content\/uploads\/2023\/12\/Firma-Convenio-1-300x192.jpg 300w, https:\/\/sectorprensa.com.ar\/wp-content\/uploads\/2023\/12\/Firma-Convenio-1-768x491.jpg 768w, https:\/\/sectorprensa.com.ar\/wp-content\/uploads\/2023\/12\/Firma-Convenio-1.jpg 1091w\" sizes=\"auto, (max-width: 1024px) 100vw, 1024px\" \/><\/figure>\n\n\n\n<p>Por su parte, <strong>el Presidente de FECOBA, Fabi\u00e1n Castillo felicit\u00f3 a CAIFE por la iniciativa de capacitar para generar empleo<\/strong>. \u00abSomos generadores de trabajo y el momento que viven argentina y el mundo nos hacen necesarios\u00bb, expres\u00f3.&nbsp; Asimismo, recalc\u00f3 que \u00abnecesitamos trabajar dignamente, como nos ense\u00f1aron nuestros abuelos y el oficio es la dignidad\u00bb. Por \u00faltimo, en relaci\u00f3n a la perspectiva 2024, Castillo indic\u00f3 que es necesario trabajar en conjunto para salir adelante. \u00ab<strong>Tenemos que estar m\u00e1s juntos para fortalecernos, est\u00e1 forma de trabajar es una forma permanente de compromiso con la Argentina<\/strong>\u00ab.<\/p>\n\n\n\n<p>Otro punto a destacar es el relanzamiento de los <strong>Premios CAIFE 2023<\/strong>, que <strong>se entregar\u00e1n en marzo de 2024<\/strong>. \u00abLa arquitectura ef\u00edmera es una disciplina que se nutre de la creatividad, el dise\u00f1o y la construcci\u00f3n; es un arte que se expresa en espacios temporales y entre sus objetivos est\u00e1 el de dejar un impacto duradero en la memoria de las personas\u00bb, explic\u00f3 <strong>Jaime Usach<\/strong>, <strong>Vicepresidente de la C\u00e1mara<\/strong>. \u00ab<strong>Somos el alma del marketing ferial y conformamos un sector importante de la econom\u00eda argentina<\/strong>\u00ab, coment\u00f3.<\/p>\n\n\n\n<p>\u00abSomos trabajadores profesionales que sabemos de noches sin dormir, de feriados y de fines de semana postergados con el fin de hacer funcionar ese reloj que conforman nuestra cadena de valor y que finalmente da forma al producto final, un stand\u00bb, recalc\u00f3. Por eso, resalt\u00f3 que el relanzamiento de los Premios tiene como objetivo \u00ab<strong>el reconocimiento al trabajo de los arquitectos y dise\u00f1adores de la industria ferial, la punta del iceberg que derrama trabajo a toda la cadena de valor<\/strong>\u00ab.<\/p>\n\n\n\n<p>Este evento, finalmente cont\u00f3 con la <strong>presentaci\u00f3n del nuevo Rebranding de CAIFE<\/strong>, que revela una identidad fresca y moderna para el futuro. En este sentido, <strong>Ramiro Ruda, Director Creativo de BDG Buenos Aires<\/strong>, explic\u00f3 que el logo \u00ab<strong>es un volumen en 3d ausente, hay una construcci\u00f3n volum\u00e9trica que se presenta, en azul que habla de la solidez de la C\u00e1mara<\/strong>\u00ab. \u00abTambi\u00e9n refrescamos los colores, actualizamos la tipograf\u00eda y, creamos un nuevo website d\u00f3nde los socios se sientan representados y puedan tomar valor del contenido\u00bb, explic\u00f3.<\/p>\n\n\n\n<p>Este evento no solo fue una celebraci\u00f3n de fin de a\u00f1o, sino tambi\u00e9n un punto de partida para <strong>proyectos futuros y la b\u00fasqueda de un nuevo predio ferial en la Ciudad de Buenos\u00a0 Aires<\/strong>, para sostener y multiplicar el trabajo que genera esta industria.<\/p>\n\n\n\n<figure class=\"wp-block-embed is-type-wp-embed is-provider-sector-prensa wp-block-embed-sector-prensa\"><div class=\"wp-block-embed__wrapper\">\n<blockquote class=\"wp-embedded-content\" data-secret=\"1smE6u6hza\"><a href=\"https:\/\/sectorprensa.com.ar\/2023\/12\/13\/una-vecina-de-ituzaingo-esta-entre-los-100-innovadores-de-america-latina\/\">Una vecina de Ituzaing\u00f3 est\u00e1 entre los 100 Innovadores de Am\u00e9rica Latina<\/a><\/blockquote><iframe loading=\"lazy\" class=\"wp-embedded-content\" sandbox=\"allow-scripts\" security=\"restricted\" style=\"position: absolute; clip: rect(1px, 1px, 1px, 1px);\" title=\"\u00abUna vecina de Ituzaing\u00f3 est\u00e1 entre los 100 Innovadores de Am\u00e9rica Latina\u00bb \u2014 Sector Prensa\" src=\"https:\/\/sectorprensa.com.ar\/2023\/12\/13\/una-vecina-de-ituzaingo-esta-entre-los-100-innovadores-de-america-latina\/embed\/#?secret=lhzb0i15IE#?secret=1smE6u6hza\" data-secret=\"1smE6u6hza\" width=\"600\" height=\"338\" frameborder=\"0\" marginwidth=\"0\" marginheight=\"0\" scrolling=\"no\"><\/iframe>\n<\/div><\/figure>\n","protected":false},"excerpt":{"rendered":"<p>El evento cont\u00f3 con la presentaci\u00f3n del programa de ense\u00f1anza gratuito \u00abEscuela de Oficios\u00bb y la firma de un convenio<\/p>\n","protected":false},"author":1,"featured_media":60167,"comment_status":"closed","ping_status":"closed","sticky":false,"template":"","format":"standard","meta":{"colormag_page_container_layout":"default_layout","colormag_page_sidebar_layout":"default_layout","footnotes":""},"categories":[17,10],"tags":[8406,8407,8408],"class_list":["post-60166","post","type-post","status-publish","format-standard","has-post-thumbnail","hentry","category-destacadas","category-sociedad","tag-caife","tag-industria-ferial","tag-pablo-ruda"],"_links":{"self":[{"href":"https:\/\/sectorprensa.com.ar\/index.php?rest_route=\/wp\/v2\/posts\/60166","targetHints":{"allow":["GET"]}}],"collection":[{"href":"https:\/\/sectorprensa.com.ar\/index.php?rest_route=\/wp\/v2\/posts"}],"about":[{"href":"https:\/\/sectorprensa.com.ar\/index.php?rest_route=\/wp\/v2\/types\/post"}],"author":[{"embeddable":true,"href":"https:\/\/sectorprensa.com.ar\/index.php?rest_route=\/wp\/v2\/users\/1"}],"replies":[{"embeddable":true,"href":"https:\/\/sectorprensa.com.ar\/index.php?rest_route=%2Fwp%2Fv2%2Fcomments&post=60166"}],"version-history":[{"count":1,"href":"https:\/\/sectorprensa.com.ar\/index.php?rest_route=\/wp\/v2\/posts\/60166\/revisions"}],"predecessor-version":[{"id":60170,"href":"https:\/\/sectorprensa.com.ar\/index.php?rest_route=\/wp\/v2\/posts\/60166\/revisions\/60170"}],"wp:featuredmedia":[{"embeddable":true,"href":"https:\/\/sectorprensa.com.ar\/index.php?rest_route=\/wp\/v2\/media\/60167"}],"wp:attachment":[{"href":"https:\/\/sectorprensa.com.ar\/index.php?rest_route=%2Fwp%2Fv2%2Fmedia&parent=60166"}],"wp:term":[{"taxonomy":"category","embeddable":true,"href":"https:\/\/sectorprensa.com.ar\/index.php?rest_route=%2Fwp%2Fv2%2Fcategories&post=60166"},{"taxonomy":"post_tag","embeddable":true,"href":"https:\/\/sectorprensa.com.ar\/index.php?rest_route=%2Fwp%2Fv2%2Ftags&post=60166"}],"curies":[{"name":"wp","href":"https:\/\/api.w.org\/{rel}","templated":true}]}}