{"id":60519,"date":"2023-12-28T08:53:29","date_gmt":"2023-12-28T11:53:29","guid":{"rendered":"https:\/\/sectorprensa.com.ar\/?p=60519"},"modified":"2023-12-28T08:53:30","modified_gmt":"2023-12-28T11:53:30","slug":"video-moreno-dos-grupos-se-enfrentaron-a-tiros-en-los-festejos-de-navidad","status":"publish","type":"post","link":"https:\/\/sectorprensa.com.ar\/?p=60519","title":{"rendered":"[Video] Moreno: dos grupos se enfrentaron a tiros en los festejos de Navidad"},"content":{"rendered":"\n<h6 class=\"wp-block-heading\"><strong>Ocurri\u00f3 en el barrio 6 de Enero de Cuartel V. De milagro, no hubo heridos.<\/strong><\/h6>\n\n\n\n<p>Este lunes, durante la celebraci\u00f3n navide\u00f1a, se desat\u00f3 un intenso tiroteo entre dos grupos en el barrio 6 de Enero de Cuartel V.<\/p>\n\n\n\n<p>El enfrentamiento, que tuvo lugar alrededor de las 10 de la ma\u00f1ana en la calle El Teatro entre Par\u00eds y Koppman, se origin\u00f3 a ra\u00edz de un conflicto convivencial que escal\u00f3 hasta llegar a este desenlace.<\/p>\n\n\n\n<figure class=\"wp-block-embed is-type-rich is-provider-twitter wp-block-embed-twitter\"><div class=\"wp-block-embed__wrapper\">\n<blockquote class=\"twitter-tweet\" data-width=\"550\" data-dnt=\"true\"><p lang=\"es\" dir=\"ltr\">Cuartel V, Moreno <a href=\"https:\/\/twitter.com\/hashtag\/PBA?src=hash&amp;ref_src=twsrc%5Etfw\">#PBA<\/a> As\u00ed se vive en el Conurbano profundo. A plena luz del dia. <a href=\"https:\/\/t.co\/5fJKer7Pqr\">pic.twitter.com\/5fJKer7Pqr<\/a><\/p>&mdash; Hechos y Derecho (@Hechosanderecho) <a href=\"https:\/\/twitter.com\/Hechosanderecho\/status\/1739974026876051800?ref_src=twsrc%5Etfw\">December 27, 2023<\/a><\/blockquote><script async src=\"https:\/\/platform.twitter.com\/widgets.js\" charset=\"utf-8\"><\/script>\n<\/div><\/figure>\n\n\n\n<p>Videos del incidente fueron compartidos en redes sociales. La justicia intervino de oficio, y la Polic\u00eda, espec\u00edficamente personal de la Comisar\u00eda 4\u00aa de Moreno, habr\u00eda detenido a uno de los involucrados.<\/p>\n\n\n\n<p>Afortunadamente, no se reportaron heridos, aunque los vecinos expresaron su preocupaci\u00f3n, ya que este tipo de sucesos se han vuelto cada vez m\u00e1s habituales.<\/p>\n\n\n\n<figure class=\"wp-block-embed is-type-wp-embed is-provider-sector-prensa wp-block-embed-sector-prensa\"><div class=\"wp-block-embed__wrapper\">\n<blockquote class=\"wp-embedded-content\" data-secret=\"IHrKui1nop\"><a href=\"https:\/\/sectorprensa.com.ar\/2023\/12\/27\/merlo-detuvieron-a-una-mujer-por-prender-fuego-a-un-policia\/\">Merlo: detuvieron a una mujer por prender fuego a un polic\u00eda<\/a><\/blockquote><iframe loading=\"lazy\" class=\"wp-embedded-content\" sandbox=\"allow-scripts\" security=\"restricted\" style=\"position: absolute; clip: rect(1px, 1px, 1px, 1px);\" title=\"\u00abMerlo: detuvieron a una mujer por prender fuego a un polic\u00eda\u00bb \u2014 Sector Prensa\" src=\"https:\/\/sectorprensa.com.ar\/2023\/12\/27\/merlo-detuvieron-a-una-mujer-por-prender-fuego-a-un-policia\/embed\/#?secret=PohkR91xCY#?secret=IHrKui1nop\" data-secret=\"IHrKui1nop\" width=\"600\" height=\"338\" frameborder=\"0\" marginwidth=\"0\" marginheight=\"0\" scrolling=\"no\"><\/iframe>\n<\/div><\/figure>\n","protected":false},"excerpt":{"rendered":"<p>Ocurri\u00f3 en el barrio 6 de Enero de Cuartel V. De milagro, no hubo heridos. Este lunes, durante la celebraci\u00f3n<\/p>\n","protected":false},"author":6,"featured_media":60522,"comment_status":"closed","ping_status":"closed","sticky":false,"template":"","format":"standard","meta":{"colormag_page_container_layout":"default_layout","colormag_page_sidebar_layout":"default_layout","footnotes":""},"categories":[17,2154,12],"tags":[2327,165,3078,282,952,854],"class_list":["post-60519","post","type-post","status-publish","format-standard","has-post-thumbnail","hentry","category-destacadas","category-moreno","category-policiales","tag-cuartel-v","tag-delincuentes","tag-enfrentamiento","tag-narcos","tag-tiros","tag-tiroteo"],"_links":{"self":[{"href":"https:\/\/sectorprensa.com.ar\/index.php?rest_route=\/wp\/v2\/posts\/60519","targetHints":{"allow":["GET"]}}],"collection":[{"href":"https:\/\/sectorprensa.com.ar\/index.php?rest_route=\/wp\/v2\/posts"}],"about":[{"href":"https:\/\/sectorprensa.com.ar\/index.php?rest_route=\/wp\/v2\/types\/post"}],"author":[{"embeddable":true,"href":"https:\/\/sectorprensa.com.ar\/index.php?rest_route=\/wp\/v2\/users\/6"}],"replies":[{"embeddable":true,"href":"https:\/\/sectorprensa.com.ar\/index.php?rest_route=%2Fwp%2Fv2%2Fcomments&post=60519"}],"version-history":[{"count":1,"href":"https:\/\/sectorprensa.com.ar\/index.php?rest_route=\/wp\/v2\/posts\/60519\/revisions"}],"predecessor-version":[{"id":60523,"href":"https:\/\/sectorprensa.com.ar\/index.php?rest_route=\/wp\/v2\/posts\/60519\/revisions\/60523"}],"wp:featuredmedia":[{"embeddable":true,"href":"https:\/\/sectorprensa.com.ar\/index.php?rest_route=\/wp\/v2\/media\/60522"}],"wp:attachment":[{"href":"https:\/\/sectorprensa.com.ar\/index.php?rest_route=%2Fwp%2Fv2%2Fmedia&parent=60519"}],"wp:term":[{"taxonomy":"category","embeddable":true,"href":"https:\/\/sectorprensa.com.ar\/index.php?rest_route=%2Fwp%2Fv2%2Fcategories&post=60519"},{"taxonomy":"post_tag","embeddable":true,"href":"https:\/\/sectorprensa.com.ar\/index.php?rest_route=%2Fwp%2Fv2%2Ftags&post=60519"}],"curies":[{"name":"wp","href":"https:\/\/api.w.org\/{rel}","templated":true}]}}