{"id":60537,"date":"2023-12-28T10:03:16","date_gmt":"2023-12-28T13:03:16","guid":{"rendered":"https:\/\/sectorprensa.com.ar\/?p=60537"},"modified":"2023-12-28T10:12:38","modified_gmt":"2023-12-28T13:12:38","slug":"moron-sur-asesino-a-un-hombre-tras-tomar-bebidas-alcoholicas-y-piden-justicia","status":"publish","type":"post","link":"https:\/\/sectorprensa.com.ar\/?p=60537","title":{"rendered":"Mor\u00f3n sur: asesin\u00f3 a un hombre tras tomar bebidas alcoh\u00f3licas y piden justicia"},"content":{"rendered":"\n<h6 class=\"wp-block-heading\"><strong>Los familiares y amigos de la v\u00edctima, identificada como Jonathan Eber Sol\u00eds, cortaron las v\u00edas del tren Belgrano Sur a la altura de la ruta 1003, en Merlo G\u00f3mez. El asesino fue detenido. <\/strong><\/h6>\n\n\n\n<p>Familiares de Jonathan Eber Sol\u00eds, v\u00edctima de un homicidio en Mor\u00f3n Sur, llevaron a cabo un corte en las v\u00edas del tren Belgrano Sur, espec\u00edficamente en el paso a nivel de la Ruta 1003 en Merlo G\u00f3mez. La medida tuvo como objetivo exigir Justicia por el asesinato. Durante varias horas, el servicio del Ramal se vio afectado entre las estaciones de Tapiales y Rafael Castillo, pero se restableci\u00f3 aproximadamente a las 19hs.<\/p>\n\n\n\n<p>La tragedia involucra a Jonathan Eber Sol\u00eds, cuyo homicidio condujo a la detenci\u00f3n de un empleado municipal vinculado a la Uni\u00f3n de Gesti\u00f3n Comunitaria (UGC) 10 de Mor\u00f3n. El crimen se habr\u00eda desencadenado despu\u00e9s de una ri\u00f1a en la casa de la v\u00edctima, luego de ingerir bebidas alcoh\u00f3licas, seguida de un altercado en la esquina de Stevenson y Rumania, en Mor\u00f3n Sur.<\/p>\n\n\n\n<figure class=\"wp-block-embed is-type-rich is-provider-twitter wp-block-embed-twitter\"><div class=\"wp-block-embed__wrapper\">\n<blockquote class=\"twitter-tweet\" data-width=\"550\" data-dnt=\"true\"><p lang=\"es\" dir=\"ltr\">Mor\u00f3n-Esta tarde \ud83d\udd34<br><br>Vecinos reclamaban por el asesinato de un hombre de 41 a\u00f1os en manos de otro vecino en medio de una pelea, cortando la circulaci\u00f3n de Tren Belgrano Sur en Merlo G\u00f3mez. Hubo incidentes piedras y balas de goma para despejar las v\u00edas. <a href=\"https:\/\/t.co\/UDdKZdpl6h\">pic.twitter.com\/UDdKZdpl6h<\/a><\/p>&mdash; Inforbano (@Inforbanodiario) <a href=\"https:\/\/twitter.com\/Inforbanodiario\/status\/1740141748180152692?ref_src=twsrc%5Etfw\">December 27, 2023<\/a><\/blockquote><script async src=\"https:\/\/platform.twitter.com\/widgets.js\" charset=\"utf-8\"><\/script>\n<\/div><\/figure>\n\n\n\n<p>Las heridas mortales de Sol\u00eds, ocasionadas por un arma blanca en el cuello, lo llevaron al hospital Favaloro de La Matanza, donde lamentablemente falleci\u00f3. Posteriormente, la Polic\u00eda arrest\u00f3 al presunto autor (identificado como Lucas Romero, de 30 a\u00f1os) en la casa de su madre, ubicada en Mor\u00f3n Sur.<\/p>\n\n\n\n<p>En paralelo, allegados a la v\u00edctima se congregaron en su hogar con la intenci\u00f3n de prender fuego la propiedad. El fiscal Mario Ferrario, a cargo de la UFI 3 de Mor\u00f3n, lleva a cabo la investigaci\u00f3n del homicidio.<\/p>\n\n\n\n<figure class=\"wp-block-embed is-type-wp-embed is-provider-sector-prensa wp-block-embed-sector-prensa\"><div class=\"wp-block-embed__wrapper\">\n<blockquote class=\"wp-embedded-content\" data-secret=\"ZjKNBhGBYq\"><a href=\"https:\/\/sectorprensa.com.ar\/2023\/12\/28\/video-moreno-dos-grupos-se-enfrentaron-a-tiros-en-los-festejos-de-navidad\/\">[Video] Moreno: dos grupos se enfrentaron a tiros en los festejos de Navidad<\/a><\/blockquote><iframe loading=\"lazy\" class=\"wp-embedded-content\" sandbox=\"allow-scripts\" security=\"restricted\" style=\"position: absolute; clip: rect(1px, 1px, 1px, 1px);\" title=\"\u00ab[Video] Moreno: dos grupos se enfrentaron a tiros en los festejos de Navidad\u00bb \u2014 Sector Prensa\" src=\"https:\/\/sectorprensa.com.ar\/2023\/12\/28\/video-moreno-dos-grupos-se-enfrentaron-a-tiros-en-los-festejos-de-navidad\/embed\/#?secret=uSq0BaCCNY#?secret=ZjKNBhGBYq\" data-secret=\"ZjKNBhGBYq\" width=\"600\" height=\"338\" frameborder=\"0\" marginwidth=\"0\" marginheight=\"0\" scrolling=\"no\"><\/iframe>\n<\/div><\/figure>\n","protected":false},"excerpt":{"rendered":"<p>Los familiares y amigos de la v\u00edctima, identificada como Jonathan Eber Sol\u00eds, cortaron las v\u00edas del tren Belgrano Sur a<\/p>\n","protected":false},"author":6,"featured_media":60538,"comment_status":"closed","ping_status":"closed","sticky":false,"template":"","format":"standard","meta":{"colormag_page_container_layout":"default_layout","colormag_page_sidebar_layout":"default_layout","footnotes":""},"categories":[6828,5,12],"tags":[291,570,517],"class_list":["post-60537","post","type-post","status-publish","format-standard","has-post-thumbnail","hentry","category-mas-destacadas","category-moron","category-policiales","tag-asesinato","tag-detenido","tag-moron-sur"],"_links":{"self":[{"href":"https:\/\/sectorprensa.com.ar\/index.php?rest_route=\/wp\/v2\/posts\/60537","targetHints":{"allow":["GET"]}}],"collection":[{"href":"https:\/\/sectorprensa.com.ar\/index.php?rest_route=\/wp\/v2\/posts"}],"about":[{"href":"https:\/\/sectorprensa.com.ar\/index.php?rest_route=\/wp\/v2\/types\/post"}],"author":[{"embeddable":true,"href":"https:\/\/sectorprensa.com.ar\/index.php?rest_route=\/wp\/v2\/users\/6"}],"replies":[{"embeddable":true,"href":"https:\/\/sectorprensa.com.ar\/index.php?rest_route=%2Fwp%2Fv2%2Fcomments&post=60537"}],"version-history":[{"count":2,"href":"https:\/\/sectorprensa.com.ar\/index.php?rest_route=\/wp\/v2\/posts\/60537\/revisions"}],"predecessor-version":[{"id":60540,"href":"https:\/\/sectorprensa.com.ar\/index.php?rest_route=\/wp\/v2\/posts\/60537\/revisions\/60540"}],"wp:featuredmedia":[{"embeddable":true,"href":"https:\/\/sectorprensa.com.ar\/index.php?rest_route=\/wp\/v2\/media\/60538"}],"wp:attachment":[{"href":"https:\/\/sectorprensa.com.ar\/index.php?rest_route=%2Fwp%2Fv2%2Fmedia&parent=60537"}],"wp:term":[{"taxonomy":"category","embeddable":true,"href":"https:\/\/sectorprensa.com.ar\/index.php?rest_route=%2Fwp%2Fv2%2Fcategories&post=60537"},{"taxonomy":"post_tag","embeddable":true,"href":"https:\/\/sectorprensa.com.ar\/index.php?rest_route=%2Fwp%2Fv2%2Ftags&post=60537"}],"curies":[{"name":"wp","href":"https:\/\/api.w.org\/{rel}","templated":true}]}}