{"id":60912,"date":"2024-01-10T13:00:16","date_gmt":"2024-01-10T16:00:16","guid":{"rendered":"https:\/\/sectorprensa.com.ar\/?p=60912"},"modified":"2024-01-10T13:00:17","modified_gmt":"2024-01-10T16:00:17","slug":"el-municipio-de-moreno-clausuro-una-fiesta-clandestina-en-la-reja","status":"publish","type":"post","link":"https:\/\/sectorprensa.com.ar\/?p=60912","title":{"rendered":"El Municipio de Moreno clausur\u00f3 una fiesta clandestina en La Reja"},"content":{"rendered":"\n<h6 class=\"wp-block-heading\"><strong>Se esperaban 500 personas en un espacio que no estaba habilitado para eventos. Resultaron imputados el organizador del evento, el prestador de equipos de sonido y el titular del lugar.<\/strong><\/h6>\n\n\n\n<p>El Municipio de Moreno clausur\u00f3 una fiesta clandestina en la localidad de La Reja este domingo 7 de enero. En el operativo particip\u00f3 la Polic\u00eda bonaerense y un equipo del Registro Provincial de Comercializaci\u00f3n de Bebidas Alcoh\u00f3licas (ReBA).<\/p>\n\n\n\n<p>Se trataba de \u201cFronteo Tech Edition\u201d, una fiesta electr\u00f3nica convocada a trav\u00e9s de redes sociales en la que se esperaban 500 personas. Los organizadores proven\u00edan de Villa Luzuriaga y el valor de las entradas iba desde 6.000 a 8.000 pesos.<\/p>\n\n\n\n<p>Las y los inspectores municipales constataron en el evento asistentes, montaje de equipos de sonido y dj en vivo, venta de bebidas alcoh\u00f3licas y un natatorio que no cumpl\u00eda con las medidas sanitarias y seguridad exigibles.<\/p>\n\n\n\n<p>Por este motivo, se incautaron las bebidas alcoh\u00f3licas destinadas a su comercializaci\u00f3n y se procedi\u00f3 a clausurar el lugar que, adem\u00e1s de no contar con el permiso previo, ya estaba inhabilitado por la misma causa.<\/p>\n\n\n\n<p>Resultaron imputados el organizador del evento, el prestador de equipos de sonido y el titular del predio.<\/p>\n\n\n\n<figure class=\"wp-block-embed is-type-wp-embed is-provider-sector-prensa wp-block-embed-sector-prensa\"><div class=\"wp-block-embed__wrapper\">\n<blockquote class=\"wp-embedded-content\" data-secret=\"cvITVhLZwj\"><a href=\"https:\/\/sectorprensa.com.ar\/2024\/01\/08\/moreno-cayo-banda-de-piratas-del-asfalto-que-robaba-camiones-con-mercaderia\/\">Moreno: cay\u00f3 banda de \u201cpiratas del asfalto\u201d que robaba camiones con mercader\u00eda<\/a><\/blockquote><iframe loading=\"lazy\" class=\"wp-embedded-content\" sandbox=\"allow-scripts\" security=\"restricted\" style=\"position: absolute; clip: rect(1px, 1px, 1px, 1px);\" title=\"\u00abMoreno: cay\u00f3 banda de \u201cpiratas del asfalto\u201d que robaba camiones con mercader\u00eda\u00bb \u2014 Sector Prensa\" src=\"https:\/\/sectorprensa.com.ar\/2024\/01\/08\/moreno-cayo-banda-de-piratas-del-asfalto-que-robaba-camiones-con-mercaderia\/embed\/#?secret=dPTKh0pUBb#?secret=cvITVhLZwj\" data-secret=\"cvITVhLZwj\" width=\"600\" height=\"338\" frameborder=\"0\" marginwidth=\"0\" marginheight=\"0\" scrolling=\"no\"><\/iframe>\n<\/div><\/figure>\n","protected":false},"excerpt":{"rendered":"<p>Se esperaban 500 personas en un espacio que no estaba habilitado para eventos. Resultaron imputados el organizador del evento, el<\/p>\n","protected":false},"author":6,"featured_media":60913,"comment_status":"closed","ping_status":"closed","sticky":false,"template":"","format":"standard","meta":{"colormag_page_container_layout":"default_layout","colormag_page_sidebar_layout":"default_layout","footnotes":""},"categories":[17,2154,12],"tags":[4065,2766],"class_list":["post-60912","post","type-post","status-publish","format-standard","has-post-thumbnail","hentry","category-destacadas","category-moreno","category-policiales","tag-fiesta-clandestina","tag-la-reja"],"_links":{"self":[{"href":"https:\/\/sectorprensa.com.ar\/index.php?rest_route=\/wp\/v2\/posts\/60912","targetHints":{"allow":["GET"]}}],"collection":[{"href":"https:\/\/sectorprensa.com.ar\/index.php?rest_route=\/wp\/v2\/posts"}],"about":[{"href":"https:\/\/sectorprensa.com.ar\/index.php?rest_route=\/wp\/v2\/types\/post"}],"author":[{"embeddable":true,"href":"https:\/\/sectorprensa.com.ar\/index.php?rest_route=\/wp\/v2\/users\/6"}],"replies":[{"embeddable":true,"href":"https:\/\/sectorprensa.com.ar\/index.php?rest_route=%2Fwp%2Fv2%2Fcomments&post=60912"}],"version-history":[{"count":1,"href":"https:\/\/sectorprensa.com.ar\/index.php?rest_route=\/wp\/v2\/posts\/60912\/revisions"}],"predecessor-version":[{"id":60914,"href":"https:\/\/sectorprensa.com.ar\/index.php?rest_route=\/wp\/v2\/posts\/60912\/revisions\/60914"}],"wp:featuredmedia":[{"embeddable":true,"href":"https:\/\/sectorprensa.com.ar\/index.php?rest_route=\/wp\/v2\/media\/60913"}],"wp:attachment":[{"href":"https:\/\/sectorprensa.com.ar\/index.php?rest_route=%2Fwp%2Fv2%2Fmedia&parent=60912"}],"wp:term":[{"taxonomy":"category","embeddable":true,"href":"https:\/\/sectorprensa.com.ar\/index.php?rest_route=%2Fwp%2Fv2%2Fcategories&post=60912"},{"taxonomy":"post_tag","embeddable":true,"href":"https:\/\/sectorprensa.com.ar\/index.php?rest_route=%2Fwp%2Fv2%2Ftags&post=60912"}],"curies":[{"name":"wp","href":"https:\/\/api.w.org\/{rel}","templated":true}]}}