{"id":60916,"date":"2024-01-10T15:54:39","date_gmt":"2024-01-10T18:54:39","guid":{"rendered":"https:\/\/sectorprensa.com.ar\/?p=60916"},"modified":"2024-01-10T15:54:40","modified_gmt":"2024-01-10T18:54:40","slug":"merlo-el-programa-escuela-de-verano-se-desarrolla-en-clubes-del-distrito","status":"publish","type":"post","link":"https:\/\/sectorprensa.com.ar\/?p=60916","title":{"rendered":"Merlo: el programa \u00abEscuela de Verano\u00bb se desarrolla en clubes del distrito"},"content":{"rendered":"\n<h6 class=\"wp-block-heading\"><strong>Los estudiantes de primaria realizan diferentes actividades en el marco de este programa, las cuales se llevan a cabo en el Club Laureles y Club Uni\u00f3n.<\/strong><\/h6>\n\n\n\n<p>Durante el receso de verano, el municipio de Merlo ofrece el programa \u00abEscuela de Verano\u00bb para desarrollar actividades recreativas y dem\u00e1s. Coordinado por la Subsecretar\u00eda de Educaci\u00f3n, cuenta con dos sedes para asistir.<\/p>\n\n\n\n<p>De lunes a viernes, se realizan actividades recreativas y pedag\u00f3gicas en el Club Laureles hasta el 31 de enero. Asisten actualmente alumnos de la Escuela Primaria N\u00ba22 \u201cFrancisco Brunet\u201d y la Escuela EGB N\u00ba57, ambas de Libertad. Adem\u00e1s de actividades en la pileta, se organizan Cines-Debates, juegos de mesa y dibujos.<\/p>\n\n\n\n<p>Por su parte, el Club Uni\u00f3n lleva adelante el programa los martes y viernes, en la calle Libertad 569, se ubica en Merlo Centro.<\/p>\n\n\n\n<p>Rafael D\u00edaz, el Subsecretario de Pol\u00edticas Socieducativas, subray\u00f3 que por noveno a\u00f1o consecutivo, la Secretar\u00eda de Educaci\u00f3n, Deportes y Recreaci\u00f3n acompa\u00f1a \u00abel Programa Provincial de Escuelas Abiertas de Verano\u00bb.<\/p>\n\n\n\n<p>Las inscripciones para los establecimientos educativos siguen abiertas. Para m\u00e1s informaci\u00f3n pod\u00e9s comunicarte con la Secretar\u00eda de Educaci\u00f3n, Deportes y Recreaci\u00f3n al (0220) 483-6081\/485-8805<\/p>\n\n\n\n<figure class=\"wp-block-embed is-type-wp-embed is-provider-sector-prensa wp-block-embed-sector-prensa\"><div class=\"wp-block-embed__wrapper\">\n<blockquote class=\"wp-embedded-content\" data-secret=\"9GexzrGjP3\"><a href=\"https:\/\/sectorprensa.com.ar\/2024\/01\/05\/merlo-cientos-de-ninos-disfrutan-de-las-colonias-infantiles-de-verano-2024\/\">Merlo: cientos de ni\u00f1os disfrutan de las Colonias Infantiles de Verano 2024<\/a><\/blockquote><iframe loading=\"lazy\" class=\"wp-embedded-content\" sandbox=\"allow-scripts\" security=\"restricted\" style=\"position: absolute; clip: rect(1px, 1px, 1px, 1px);\" title=\"\u00abMerlo: cientos de ni\u00f1os disfrutan de las Colonias Infantiles de Verano 2024\u00bb \u2014 Sector Prensa\" src=\"https:\/\/sectorprensa.com.ar\/2024\/01\/05\/merlo-cientos-de-ninos-disfrutan-de-las-colonias-infantiles-de-verano-2024\/embed\/#?secret=GD981NuDtM#?secret=9GexzrGjP3\" data-secret=\"9GexzrGjP3\" width=\"600\" height=\"338\" frameborder=\"0\" marginwidth=\"0\" marginheight=\"0\" scrolling=\"no\"><\/iframe>\n<\/div><\/figure>\n","protected":false},"excerpt":{"rendered":"<p>Los estudiantes de primaria realizan diferentes actividades en el marco de este programa, las cuales se llevan a cabo en<\/p>\n","protected":false},"author":1,"featured_media":60917,"comment_status":"closed","ping_status":"closed","sticky":false,"template":"","format":"standard","meta":{"colormag_page_container_layout":"default_layout","colormag_page_sidebar_layout":"default_layout","footnotes":""},"categories":[17,7,1173],"tags":[8192,8040,7355,25],"class_list":["post-60916","post","type-post","status-publish","format-standard","has-post-thumbnail","hentry","category-destacadas","category-merlo","category-municipales","tag-club-los-laureles","tag-club-union","tag-escuelas-de-verano","tag-merlo"],"_links":{"self":[{"href":"https:\/\/sectorprensa.com.ar\/index.php?rest_route=\/wp\/v2\/posts\/60916","targetHints":{"allow":["GET"]}}],"collection":[{"href":"https:\/\/sectorprensa.com.ar\/index.php?rest_route=\/wp\/v2\/posts"}],"about":[{"href":"https:\/\/sectorprensa.com.ar\/index.php?rest_route=\/wp\/v2\/types\/post"}],"author":[{"embeddable":true,"href":"https:\/\/sectorprensa.com.ar\/index.php?rest_route=\/wp\/v2\/users\/1"}],"replies":[{"embeddable":true,"href":"https:\/\/sectorprensa.com.ar\/index.php?rest_route=%2Fwp%2Fv2%2Fcomments&post=60916"}],"version-history":[{"count":1,"href":"https:\/\/sectorprensa.com.ar\/index.php?rest_route=\/wp\/v2\/posts\/60916\/revisions"}],"predecessor-version":[{"id":60926,"href":"https:\/\/sectorprensa.com.ar\/index.php?rest_route=\/wp\/v2\/posts\/60916\/revisions\/60926"}],"wp:featuredmedia":[{"embeddable":true,"href":"https:\/\/sectorprensa.com.ar\/index.php?rest_route=\/wp\/v2\/media\/60917"}],"wp:attachment":[{"href":"https:\/\/sectorprensa.com.ar\/index.php?rest_route=%2Fwp%2Fv2%2Fmedia&parent=60916"}],"wp:term":[{"taxonomy":"category","embeddable":true,"href":"https:\/\/sectorprensa.com.ar\/index.php?rest_route=%2Fwp%2Fv2%2Fcategories&post=60916"},{"taxonomy":"post_tag","embeddable":true,"href":"https:\/\/sectorprensa.com.ar\/index.php?rest_route=%2Fwp%2Fv2%2Ftags&post=60916"}],"curies":[{"name":"wp","href":"https:\/\/api.w.org\/{rel}","templated":true}]}}