{"id":60919,"date":"2024-01-10T15:32:34","date_gmt":"2024-01-10T18:32:34","guid":{"rendered":"https:\/\/sectorprensa.com.ar\/?p=60919"},"modified":"2024-01-10T15:32:35","modified_gmt":"2024-01-10T18:32:35","slug":"horror-en-parque-san-martin-asesino-a-punaladas-a-su-sobrina-de-14-anos-e-hirio-a-su-hermana","status":"publish","type":"post","link":"https:\/\/sectorprensa.com.ar\/?p=60919","title":{"rendered":"Horror en Parque San Mart\u00edn: asesin\u00f3 a pu\u00f1aladas a su sobrina de 14 a\u00f1os e hiri\u00f3 a su hermana"},"content":{"rendered":"\n<h6 class=\"wp-block-heading\"><strong>El femicida fue detenido cuando intentaba quitarse la vida arroj\u00e1ndose a las v\u00edas en la estaci\u00f3n Ramos Mej\u00eda. Adem\u00e1s, una amiga de la adolescente tambi\u00e9n fue atacada y lucha por su vida.<\/strong><\/h6>\n\n\n\n<p>Una adolescente de 14 a\u00f1os fue asesinada a pu\u00f1aladas, mientras que su madre y una amiga resultaron gravemente heridas al ser atacadas por el t\u00edo de la fallecida durante una discusi\u00f3n ocurrida en una casa de Parque San Mart\u00edn, partido de Merlo, y horas m\u00e1s tarde el acusado fue detenido cuando intentaba arrojarse a las v\u00edas del tren de la estaci\u00f3n Ramos Mej\u00eda, partido de La Matanza.<\/p>\n\n\n\n<p>El crimen ocurri\u00f3 en la noche del martes en Dillon 413, esquina 12 de Febrero, cuando un hombre que, seg\u00fan testigos, es adicto a las drogas y se encuentra en situaci\u00f3n de calle, irrumpi\u00f3 en el domicilio de su hermana y, en medio de una pelea familiar ligada al robo de dos tel\u00e9fonos celulares, la atac\u00f3 a pu\u00f1aladas a ella, a su sobrina de 14 a\u00f1os y a una amiga de la adolescente, de 13, tras lo cual huy\u00f3 con una cuchilla de mango blanco.<\/p>\n\n\n\n<p>El acusado, identificado como Mauro Mat\u00edas Caballero (33), primero discuti\u00f3 y atac\u00f3 a su hermana y, a medida que la situaci\u00f3n fue poni\u00e9ndose m\u00e1s tensa, intervinieron su sobrina y la amiga, a quienes tambi\u00e9n golpe\u00f3 y apu\u00f1al\u00f3.<\/p>\n\n\n\n<figure class=\"wp-block-embed is-type-rich is-provider-twitter wp-block-embed-twitter\"><div class=\"wp-block-embed__wrapper\">\n<blockquote class=\"twitter-tweet\" data-width=\"550\" data-dnt=\"true\"><p lang=\"es\" dir=\"ltr\">Asesin\u00f3 a su sobrina de 14 a\u00f1os a pu\u00f1aladas e hiri\u00f3 a su hermana de 38 y a otra menor de 13 a\u00f1os. El agresor tuvo una discusi\u00f3n con su familiares, las atac\u00f3 con un arma blanca, se escap\u00f3 del lugar e intent\u00f3 quitarse la vida en las v\u00edas del tren. Termin\u00f3 detenido. <a href=\"https:\/\/t.co\/KWfh5ENzUX\">pic.twitter.com\/KWfh5ENzUX<\/a><\/p>&mdash; Jenny Di Serio (@jennydiserio) <a href=\"https:\/\/twitter.com\/jennydiserio\/status\/1745055180696047750?ref_src=twsrc%5Etfw\">January 10, 2024<\/a><\/blockquote><script async src=\"https:\/\/platform.twitter.com\/widgets.js\" charset=\"utf-8\"><\/script>\n<\/div><\/figure>\n\n\n\n<p>La sobrina del agresor, identificada como Florencia Jazm\u00edn Sant\u00ed, muri\u00f3 a ra\u00edz de las graves lesiones que sufri\u00f3 en el t\u00f3rax, mientras que su amiga y su madre sufrieron heridas tambi\u00e9n con el arma blanca y permanecen internadas en estado de gravedad en el Hospital Eva Per\u00f3n y Malvinas Argentinas, ambos en Merlo.<\/p>\n\n\n\n<p>Los investigadores, tras un trabajo de campo, llegaron hasta la casa del padre del acusado en la zona donde no pudieron dar con \u00e9l.<\/p>\n\n\n\n<figure class=\"wp-block-embed is-type-video is-provider-youtube wp-block-embed-youtube wp-embed-aspect-16-9 wp-has-aspect-ratio\"><div class=\"wp-block-embed__wrapper\">\n<iframe loading=\"lazy\" title=\"UN HOMBRE MAT\u00d3 a su SOBRINA e HIRI\u00d3 a otras DOS MUJERES en MERLO: EST\u00c1 DETENIDO\" width=\"800\" height=\"450\" src=\"https:\/\/www.youtube.com\/embed\/JAfV23Wym8Y?feature=oembed\" frameborder=\"0\" allow=\"accelerometer; autoplay; clipboard-write; encrypted-media; gyroscope; picture-in-picture; web-share\" allowfullscreen><\/iframe>\n<\/div><\/figure>\n\n\n\n<p>Tambi\u00e9n rastrillaron sin resultados un campo cercano a viviendas del barrio Procrear de Merlo centro, plazas y estaciones de trenes, hasta que hallaron a Caballero en la estaci\u00f3n de Ramos Mej\u00eda, cuando intentaba arrojarse a las v\u00edas con intenciones de quitarse la vida.<\/p>\n\n\n\n<p>La causa por homicidio y lesiones graves qued\u00f3 a cargo de la fiscal Adriana Su\u00e1rez Corripio, de la Unidad Fiscal de Instrucci\u00f3n 8 de Mor\u00f3n.<\/p>\n\n\n\n<p>El detenido ser\u00e1 indagado en las pr\u00f3ximas horas, luego de que la fiscal reciba los datos preliminares de los peritajes dispuestos en el domicilio de las v\u00edctimas.<\/p>\n\n\n\n<figure class=\"wp-block-embed is-type-wp-embed is-provider-sector-prensa wp-block-embed-sector-prensa\"><div class=\"wp-block-embed__wrapper\">\n<blockquote class=\"wp-embedded-content\" data-secret=\"XtyfDHAv4U\"><a href=\"https:\/\/sectorprensa.com.ar\/2024\/01\/10\/el-municipio-de-moreno-clausuro-una-fiesta-clandestina-en-la-reja\/\">El Municipio de Moreno clausur\u00f3 una fiesta clandestina en La Reja<\/a><\/blockquote><iframe loading=\"lazy\" class=\"wp-embedded-content\" sandbox=\"allow-scripts\" security=\"restricted\" style=\"position: absolute; clip: rect(1px, 1px, 1px, 1px);\" title=\"\u00abEl Municipio de Moreno clausur\u00f3 una fiesta clandestina en La Reja\u00bb \u2014 Sector Prensa\" src=\"https:\/\/sectorprensa.com.ar\/2024\/01\/10\/el-municipio-de-moreno-clausuro-una-fiesta-clandestina-en-la-reja\/embed\/#?secret=JTiKovg6vy#?secret=XtyfDHAv4U\" data-secret=\"XtyfDHAv4U\" width=\"600\" height=\"338\" frameborder=\"0\" marginwidth=\"0\" marginheight=\"0\" scrolling=\"no\"><\/iframe>\n<\/div><\/figure>\n","protected":false},"excerpt":{"rendered":"<p>El femicida fue detenido cuando intentaba quitarse la vida arroj\u00e1ndose a las v\u00edas en la estaci\u00f3n Ramos Mej\u00eda. Adem\u00e1s, una<\/p>\n","protected":false},"author":6,"featured_media":60920,"comment_status":"closed","ping_status":"closed","sticky":false,"template":"","format":"standard","meta":{"colormag_page_container_layout":"default_layout","colormag_page_sidebar_layout":"default_layout","footnotes":""},"categories":[6828,7,12],"tags":[291,570,667,25,103],"class_list":["post-60919","post","type-post","status-publish","format-standard","has-post-thumbnail","hentry","category-mas-destacadas","category-merlo","category-policiales","tag-asesinato","tag-detenido","tag-femicidio","tag-merlo","tag-parque-san-martin"],"_links":{"self":[{"href":"https:\/\/sectorprensa.com.ar\/index.php?rest_route=\/wp\/v2\/posts\/60919","targetHints":{"allow":["GET"]}}],"collection":[{"href":"https:\/\/sectorprensa.com.ar\/index.php?rest_route=\/wp\/v2\/posts"}],"about":[{"href":"https:\/\/sectorprensa.com.ar\/index.php?rest_route=\/wp\/v2\/types\/post"}],"author":[{"embeddable":true,"href":"https:\/\/sectorprensa.com.ar\/index.php?rest_route=\/wp\/v2\/users\/6"}],"replies":[{"embeddable":true,"href":"https:\/\/sectorprensa.com.ar\/index.php?rest_route=%2Fwp%2Fv2%2Fcomments&post=60919"}],"version-history":[{"count":1,"href":"https:\/\/sectorprensa.com.ar\/index.php?rest_route=\/wp\/v2\/posts\/60919\/revisions"}],"predecessor-version":[{"id":60921,"href":"https:\/\/sectorprensa.com.ar\/index.php?rest_route=\/wp\/v2\/posts\/60919\/revisions\/60921"}],"wp:featuredmedia":[{"embeddable":true,"href":"https:\/\/sectorprensa.com.ar\/index.php?rest_route=\/wp\/v2\/media\/60920"}],"wp:attachment":[{"href":"https:\/\/sectorprensa.com.ar\/index.php?rest_route=%2Fwp%2Fv2%2Fmedia&parent=60919"}],"wp:term":[{"taxonomy":"category","embeddable":true,"href":"https:\/\/sectorprensa.com.ar\/index.php?rest_route=%2Fwp%2Fv2%2Fcategories&post=60919"},{"taxonomy":"post_tag","embeddable":true,"href":"https:\/\/sectorprensa.com.ar\/index.php?rest_route=%2Fwp%2Fv2%2Ftags&post=60919"}],"curies":[{"name":"wp","href":"https:\/\/api.w.org\/{rel}","templated":true}]}}