{"id":60922,"date":"2024-01-10T15:50:51","date_gmt":"2024-01-10T18:50:51","guid":{"rendered":"https:\/\/sectorprensa.com.ar\/?p=60922"},"modified":"2024-01-10T15:51:24","modified_gmt":"2024-01-10T18:51:24","slug":"video-villa-sarmiento-balearon-a-un-referente-del-pro-de-ituzaingo-en-un-intento-de-robo","status":"publish","type":"post","link":"https:\/\/sectorprensa.com.ar\/?p=60922","title":{"rendered":"[Video] Villa Sarmiento: balearon a un referente del PRO de Ituzaing\u00f3 en un intento de robo"},"content":{"rendered":"\n<h6 class=\"wp-block-heading\"><strong>Ocurri\u00f3 sobre la calle Ameghino, cerca de la Plaza Alsina. La v\u00edctima fue Pablo Lamoglia, perteneciente al espacio de Joaqu\u00edn De La Torre.<\/strong><\/h6>\n\n\n\n<p>En la localidad de Villa Sarmiento, partido de Mor\u00f3n, un destacado miembro del PRO de Ituzaing\u00f3, Pablo Lamoglia, result\u00f3 herido en un brazo durante un intento de robo. Lamoglia, perteneciente al espacio de Joaqu\u00edn De la Torre, fue interceptado por dos delincuentes armados cuando sub\u00eda a su veh\u00edculo Honda HRB en la calle Ameghino, cerca de la Plaza Alsina.<\/p>\n\n\n\n<p>Los delincuentes amenazaron a Lamoglia exigiendo la entrega de su autom\u00f3vil y tel\u00e9fono celular. Sin embargo, el vicepresidente del C\u00edrculo de Abogados de Ituzaing\u00f3 logr\u00f3 arrojar las llaves del autom\u00f3vil y ocultar sus pertenencias debajo del asiento del conductor.<\/p>\n\n\n\n<p>A pesar de su colaboraci\u00f3n, uno de los asaltantes dispar\u00f3, rozando uno de los brazos de Lamoglia y caus\u00e1ndole heridas leves.<\/p>\n\n\n\n<figure class=\"wp-block-embed is-type-rich is-provider-twitter wp-block-embed-twitter\"><div class=\"wp-block-embed__wrapper\">\n<blockquote class=\"twitter-tweet\" data-width=\"550\" data-dnt=\"true\"><p lang=\"es\" dir=\"ltr\">Intentaron robar y balearon a un referente del PRO de Ituzaing\u00f3. Fue en Villa Sarmiento. <a href=\"https:\/\/t.co\/J1T2tEZS4c\">pic.twitter.com\/J1T2tEZS4c<\/a><\/p>&mdash; POLICIALESONLINE (@PolicialesON) <a href=\"https:\/\/twitter.com\/PolicialesON\/status\/1745084889190293935?ref_src=twsrc%5Etfw\">January 10, 2024<\/a><\/blockquote><script async src=\"https:\/\/platform.twitter.com\/widgets.js\" charset=\"utf-8\"><\/script>\n<\/div><\/figure>\n\n\n\n<p>Posteriormente, los delincuentes huyeron del lugar y continuaron sus actividades delictivas, robando el veh\u00edculo de dos j\u00f3venes en la vereda opuesta.<\/p>\n\n\n\n<p>Lamoglia present\u00f3 la vaina hallada en la escena del crimen en la comisar\u00eda de Villa Sarmiento. La investigaci\u00f3n est\u00e1 a cargo de la Unidad Funcional de Instrucci\u00f3n (UFI) 8 de Mor\u00f3n, bajo la supervisi\u00f3n de la fiscal Adriana Su\u00e1rez Corripio.<\/p>\n\n\n\n<p><strong>LA PALABRA DE LAMOGLIA TRAS EL ROBO<\/strong><\/p>\n\n\n\n<p>El referente del PRO Ituzaing\u00f3 escribi\u00f3 un mensaje en sus redes sociales luego del hecho.<\/p>\n\n\n\n<p>\u201cComo hombre de derecho, s\u00e9 muy bien que la teor\u00eda est\u00e1 muy lejos de la realidad. Una teor\u00eda zaffaronista que se han encargado de ense\u00f1arnos e impregnar en la sociedad en las \u00faltimas d\u00e9cadas\u201d, expres\u00f3.<\/p>\n\n\n\n<figure class=\"wp-block-embed is-type-wp-embed is-provider-sector-prensa wp-block-embed-sector-prensa\"><div class=\"wp-block-embed__wrapper\">\n<blockquote class=\"wp-embedded-content\" data-secret=\"W5TgYIHPQw\"><a href=\"https:\/\/sectorprensa.com.ar\/2022\/09\/29\/ituzaingo-presentaron-proyecto-para-la-creacion-de-una-policia-municipal\/\">Ituzaing\u00f3: Presentaron proyecto para la creaci\u00f3n de una Polic\u00eda Municipal<\/a><\/blockquote><iframe loading=\"lazy\" class=\"wp-embedded-content\" sandbox=\"allow-scripts\" security=\"restricted\" style=\"position: absolute; clip: rect(1px, 1px, 1px, 1px);\" title=\"\u00abItuzaing\u00f3: Presentaron proyecto para la creaci\u00f3n de una Polic\u00eda Municipal\u00bb \u2014 Sector Prensa\" src=\"https:\/\/sectorprensa.com.ar\/2022\/09\/29\/ituzaingo-presentaron-proyecto-para-la-creacion-de-una-policia-municipal\/embed\/#?secret=twGaePLPiH#?secret=W5TgYIHPQw\" data-secret=\"W5TgYIHPQw\" width=\"600\" height=\"338\" frameborder=\"0\" marginwidth=\"0\" marginheight=\"0\" scrolling=\"no\"><\/iframe>\n<\/div><\/figure>\n\n\n\n<p>\u201cAs\u00ed, se nos hizo creer que los delincuentes son &#8216;v\u00edctimas de la sociedad&#8217; y no lo que realmente son: personas que se creen con el derecho de actuar por fuera de la ley. Actos criminales como el que me toc\u00f3 vivir (y le toca a gran parte de los argentinos d\u00eda a d\u00eda) suceden porque los delincuentes no son castigados por el Estado como corresponde, generando una impunidad absoluta\u201d, agreg\u00f3 Lamoglia.<\/p>\n\n\n\n<p>Y concluy\u00f3: \u201cEsto lo \u00fanico que logr\u00f3, fue fortalecer mis convicciones y convencerme a\u00fan m\u00e1s de que una Argentina distinta, es posible\u201d.<\/p>\n\n\n\n<figure class=\"wp-block-embed is-type-wp-embed is-provider-sector-prensa wp-block-embed-sector-prensa\"><div class=\"wp-block-embed__wrapper\">\n<blockquote class=\"wp-embedded-content\" data-secret=\"6jSJ7jNaI1\"><a href=\"https:\/\/sectorprensa.com.ar\/2024\/01\/10\/horror-en-parque-san-martin-asesino-a-punaladas-a-su-sobrina-de-14-anos-e-hirio-a-su-hermana\/\">Horror en Parque San Mart\u00edn: asesin\u00f3 a pu\u00f1aladas a su sobrina de 14 a\u00f1os e hiri\u00f3 a su hermana<\/a><\/blockquote><iframe loading=\"lazy\" class=\"wp-embedded-content\" sandbox=\"allow-scripts\" security=\"restricted\" style=\"position: absolute; clip: rect(1px, 1px, 1px, 1px);\" title=\"\u00abHorror en Parque San Mart\u00edn: asesin\u00f3 a pu\u00f1aladas a su sobrina de 14 a\u00f1os e hiri\u00f3 a su hermana\u00bb \u2014 Sector Prensa\" src=\"https:\/\/sectorprensa.com.ar\/2024\/01\/10\/horror-en-parque-san-martin-asesino-a-punaladas-a-su-sobrina-de-14-anos-e-hirio-a-su-hermana\/embed\/#?secret=RTRelyHOie#?secret=6jSJ7jNaI1\" data-secret=\"6jSJ7jNaI1\" width=\"600\" height=\"338\" frameborder=\"0\" marginwidth=\"0\" marginheight=\"0\" scrolling=\"no\"><\/iframe>\n<\/div><\/figure>\n","protected":false},"excerpt":{"rendered":"<p>Ocurri\u00f3 sobre la calle Ameghino, cerca de la Plaza Alsina. La v\u00edctima fue Pablo Lamoglia, perteneciente al espacio de Joaqu\u00edn<\/p>\n","protected":false},"author":6,"featured_media":60923,"comment_status":"closed","ping_status":"closed","sticky":false,"template":"","format":"standard","meta":{"colormag_page_container_layout":"default_layout","colormag_page_sidebar_layout":"default_layout","footnotes":""},"categories":[17,4,5,12],"tags":[165,2525,4781,74,64],"class_list":["post-60922","post","type-post","status-publish","format-standard","has-post-thumbnail","hentry","category-destacadas","category-ituzaingo","category-moron","category-policiales","tag-delincuentes","tag-moron-2","tag-pablo-lamoglia","tag-robo","tag-villa-sarmiento"],"_links":{"self":[{"href":"https:\/\/sectorprensa.com.ar\/index.php?rest_route=\/wp\/v2\/posts\/60922","targetHints":{"allow":["GET"]}}],"collection":[{"href":"https:\/\/sectorprensa.com.ar\/index.php?rest_route=\/wp\/v2\/posts"}],"about":[{"href":"https:\/\/sectorprensa.com.ar\/index.php?rest_route=\/wp\/v2\/types\/post"}],"author":[{"embeddable":true,"href":"https:\/\/sectorprensa.com.ar\/index.php?rest_route=\/wp\/v2\/users\/6"}],"replies":[{"embeddable":true,"href":"https:\/\/sectorprensa.com.ar\/index.php?rest_route=%2Fwp%2Fv2%2Fcomments&post=60922"}],"version-history":[{"count":2,"href":"https:\/\/sectorprensa.com.ar\/index.php?rest_route=\/wp\/v2\/posts\/60922\/revisions"}],"predecessor-version":[{"id":60925,"href":"https:\/\/sectorprensa.com.ar\/index.php?rest_route=\/wp\/v2\/posts\/60922\/revisions\/60925"}],"wp:featuredmedia":[{"embeddable":true,"href":"https:\/\/sectorprensa.com.ar\/index.php?rest_route=\/wp\/v2\/media\/60923"}],"wp:attachment":[{"href":"https:\/\/sectorprensa.com.ar\/index.php?rest_route=%2Fwp%2Fv2%2Fmedia&parent=60922"}],"wp:term":[{"taxonomy":"category","embeddable":true,"href":"https:\/\/sectorprensa.com.ar\/index.php?rest_route=%2Fwp%2Fv2%2Fcategories&post=60922"},{"taxonomy":"post_tag","embeddable":true,"href":"https:\/\/sectorprensa.com.ar\/index.php?rest_route=%2Fwp%2Fv2%2Ftags&post=60922"}],"curies":[{"name":"wp","href":"https:\/\/api.w.org\/{rel}","templated":true}]}}