{"id":60959,"date":"2024-01-11T11:56:50","date_gmt":"2024-01-11T14:56:50","guid":{"rendered":"https:\/\/sectorprensa.com.ar\/?p=60959"},"modified":"2024-01-11T11:56:50","modified_gmt":"2024-01-11T14:56:50","slug":"detuvieron-en-merlo-a-ladron-que-robo-en-la-casa-del-dueno-de-la-serenisima","status":"publish","type":"post","link":"https:\/\/sectorprensa.com.ar\/?p=60959","title":{"rendered":"Detuvieron en Merlo a ladr\u00f3n que rob\u00f3 en la casa del due\u00f1o de La Seren\u00edsima"},"content":{"rendered":"\n<h6 class=\"wp-block-heading\"><strong>El sujeto tambi\u00e9n est\u00e1 acusado de haber cometido otros dos hechos delictivos. <\/strong><\/h6>\n\n\n\n<p>Un joven de 28 a\u00f1os fue detenido acusado de haber ingresado a la casa del due\u00f1o de la empresa l\u00e1ctea La Seren\u00edsima y robar 100.000, pesos, en la localidad de General Rodr\u00edguez, y por otros dos hechos cometidos en la zona bajo la misma modalidad.<\/p>\n\n\n\n<p>El primero de los episodios ocurri\u00f3 el pasado 29 de diciembre cuando Mario Ram\u00f3n S\u00edvori, due\u00f1o de dicha empresa, denunci\u00f3 que, al llegar a su vivienda, ubicada en la calle Yatasto al 700 de esa localidad, detect\u00f3 que delincuentes hab\u00edan violentado una ventana para ingresar a la propiedad y que le sustrajeron dinero en efectivo.<\/p>\n\n\n\n<p>Expertos de la Polic\u00eda Cient\u00edfica que realizaron peritajes en la casa y obtuvieron una huella positiva a nombre del sospechoso, identificado por la Polic\u00eda como Franco C\u00e9sar Hormaechea (28).<\/p>\n\n\n\n<p>A ra\u00edz de ello, detectives de la Sub Delegaci\u00f3n Departamental de Investigaciones (Sub DDI) de General Rodr\u00edguez iniciaron la pesquisa en b\u00fasqueda del acusado.<\/p>\n\n\n\n<p>En ese marco, otro hombre denunci\u00f3 que el 31 de diciembre pasado, mientras dorm\u00eda, asaltantes irrumpieron en su vivienda de la calle Las Casuarinas al 1000 de General Rodr\u00edguez, tras forzar la puerta del living y sustrajeron dinero, un tel\u00e9fono celular y una bicicleta, entre otros elementos.<\/p>\n\n\n\n<p>El mismo d\u00eda, Santiago Le\u00f3n Nino, exsenador de la provincia de Buenos Aires, sufri\u00f3 un robo con las mismas caracter\u00edsticas en su casa situada en Demaestri entre avenida Italia y Pedro Whelan y ladrones le sustrajeron joyas, un celular y dinero en efectivo.<\/p>\n\n\n\n<p>Tras los relevamientos de c\u00e1maras de seguridad y de testimonios, los detectives de la Sub DDI lograron establecer que Hormaechea hab\u00eda participado en al menos dos de los robos mencionados.<\/p>\n\n\n\n<p>Luego dieron con el domicilio del imputado, ubicado en la calle Jos\u00e9 Mir\u00f3 al 400 de la localidad de Merlo, por lo que la Justicia orden\u00f3 su detenci\u00f3n y se mont\u00f3 un operativo encubierto en las adyacencias.<\/p>\n\n\n\n<p>Finalmente, el joven fue detenido al salir de la propiedad.<\/p>\n\n\n\n<p>Posteriormente, se allan\u00f3 la vivienda y los agentes secuestraron un reloj pulsera y un encendedor de acero que el exsenador Nino hab\u00eda denunciado como robados.<\/p>\n\n\n\n<p>En tanto, se determin\u00f3 que el acusado registraba antecedentes con fecha de julio de 2018 por el delito de hurto agravado por haberse cometido con escalamiento en grado de tentativa, robo simple en grado de tentativa y hurto, en concurso real entre s\u00ed.<\/p>\n\n\n\n<p>El joven qued\u00f3 detenido a disposici\u00f3n de la Unidad Funcional de Instrucci\u00f3n (UFI) 10 del Departamento Judicial de Moreno-General Rodr\u00edguez y ser\u00e1 indagado en las pr\u00f3ximas horas.<\/p>\n\n\n\n<figure class=\"wp-block-embed is-type-wp-embed is-provider-sector-prensa wp-block-embed-sector-prensa\"><div class=\"wp-block-embed__wrapper\">\n<blockquote class=\"wp-embedded-content\" data-secret=\"wK3bBiYFfO\"><a href=\"https:\/\/sectorprensa.com.ar\/2024\/01\/11\/dos-detenidos-por-el-robo-a-pablo-lamoglia-en-moron\/\">Dos detenidos por el robo a Pablo Lamoglia en Mor\u00f3n<\/a><\/blockquote><iframe loading=\"lazy\" class=\"wp-embedded-content\" sandbox=\"allow-scripts\" security=\"restricted\" style=\"position: absolute; clip: rect(1px, 1px, 1px, 1px);\" title=\"\u00abDos detenidos por el robo a Pablo Lamoglia en Mor\u00f3n\u00bb \u2014 Sector Prensa\" src=\"https:\/\/sectorprensa.com.ar\/2024\/01\/11\/dos-detenidos-por-el-robo-a-pablo-lamoglia-en-moron\/embed\/#?secret=z7XO8xvMo8#?secret=wK3bBiYFfO\" data-secret=\"wK3bBiYFfO\" width=\"600\" height=\"338\" frameborder=\"0\" marginwidth=\"0\" marginheight=\"0\" scrolling=\"no\"><\/iframe>\n<\/div><\/figure>\n","protected":false},"excerpt":{"rendered":"<p>El sujeto tambi\u00e9n est\u00e1 acusado de haber cometido otros dos hechos delictivos. Un joven de 28 a\u00f1os fue detenido acusado<\/p>\n","protected":false},"author":6,"featured_media":60960,"comment_status":"closed","ping_status":"closed","sticky":false,"template":"","format":"standard","meta":{"colormag_page_container_layout":"default_layout","colormag_page_sidebar_layout":"default_layout","footnotes":""},"categories":[17,4396,7,12],"tags":[570,6996,1671],"class_list":["post-60959","post","type-post","status-publish","format-standard","has-post-thumbnail","hentry","category-destacadas","category-gral-rodriguez","category-merlo","category-policiales","tag-detenido","tag-ladron-2","tag-robos"],"_links":{"self":[{"href":"https:\/\/sectorprensa.com.ar\/index.php?rest_route=\/wp\/v2\/posts\/60959","targetHints":{"allow":["GET"]}}],"collection":[{"href":"https:\/\/sectorprensa.com.ar\/index.php?rest_route=\/wp\/v2\/posts"}],"about":[{"href":"https:\/\/sectorprensa.com.ar\/index.php?rest_route=\/wp\/v2\/types\/post"}],"author":[{"embeddable":true,"href":"https:\/\/sectorprensa.com.ar\/index.php?rest_route=\/wp\/v2\/users\/6"}],"replies":[{"embeddable":true,"href":"https:\/\/sectorprensa.com.ar\/index.php?rest_route=%2Fwp%2Fv2%2Fcomments&post=60959"}],"version-history":[{"count":1,"href":"https:\/\/sectorprensa.com.ar\/index.php?rest_route=\/wp\/v2\/posts\/60959\/revisions"}],"predecessor-version":[{"id":60961,"href":"https:\/\/sectorprensa.com.ar\/index.php?rest_route=\/wp\/v2\/posts\/60959\/revisions\/60961"}],"wp:featuredmedia":[{"embeddable":true,"href":"https:\/\/sectorprensa.com.ar\/index.php?rest_route=\/wp\/v2\/media\/60960"}],"wp:attachment":[{"href":"https:\/\/sectorprensa.com.ar\/index.php?rest_route=%2Fwp%2Fv2%2Fmedia&parent=60959"}],"wp:term":[{"taxonomy":"category","embeddable":true,"href":"https:\/\/sectorprensa.com.ar\/index.php?rest_route=%2Fwp%2Fv2%2Fcategories&post=60959"},{"taxonomy":"post_tag","embeddable":true,"href":"https:\/\/sectorprensa.com.ar\/index.php?rest_route=%2Fwp%2Fv2%2Ftags&post=60959"}],"curies":[{"name":"wp","href":"https:\/\/api.w.org\/{rel}","templated":true}]}}