{"id":60999,"date":"2024-01-15T12:31:09","date_gmt":"2024-01-15T15:31:09","guid":{"rendered":"https:\/\/sectorprensa.com.ar\/?p=60999"},"modified":"2024-01-15T12:31:10","modified_gmt":"2024-01-15T15:31:10","slug":"mariel-fernandez-inauguro-la-estancia-el-dorado-un-nuevo-destino-turistico-de-moreno","status":"publish","type":"post","link":"https:\/\/sectorprensa.com.ar\/?p=60999","title":{"rendered":"Mariel Fern\u00e1ndez inaugur\u00f3 la Estancia \u201cEl Dorado\u201d, un nuevo destino tur\u00edstico de Moreno"},"content":{"rendered":"\n<h6 class=\"wp-block-heading\"><strong>Cuenta con un sector de glamping con vista al Lago San Francisco y otra zona de acampe, con el equipamiento y los servicios necesarios para pasar una gran estad\u00eda. Estar\u00e1 abierto al p\u00fablico a partir del mes de febrero<\/strong><\/h6>\n\n\n\n<p>La intendenta de Moreno Mariel Fern\u00e1ndez inaugur\u00f3, junto a autoridades municipales, la Estancia \u201cEl Dorado\u201d, el nuevo destino tur\u00edstico de Moreno que se encuentra ubicado en Carlos de Linneo 180, en la localidad de Francisco \u00c1lvarez.<\/p>\n\n\n\n<p>Este nuevo espacio natural, que fue recuperado y puesto en valor por el Municipio, se acondicion\u00f3 y se adapt\u00f3 para el disfrute de toda la comunidad. Cuenta con un sector de glamping con vista al Lago San Francisco y una zona de acampe con parrillas, mesas, ba\u00f1os y servicio de electricidad. Adem\u00e1s, se instal\u00f3 un muelle con vista privilegiada al Arroyo La Choza, y se brindar\u00e1n otros servicios complementarios para pasar una gran estad\u00eda.&nbsp;<\/p>\n\n\n\n<p>\u201cNos da mucha alegr\u00eda haber recuperado y organizado este lugar para que todas y todos podamos disfrutar de esta gran maravilla morenense\u201d, expres\u00f3 Mariel Fern\u00e1ndez.<\/p>\n\n\n\n<figure class=\"wp-block-embed is-type-rich is-provider-twitter wp-block-embed-twitter\"><div class=\"wp-block-embed__wrapper\">\n<blockquote class=\"twitter-tweet\" data-width=\"550\" data-dnt=\"true\"><p lang=\"es\" dir=\"ltr\">Inauguraci\u00f3n de Estancia El Dorado \ud83c\udfd5\ud83e\udd0d <a href=\"https:\/\/t.co\/zYHRVAuJnb\">pic.twitter.com\/zYHRVAuJnb<\/a><\/p>&mdash; Mariel Fern\u00e1ndez (@marielfmoreno1) <a href=\"https:\/\/twitter.com\/marielfmoreno1\/status\/1746286832646500762?ref_src=twsrc%5Etfw\">January 13, 2024<\/a><\/blockquote><script async src=\"https:\/\/platform.twitter.com\/widgets.js\" charset=\"utf-8\"><\/script>\n<\/div><\/figure>\n\n\n\n<p>\u201cEl Dorado\u201d estar\u00e1 abierto el p\u00fablico a partir del mes de febrero y las reservas podr\u00e1n realizarse a trav\u00e9s de la p\u00e1gina&nbsp;<a href=\"http:\/\/www.turismo.moreno.gob.ar\/\" target=\"_blank\" rel=\"noreferrer noopener\">www.turismo.moreno.gob.ar<\/a>, donde se publicar\u00e1 disponibilidad y tarifas.<\/p>\n\n\n\n<p>Asimismo, Mariel Fern\u00e1ndez realiz\u00f3 el lanzamiento de la temporada de verano 2024 de la Reserva Natural Municipal \u201cLos Robles\u201d, donde se inaugur\u00f3 el Lago de Fauna, un nuevo espacio de contemplaci\u00f3n de la naturaleza que permite continuar con la preservaci\u00f3n de la biodiversidad del \u00e1rea natural.&nbsp; Tambi\u00e9n se llev\u00f3 adelante la renovaci\u00f3n de los ba\u00f1os existentes, se incorpor\u00f3 uno exclusivo para ni\u00f1as y ni\u00f1os, y se mejoraron las condiciones de accesibilidad.<\/p>\n\n\n\n<p>La Reserva \u201cLos Robles\u201d est\u00e1 ubicada en Benito Ju\u00e1rez y Williams, en localidad de La Reja, dispone de todas las comodidades y servicios para recrearse y divertirse. Cuenta con el Centro de Visitantes, con recorrida guiada por Guardaparques e informaci\u00f3n sobre los tres ambientes del \u00c1rea Natural Protegida \u201cDique Ing. Roggero\u201d; servicio de alojamiento con caba\u00f1as y posadas equipadas y pileta; senderos&nbsp; en el bosque para recorrer a pie o bicicleta; zona de mesas y parrillas; Patio Gastron\u00f3mico con variedad de men\u00faes y espect\u00e1culos en vivo; zona de camping con servicio de electricidad, ba\u00f1os y sector de fog\u00f3n; juegos y plaza h\u00fameda; y un paseo costero a orillas del Lago San Francisco para disfrutar de incre\u00edbles atardeceres.&nbsp;<\/p>\n\n\n\n<p>Se puede visitar de martes a domingos de 9 a 19 horas; mientras que el Paseo Costero los d\u00edas jueves y viernes de 14 a 19 horas, y los s\u00e1bados y domingos de 10 a 20 horas.<\/p>\n\n\n\n<figure class=\"wp-block-embed is-type-wp-embed is-provider-sector-prensa wp-block-embed-sector-prensa\"><div class=\"wp-block-embed__wrapper\">\n<blockquote class=\"wp-embedded-content\" data-secret=\"fZ8IWyf4fA\"><a href=\"https:\/\/sectorprensa.com.ar\/2024\/01\/12\/moreno-llegan-las-fiestas-tematicas-de-la-cultura\/\">Moreno: llegan las Fiestas Tem\u00e1ticas de la Cultura<\/a><\/blockquote><iframe loading=\"lazy\" class=\"wp-embedded-content\" sandbox=\"allow-scripts\" security=\"restricted\" style=\"position: absolute; clip: rect(1px, 1px, 1px, 1px);\" title=\"\u00abMoreno: llegan las Fiestas Tem\u00e1ticas de la Cultura\u00bb \u2014 Sector Prensa\" src=\"https:\/\/sectorprensa.com.ar\/2024\/01\/12\/moreno-llegan-las-fiestas-tematicas-de-la-cultura\/embed\/#?secret=ZyLTlH24E5#?secret=fZ8IWyf4fA\" data-secret=\"fZ8IWyf4fA\" width=\"600\" height=\"338\" frameborder=\"0\" marginwidth=\"0\" marginheight=\"0\" scrolling=\"no\"><\/iframe>\n<\/div><\/figure>\n\n\n\n<p>Para acceder a m\u00e1s informaci\u00f3n sobre las actividades que se desarrollan tanto en la reserva natural como en el Paseo Costero deben ingresar a @Turismo.moreno o @losroblemoreno. Mientras que para realizar reservas, como tambi\u00e9n para averiguar disponibilidad y tarifas, podr\u00e1n hacerlo comunic\u00e1ndose por WhatsApp al siguiente n\u00famero: 11-2405-4639.<\/p>\n","protected":false},"excerpt":{"rendered":"<p>Cuenta con un sector de glamping con vista al Lago San Francisco y otra zona de acampe, con el equipamiento<\/p>\n","protected":false},"author":6,"featured_media":61000,"comment_status":"closed","ping_status":"closed","sticky":false,"template":"","format":"standard","meta":{"colormag_page_container_layout":"default_layout","colormag_page_sidebar_layout":"default_layout","footnotes":""},"categories":[17,2154,1173,10],"tags":[8479,6920,2898,437],"class_list":["post-60999","post","type-post","status-publish","format-standard","has-post-thumbnail","hentry","category-destacadas","category-moreno","category-municipales","category-sociedad","tag-estancia-el-dorado","tag-inauguracion-2","tag-mariel-fernandez","tag-moreno"],"_links":{"self":[{"href":"https:\/\/sectorprensa.com.ar\/index.php?rest_route=\/wp\/v2\/posts\/60999","targetHints":{"allow":["GET"]}}],"collection":[{"href":"https:\/\/sectorprensa.com.ar\/index.php?rest_route=\/wp\/v2\/posts"}],"about":[{"href":"https:\/\/sectorprensa.com.ar\/index.php?rest_route=\/wp\/v2\/types\/post"}],"author":[{"embeddable":true,"href":"https:\/\/sectorprensa.com.ar\/index.php?rest_route=\/wp\/v2\/users\/6"}],"replies":[{"embeddable":true,"href":"https:\/\/sectorprensa.com.ar\/index.php?rest_route=%2Fwp%2Fv2%2Fcomments&post=60999"}],"version-history":[{"count":1,"href":"https:\/\/sectorprensa.com.ar\/index.php?rest_route=\/wp\/v2\/posts\/60999\/revisions"}],"predecessor-version":[{"id":61001,"href":"https:\/\/sectorprensa.com.ar\/index.php?rest_route=\/wp\/v2\/posts\/60999\/revisions\/61001"}],"wp:featuredmedia":[{"embeddable":true,"href":"https:\/\/sectorprensa.com.ar\/index.php?rest_route=\/wp\/v2\/media\/61000"}],"wp:attachment":[{"href":"https:\/\/sectorprensa.com.ar\/index.php?rest_route=%2Fwp%2Fv2%2Fmedia&parent=60999"}],"wp:term":[{"taxonomy":"category","embeddable":true,"href":"https:\/\/sectorprensa.com.ar\/index.php?rest_route=%2Fwp%2Fv2%2Fcategories&post=60999"},{"taxonomy":"post_tag","embeddable":true,"href":"https:\/\/sectorprensa.com.ar\/index.php?rest_route=%2Fwp%2Fv2%2Ftags&post=60999"}],"curies":[{"name":"wp","href":"https:\/\/api.w.org\/{rel}","templated":true}]}}