{"id":61052,"date":"2024-01-16T22:14:20","date_gmt":"2024-01-17T01:14:20","guid":{"rendered":"https:\/\/sectorprensa.com.ar\/?p=61052"},"modified":"2024-01-16T22:14:23","modified_gmt":"2024-01-17T01:14:23","slug":"union-por-la-patria-expresa-su-rechazo-a-las-privatizaciones-con-un-proyecto","status":"publish","type":"post","link":"https:\/\/sectorprensa.com.ar\/?p=61052","title":{"rendered":"Uni\u00f3n por la Patria expresa su rechazo a las privatizaciones con un proyecto"},"content":{"rendered":"\n<h6 class=\"wp-block-heading\"><strong>Los diputados del espacio realizaron una presentaci\u00f3n en el Congreso para intentar la privatizaci\u00f3n de 41 empresas estatales. Advirtieron que el plan del oficialismo \u00abtendr\u00eda un car\u00e1cter irreversible y producir\u00eda nefastas consecuencias\u00bb.<\/strong><\/h6>\n\n\n\n<p>Los Diputados de Uni\u00f3n por la Patria se mostraron claramente en contra de la ley \u00abBases y Puntos de Partida para la Libertad de los Argentinos\u00bb impulsada por el Presidente Javier Milei, donde uno de sus proyectos es la privatizaci\u00f3n de empresas estatales. Por ese motivo, presentaron un proyecto para rechazar la iniciativa del oficialismo.<\/p>\n\n\n\n<p>\u00abNo podemos permitir que se concrete este masivo e injustificado plan de privatizaci\u00f3n de empresas y sociedades del Estado y venta de activos del Fondo de Garant\u00eda de Sustentabilidad (FGS)\u00bb, afirmaron.<\/p>\n\n\n\n<p>Adem\u00e1s, se\u00f1alaron que este plan ser\u00e1 \u00abirreversible\u00bb y tendr\u00eda consecuencias \u00abnefastas\u00bb para la econom\u00eda del pa\u00eds, los usuarios y consumidores, y sus derechos.<\/p>\n\n\n\n<p>Adem\u00e1s, propusieron que a la C\u00e1mara baja \u00abmanifieste su rechazo sobre la privatizaci\u00f3n de empresas y sociedades de propiedad total, mayoritaria o minoritaria y la venta de activos del Fondo de Garant\u00eda de Sustentabilidad\u00bb, que propone el \u00abalarmante contenido\u00bb de la llamada ley \u00f3mnibus\u00bb, enviada por Milei para privatizar 41 empresas estatales.<\/p>\n\n\n\n<p>Por \u00faltimo, advirtieron que \u00abla nueva propuesta de privatizaciones masivas solo empeorar\u00eda el estado de situaci\u00f3n, quitando herramientas valiosas para que el Estado resguarde derechos fundamentales de los sectores vulnerables\u00bb.<\/p>\n\n\n\n<p>El escrito lleva la firma de Sergio Palazzo, Julia Strada, Vanesa Siley, Carlos Cisneros, Mario Manrique, Pablo Yedlin, Pablo Carro y Hugo Yasky.<\/p>\n\n\n\n<figure class=\"wp-block-embed is-type-wp-embed is-provider-sector-prensa wp-block-embed-sector-prensa\"><div class=\"wp-block-embed__wrapper\">\n<blockquote class=\"wp-embedded-content\" data-secret=\"7tlIs1l8ck\"><a href=\"https:\/\/sectorprensa.com.ar\/2024\/01\/14\/el-estado-genera-inversiones-para-mejorar-la-calidad-de-vida-de-los-vecinos\/\">\u201cEl estado genera inversiones para mejorar la calidad de vida de los vecinos\u201d<\/a><\/blockquote><iframe loading=\"lazy\" class=\"wp-embedded-content\" sandbox=\"allow-scripts\" security=\"restricted\" style=\"position: absolute; clip: rect(1px, 1px, 1px, 1px);\" title=\"\u00ab\u201cEl estado genera inversiones para mejorar la calidad de vida de los vecinos\u201d\u00bb \u2014 Sector Prensa\" src=\"https:\/\/sectorprensa.com.ar\/2024\/01\/14\/el-estado-genera-inversiones-para-mejorar-la-calidad-de-vida-de-los-vecinos\/embed\/#?secret=bS0Wh2NwnM#?secret=7tlIs1l8ck\" data-secret=\"7tlIs1l8ck\" width=\"600\" height=\"338\" frameborder=\"0\" marginwidth=\"0\" marginheight=\"0\" scrolling=\"no\"><\/iframe>\n<\/div><\/figure>\n","protected":false},"excerpt":{"rendered":"<p>Los diputados del espacio realizaron una presentaci\u00f3n en el Congreso para intentar la privatizaci\u00f3n de 41 empresas estatales. Advirtieron que<\/p>\n","protected":false},"author":1,"featured_media":61053,"comment_status":"closed","ping_status":"closed","sticky":false,"template":"","format":"standard","meta":{"colormag_page_container_layout":"default_layout","colormag_page_sidebar_layout":"default_layout","footnotes":""},"categories":[17,8],"tags":[6221,8444,7831],"class_list":["post-61052","post","type-post","status-publish","format-standard","has-post-thumbnail","hentry","category-destacadas","category-politica","tag-javier-milei","tag-ley-omnibus","tag-union-por-la-patria"],"_links":{"self":[{"href":"https:\/\/sectorprensa.com.ar\/index.php?rest_route=\/wp\/v2\/posts\/61052","targetHints":{"allow":["GET"]}}],"collection":[{"href":"https:\/\/sectorprensa.com.ar\/index.php?rest_route=\/wp\/v2\/posts"}],"about":[{"href":"https:\/\/sectorprensa.com.ar\/index.php?rest_route=\/wp\/v2\/types\/post"}],"author":[{"embeddable":true,"href":"https:\/\/sectorprensa.com.ar\/index.php?rest_route=\/wp\/v2\/users\/1"}],"replies":[{"embeddable":true,"href":"https:\/\/sectorprensa.com.ar\/index.php?rest_route=%2Fwp%2Fv2%2Fcomments&post=61052"}],"version-history":[{"count":1,"href":"https:\/\/sectorprensa.com.ar\/index.php?rest_route=\/wp\/v2\/posts\/61052\/revisions"}],"predecessor-version":[{"id":61054,"href":"https:\/\/sectorprensa.com.ar\/index.php?rest_route=\/wp\/v2\/posts\/61052\/revisions\/61054"}],"wp:featuredmedia":[{"embeddable":true,"href":"https:\/\/sectorprensa.com.ar\/index.php?rest_route=\/wp\/v2\/media\/61053"}],"wp:attachment":[{"href":"https:\/\/sectorprensa.com.ar\/index.php?rest_route=%2Fwp%2Fv2%2Fmedia&parent=61052"}],"wp:term":[{"taxonomy":"category","embeddable":true,"href":"https:\/\/sectorprensa.com.ar\/index.php?rest_route=%2Fwp%2Fv2%2Fcategories&post=61052"},{"taxonomy":"post_tag","embeddable":true,"href":"https:\/\/sectorprensa.com.ar\/index.php?rest_route=%2Fwp%2Fv2%2Ftags&post=61052"}],"curies":[{"name":"wp","href":"https:\/\/api.w.org\/{rel}","templated":true}]}}