{"id":61106,"date":"2024-01-18T10:13:17","date_gmt":"2024-01-18T13:13:17","guid":{"rendered":"https:\/\/sectorprensa.com.ar\/?p=61106"},"modified":"2024-01-18T10:29:00","modified_gmt":"2024-01-18T13:29:00","slug":"moreno-llega-refugio-veraniego-un-campamento-para-el-encuentro-y-la-recreacion-de-jovenes","status":"publish","type":"post","link":"https:\/\/sectorprensa.com.ar\/?p=61106","title":{"rendered":"Moreno: llega \u201cRefugio Veraniego\u201d"},"content":{"rendered":"\n<h6 class=\"wp-block-heading\"><strong>Es una iniciativa que tiene como objetivo crear espacios de encuentro y recreaci\u00f3n para j\u00f3venes. Se realizar\u00e1 los s\u00e1bados 10, 17 y 24 de febrero en Los Robles. Habr\u00e1 Dj\u2019s y artistas en vivo, caminatas por la reserva, piscina, fog\u00f3n y actividades recreativas y deportivas.<\/strong><\/h6>\n\n\n\n<p>El Municipio de Moreno, a trav\u00e9s de la Direcci\u00f3n de Juventudes, llevar\u00e1 adelante \u201cRefugio Veraniego\u201d, una iniciativa que tiene como objetivo crear espacios de encuentro y recreaci\u00f3n para j\u00f3venes, adem\u00e1s de promover la actividad tur\u00edstica y art\u00edstica local.<\/p>\n\n\n\n<p>La propuesta est\u00e1 dirigida a j\u00f3venes morenenses de 15 hasta 30 a\u00f1os y se realizar\u00e1 los s\u00e1bados 10, 17 y 24 de febrero en la Reserva Natural Municipal \u201cLos Robles\u201d, ubicada en Benito Ju\u00e1rez y Williams, localidad de La Reja.<\/p>\n\n\n\n<figure class=\"wp-block-image size-full\"><img loading=\"lazy\" decoding=\"async\" width=\"622\" height=\"378\" src=\"https:\/\/sectorprensa.com.ar\/wp-content\/uploads\/2024\/01\/Captura-de-pantalla-2024-01-18-101218.png\" alt=\"\" class=\"wp-image-61108\" srcset=\"https:\/\/sectorprensa.com.ar\/wp-content\/uploads\/2024\/01\/Captura-de-pantalla-2024-01-18-101218.png 622w, https:\/\/sectorprensa.com.ar\/wp-content\/uploads\/2024\/01\/Captura-de-pantalla-2024-01-18-101218-300x182.png 300w\" sizes=\"auto, (max-width: 622px) 100vw, 622px\" \/><\/figure>\n\n\n\n<p>El Municipio garantiza las carpas para pasar la noche, el traslado ida y vuelta, desayuno y almuerzo. Adem\u00e1s, se podr\u00e1 disfrutar de Dj\u2019s y artistas en vivo, caminatas por la reserva, la zona de piscina, el fog\u00f3n y actividades recreativas y deportivas.<\/p>\n\n\n\n<p><strong>La actividad requiere inscripci\u00f3n previa. Para participar, enviar un mensaje privado a @juventudesmoreno v\u00eda instagram.<\/strong><\/p>\n\n\n\n<figure class=\"wp-block-embed is-type-wp-embed is-provider-sector-prensa wp-block-embed-sector-prensa\"><div class=\"wp-block-embed__wrapper\">\n<blockquote class=\"wp-embedded-content\" data-secret=\"gyJk15FVRB\"><a href=\"https:\/\/sectorprensa.com.ar\/2024\/01\/15\/mariel-fernandez-inauguro-la-estancia-el-dorado-un-nuevo-destino-turistico-de-moreno\/\">Mariel Fern\u00e1ndez inaugur\u00f3 la Estancia \u201cEl Dorado\u201d, un nuevo destino tur\u00edstico de Moreno<\/a><\/blockquote><iframe loading=\"lazy\" class=\"wp-embedded-content\" sandbox=\"allow-scripts\" security=\"restricted\" style=\"position: absolute; clip: rect(1px, 1px, 1px, 1px);\" title=\"\u00abMariel Fern\u00e1ndez inaugur\u00f3 la Estancia \u201cEl Dorado\u201d, un nuevo destino tur\u00edstico de Moreno\u00bb \u2014 Sector Prensa\" src=\"https:\/\/sectorprensa.com.ar\/2024\/01\/15\/mariel-fernandez-inauguro-la-estancia-el-dorado-un-nuevo-destino-turistico-de-moreno\/embed\/#?secret=dMhEBl5rdE#?secret=gyJk15FVRB\" data-secret=\"gyJk15FVRB\" width=\"600\" height=\"338\" frameborder=\"0\" marginwidth=\"0\" marginheight=\"0\" scrolling=\"no\"><\/iframe>\n<\/div><\/figure>\n","protected":false},"excerpt":{"rendered":"<p>Es una iniciativa que tiene como objetivo crear espacios de encuentro y recreaci\u00f3n para j\u00f3venes. Se realizar\u00e1 los s\u00e1bados 10,<\/p>\n","protected":false},"author":6,"featured_media":61107,"comment_status":"closed","ping_status":"closed","sticky":false,"template":"","format":"standard","meta":{"colormag_page_container_layout":"default_layout","colormag_page_sidebar_layout":"default_layout","footnotes":""},"categories":[17,2154,1173,10],"tags":[6880,437,8490],"class_list":["post-61106","post","type-post","status-publish","format-standard","has-post-thumbnail","hentry","category-destacadas","category-moreno","category-municipales","category-sociedad","tag-jovenes-2","tag-moreno","tag-refugio-veraniego"],"_links":{"self":[{"href":"https:\/\/sectorprensa.com.ar\/index.php?rest_route=\/wp\/v2\/posts\/61106","targetHints":{"allow":["GET"]}}],"collection":[{"href":"https:\/\/sectorprensa.com.ar\/index.php?rest_route=\/wp\/v2\/posts"}],"about":[{"href":"https:\/\/sectorprensa.com.ar\/index.php?rest_route=\/wp\/v2\/types\/post"}],"author":[{"embeddable":true,"href":"https:\/\/sectorprensa.com.ar\/index.php?rest_route=\/wp\/v2\/users\/6"}],"replies":[{"embeddable":true,"href":"https:\/\/sectorprensa.com.ar\/index.php?rest_route=%2Fwp%2Fv2%2Fcomments&post=61106"}],"version-history":[{"count":2,"href":"https:\/\/sectorprensa.com.ar\/index.php?rest_route=\/wp\/v2\/posts\/61106\/revisions"}],"predecessor-version":[{"id":61110,"href":"https:\/\/sectorprensa.com.ar\/index.php?rest_route=\/wp\/v2\/posts\/61106\/revisions\/61110"}],"wp:featuredmedia":[{"embeddable":true,"href":"https:\/\/sectorprensa.com.ar\/index.php?rest_route=\/wp\/v2\/media\/61107"}],"wp:attachment":[{"href":"https:\/\/sectorprensa.com.ar\/index.php?rest_route=%2Fwp%2Fv2%2Fmedia&parent=61106"}],"wp:term":[{"taxonomy":"category","embeddable":true,"href":"https:\/\/sectorprensa.com.ar\/index.php?rest_route=%2Fwp%2Fv2%2Fcategories&post=61106"},{"taxonomy":"post_tag","embeddable":true,"href":"https:\/\/sectorprensa.com.ar\/index.php?rest_route=%2Fwp%2Fv2%2Ftags&post=61106"}],"curies":[{"name":"wp","href":"https:\/\/api.w.org\/{rel}","templated":true}]}}