{"id":61125,"date":"2024-01-18T18:00:31","date_gmt":"2024-01-18T21:00:31","guid":{"rendered":"https:\/\/sectorprensa.com.ar\/?p=61125"},"modified":"2024-01-18T18:00:31","modified_gmt":"2024-01-18T21:00:31","slug":"moron-se-constituyo-un-nuevo-espacio-en-el-distrito","status":"publish","type":"post","link":"https:\/\/sectorprensa.com.ar\/?p=61125","title":{"rendered":"Mor\u00f3n: se constituy\u00f3 un nuevo espacio en el distrito"},"content":{"rendered":"\n<h6 class=\"wp-block-heading\"><strong>Se trata de la Multisectorial Mor\u00f3n, estar\u00e1 integrado por sindicatos, movimientos sociales y organizaciones de la sociedad civil, tambi\u00e9n acompa\u00f1ar\u00e1 el gobierno local. El nuevo espacio public\u00f3 un comunicado repudiando \u00abel avance antidemocr\u00e1tico sobre los derechos de los argentinos\u00bb.<\/strong><\/h6>\n\n\n\n<p>Este mi\u00e9rcoles se constituy\u00f3 al Multisectorial Mor\u00f3n, nuevo espacio que tendr\u00e1 el municipio. Se produjo luego de una reuni\u00f3n, en la sede de SMATA, que integraron la CGT, la CTA, los partidos que integran Uni\u00f3n por la Patria Mor\u00f3n, movimientos sociales, c\u00e1maras comerciales, organizaciones de la sociedad civil y el gobierno local. Los sectores mencionados trabajar\u00e1n en conjunto para desarrollar acciones y estrategias para enfrentar las pol\u00edticas del Presidente Javier Milei.<\/p>\n\n\n\n<p>En el primer c\u00f3nclave, explicaron el por qu\u00e9 de la creaci\u00f3n de la Multisectorial y publicaron un comunicado que titularon \u201cNo permitamos que se demuelan los cimientos de la casa com\u00fan\u201d.<\/p>\n\n\n\n<p>\u201cLa Multisectorial Mor\u00f3n expresa su en\u00e9rgico repudio al avance antidemocr\u00e1tico sobre los derechos de los argentinos y argentinas y exige el rechazo del Congreso al proyecto de Ley \u00d3mnibus y al DNU 70\/24 impulsados por el Gobierno nacional, mediante los cuales se pretende eliminar o modificar radicalmente gran parte de la legislaci\u00f3n de nuestro pa\u00eds, para favorecer negocios y consagrar privilegios\u201d, afirmaron.<\/p>\n\n\n\n<p>\u201cImpulsamos la movilizaci\u00f3n y el estado de alerta permanente contra el avasallamiento de la Soberan\u00eda nacional y los derechos del Pueblo y nos comprometemos a multiplicar esfuerzos para defender y garantizar la calidad de vida de los y las habitantes de nuestro pa\u00eds y, en especial, de nuestro distrito\u201d, agrega el documento.<\/p>\n\n\n\n<p>La convocatoria y adhesi\u00f3n al paro del 24 de enero: \u201cLas organizaciones sindicales, pol\u00edticas, empresarias, sociales y culturales, instituciones democr\u00e1ticas y entidades de la sociedad civil que conformamos esta Multisectorial apoyamos e invitamos a la comunidad de Mor\u00f3n a sumarse a la convocatoria al paro y movilizaci\u00f3n del pr\u00f3ximo 24 de enero\u201d, sostuvieron.<\/p>\n\n\n\n<figure class=\"wp-block-embed is-type-wp-embed is-provider-sector-prensa wp-block-embed-sector-prensa\"><div class=\"wp-block-embed__wrapper\">\n<blockquote class=\"wp-embedded-content\" data-secret=\"3b08LaHv3v\"><a href=\"https:\/\/sectorprensa.com.ar\/2024\/01\/17\/moron-mas-de-5-mil-personas-disfrutan-de-las-colonias-municipales\/\">Mor\u00f3n: m\u00e1s de 5 mil personas disfrutan de las colonias municipales<\/a><\/blockquote><iframe loading=\"lazy\" class=\"wp-embedded-content\" sandbox=\"allow-scripts\" security=\"restricted\" style=\"position: absolute; clip: rect(1px, 1px, 1px, 1px);\" title=\"\u00abMor\u00f3n: m\u00e1s de 5 mil personas disfrutan de las colonias municipales\u00bb \u2014 Sector Prensa\" src=\"https:\/\/sectorprensa.com.ar\/2024\/01\/17\/moron-mas-de-5-mil-personas-disfrutan-de-las-colonias-municipales\/embed\/#?secret=ZblaHDlit9#?secret=3b08LaHv3v\" data-secret=\"3b08LaHv3v\" width=\"600\" height=\"338\" frameborder=\"0\" marginwidth=\"0\" marginheight=\"0\" scrolling=\"no\"><\/iframe>\n<\/div><\/figure>\n","protected":false},"excerpt":{"rendered":"<p>Se trata de la Multisectorial Mor\u00f3n, estar\u00e1 integrado por sindicatos, movimientos sociales y organizaciones de la sociedad civil, tambi\u00e9n acompa\u00f1ar\u00e1<\/p>\n","protected":false},"author":1,"featured_media":61126,"comment_status":"closed","ping_status":"closed","sticky":false,"template":"","format":"standard","meta":{"colormag_page_container_layout":"default_layout","colormag_page_sidebar_layout":"default_layout","footnotes":""},"categories":[17,5,1173,8],"tags":[2525,8491,7831],"class_list":["post-61125","post","type-post","status-publish","format-standard","has-post-thumbnail","hentry","category-destacadas","category-moron","category-municipales","category-politica","tag-moron-2","tag-multisectorial-moron","tag-union-por-la-patria"],"_links":{"self":[{"href":"https:\/\/sectorprensa.com.ar\/index.php?rest_route=\/wp\/v2\/posts\/61125","targetHints":{"allow":["GET"]}}],"collection":[{"href":"https:\/\/sectorprensa.com.ar\/index.php?rest_route=\/wp\/v2\/posts"}],"about":[{"href":"https:\/\/sectorprensa.com.ar\/index.php?rest_route=\/wp\/v2\/types\/post"}],"author":[{"embeddable":true,"href":"https:\/\/sectorprensa.com.ar\/index.php?rest_route=\/wp\/v2\/users\/1"}],"replies":[{"embeddable":true,"href":"https:\/\/sectorprensa.com.ar\/index.php?rest_route=%2Fwp%2Fv2%2Fcomments&post=61125"}],"version-history":[{"count":1,"href":"https:\/\/sectorprensa.com.ar\/index.php?rest_route=\/wp\/v2\/posts\/61125\/revisions"}],"predecessor-version":[{"id":61128,"href":"https:\/\/sectorprensa.com.ar\/index.php?rest_route=\/wp\/v2\/posts\/61125\/revisions\/61128"}],"wp:featuredmedia":[{"embeddable":true,"href":"https:\/\/sectorprensa.com.ar\/index.php?rest_route=\/wp\/v2\/media\/61126"}],"wp:attachment":[{"href":"https:\/\/sectorprensa.com.ar\/index.php?rest_route=%2Fwp%2Fv2%2Fmedia&parent=61125"}],"wp:term":[{"taxonomy":"category","embeddable":true,"href":"https:\/\/sectorprensa.com.ar\/index.php?rest_route=%2Fwp%2Fv2%2Fcategories&post=61125"},{"taxonomy":"post_tag","embeddable":true,"href":"https:\/\/sectorprensa.com.ar\/index.php?rest_route=%2Fwp%2Fv2%2Ftags&post=61125"}],"curies":[{"name":"wp","href":"https:\/\/api.w.org\/{rel}","templated":true}]}}