{"id":61176,"date":"2024-01-21T14:52:53","date_gmt":"2024-01-21T17:52:53","guid":{"rendered":"https:\/\/sectorprensa.com.ar\/?p=61176"},"modified":"2024-01-21T20:40:43","modified_gmt":"2024-01-21T23:40:43","slug":"se-dara-de-baja-a-mas-de-27-mil-planes-sociales","status":"publish","type":"post","link":"https:\/\/sectorprensa.com.ar\/?p=61176","title":{"rendered":"Se dar\u00e1 de baja a m\u00e1s de 27 mil planes sociales"},"content":{"rendered":"\n<h6 class=\"wp-block-heading\"><strong>El Gobierno inform\u00f3 que las bajas se deben a \u00abincompatibilidades\u00bb. Adem\u00e1s, el Ejecutivo confirmo que \u00abse evita la erogaci\u00f3n incorrecta de 2.000.000.000\u00bb.<\/strong><\/h6>\n\n\n\n<p>Este s\u00e1bado el gobierno nacional, a trav\u00e9s del Ministerio de Capital Humano, inform\u00f3 que se dar\u00e1n de baja a m\u00e1s de 27 mil planes sociales. El anuncio se realiz\u00f3 luego de la verificaci\u00f3n de datos y cumplimiento de requisitos de todos los titulares.<\/p>\n\n\n\n<p>El \u00e1rea encabezada por Sandra Pettovello, explic\u00f3 que la medida se debe a \u00abincompatibilidades\u00bb. Se detectaron 27.208 irregularidades en Potenciar Trabajo y doce en Potenciar Empleo.<\/p>\n\n\n\n<p>\u00abInmediatamente se les suspendi\u00f3 el pago, evitando as\u00ed la erogaci\u00f3n incorrecta de 2.000.000.000 millones de pesos del Estado nacional\u00bb, confirm\u00f3 el Ejecutivo.<\/p>\n\n\n\n<p>El cruce de informaci\u00f3n detect\u00f3 las siguientes incompatibilidades: beneficios de jubilaci\u00f3n o pensi\u00f3n, prestaci\u00f3n por desempleo, monotributistas categor\u00eda C o superior, trabajadores aut\u00f3nomos, incompatibilidad por residencia en el extranjero, fallecidos y posesi\u00f3n de autos con menos de 10 a\u00f1os de antig\u00fcedad.<\/p>\n\n\n\n<p>D\u00edas atr\u00e1s, el vocero presidencial Manuel Adorni, dijo: \u201cEst\u00e1 el proceso en marcha para dar de baja todos esos planes que revisten alg\u00fan tipo de incompatibilidad. Es un proceso que no se hace de un d\u00eda para el otro, pero entiendo que en cualquier momento la baja se har\u00e1 efectiva\u201d.<\/p>\n\n\n\n<figure class=\"wp-block-embed is-type-wp-embed is-provider-sector-prensa wp-block-embed-sector-prensa\"><div class=\"wp-block-embed__wrapper\">\n<blockquote class=\"wp-embedded-content\" data-secret=\"BsQn8idG9u\"><a href=\"https:\/\/sectorprensa.com.ar\/2024\/01\/20\/diego-spagnuolo-convoco-al-directorio-de-prestaciones-basicas-para-personas-con-discapacidad\/\">Diego Spagnuolo convoc\u00f3 al Directorio de Prestaciones B\u00e1sicas para personas con discapacidad<\/a><\/blockquote><iframe loading=\"lazy\" class=\"wp-embedded-content\" sandbox=\"allow-scripts\" security=\"restricted\" style=\"position: absolute; clip: rect(1px, 1px, 1px, 1px);\" title=\"\u00abDiego Spagnuolo convoc\u00f3 al Directorio de Prestaciones B\u00e1sicas para personas con discapacidad\u00bb \u2014 Sector Prensa\" src=\"https:\/\/sectorprensa.com.ar\/2024\/01\/20\/diego-spagnuolo-convoco-al-directorio-de-prestaciones-basicas-para-personas-con-discapacidad\/embed\/#?secret=ud8z9nTcXH#?secret=BsQn8idG9u\" data-secret=\"BsQn8idG9u\" width=\"600\" height=\"338\" frameborder=\"0\" marginwidth=\"0\" marginheight=\"0\" scrolling=\"no\"><\/iframe>\n<\/div><\/figure>\n","protected":false},"excerpt":{"rendered":"<p>El Gobierno inform\u00f3 que las bajas se deben a \u00abincompatibilidades\u00bb. Adem\u00e1s, el Ejecutivo confirmo que \u00abse evita la erogaci\u00f3n incorrecta<\/p>\n","protected":false},"author":1,"featured_media":61177,"comment_status":"closed","ping_status":"closed","sticky":false,"template":"","format":"standard","meta":{"colormag_page_container_layout":"default_layout","colormag_page_sidebar_layout":"default_layout","footnotes":""},"categories":[17,6828,8],"tags":[6221,8409,5560],"class_list":["post-61176","post","type-post","status-publish","format-standard","has-post-thumbnail","hentry","category-destacadas","category-mas-destacadas","category-politica","tag-javier-milei","tag-ministerio-de-capital-humano","tag-planes-sociales"],"_links":{"self":[{"href":"https:\/\/sectorprensa.com.ar\/index.php?rest_route=\/wp\/v2\/posts\/61176","targetHints":{"allow":["GET"]}}],"collection":[{"href":"https:\/\/sectorprensa.com.ar\/index.php?rest_route=\/wp\/v2\/posts"}],"about":[{"href":"https:\/\/sectorprensa.com.ar\/index.php?rest_route=\/wp\/v2\/types\/post"}],"author":[{"embeddable":true,"href":"https:\/\/sectorprensa.com.ar\/index.php?rest_route=\/wp\/v2\/users\/1"}],"replies":[{"embeddable":true,"href":"https:\/\/sectorprensa.com.ar\/index.php?rest_route=%2Fwp%2Fv2%2Fcomments&post=61176"}],"version-history":[{"count":1,"href":"https:\/\/sectorprensa.com.ar\/index.php?rest_route=\/wp\/v2\/posts\/61176\/revisions"}],"predecessor-version":[{"id":61178,"href":"https:\/\/sectorprensa.com.ar\/index.php?rest_route=\/wp\/v2\/posts\/61176\/revisions\/61178"}],"wp:featuredmedia":[{"embeddable":true,"href":"https:\/\/sectorprensa.com.ar\/index.php?rest_route=\/wp\/v2\/media\/61177"}],"wp:attachment":[{"href":"https:\/\/sectorprensa.com.ar\/index.php?rest_route=%2Fwp%2Fv2%2Fmedia&parent=61176"}],"wp:term":[{"taxonomy":"category","embeddable":true,"href":"https:\/\/sectorprensa.com.ar\/index.php?rest_route=%2Fwp%2Fv2%2Fcategories&post=61176"},{"taxonomy":"post_tag","embeddable":true,"href":"https:\/\/sectorprensa.com.ar\/index.php?rest_route=%2Fwp%2Fv2%2Ftags&post=61176"}],"curies":[{"name":"wp","href":"https:\/\/api.w.org\/{rel}","templated":true}]}}