{"id":61389,"date":"2024-01-29T11:00:28","date_gmt":"2024-01-29T14:00:28","guid":{"rendered":"https:\/\/sectorprensa.com.ar\/?p=61389"},"modified":"2024-01-29T11:00:29","modified_gmt":"2024-01-29T14:00:29","slug":"la-oposicion-del-gobierno-comienza-un-camino-donde-se-mostrara-fuerte","status":"publish","type":"post","link":"https:\/\/sectorprensa.com.ar\/?p=61389","title":{"rendered":"\u201cLa oposici\u00f3n del Gobierno comienza un camino donde se mostrar\u00e1 fuerte\u201d"},"content":{"rendered":"\n<h6 class=\"wp-block-heading\"><strong>Lo dijo Manuel Zunino, director de Proyecci\u00f3n Consultores, luego del paro general del mi\u00e9rcoles pasado.<\/strong><\/h6>\n\n\n\n<p>El analista pol\u00edtico Manuel Zunino habl\u00f3 sobre el impacto pol\u00edtico del paro general y movilizaci\u00f3n convocado por la CGT, CTA y las organizaciones pol\u00edticas contra el DNU y la Ley \u00d3mnibus.<\/p>\n\n\n\n<p>\u201cUn mont\u00f3n de actores pol\u00edticos, sindicales y ciudadanos de a pie se reunieron en las calles contra el DNU y la Ley \u00d3mnibus\u201d, expres\u00f3 el titular de Proyecci\u00f3n Consultores en AM 530 Somos Radio.<\/p>\n\n\n\n<p>En este sentido, se\u00f1al\u00f3: \u201cel mensaje no es solo para el Gobierno, sino para los Diputados y Senadores, que son los propios representantes del pueblo que sali\u00f3 a la calle, y los encargados de tratar la ley\u201d.<\/p>\n\n\n\n<p>Al ser consultado acerca de si esto le impacta directamente a Milei, el analista coment\u00f3: \u201cel presidente est\u00e1 enfocado en hablar como lo hac\u00eda en campa\u00f1a, nunca hizo, hasta ahora, un discurso de consenso\u201d.<\/p>\n\n\n\n<p>\u201cA partir de hoy la oposici\u00f3n del Gobierno comienza un camino donde se mostrar\u00e1 fuerte\u201d, concluy\u00f3.<\/p>\n\n\n\n<figure class=\"wp-block-embed is-type-wp-embed is-provider-sector-prensa wp-block-embed-sector-prensa\"><div class=\"wp-block-embed__wrapper\">\n<blockquote class=\"wp-embedded-content\" data-secret=\"sP42ispH28\"><a href=\"https:\/\/sectorprensa.com.ar\/2024\/01\/27\/en-lo-inmediato-las-medidas-del-gobierno-nos-complican\/\">\u00abEn lo inmediato, las medidas del gobierno nos complican\u00bb<\/a><\/blockquote><iframe loading=\"lazy\" class=\"wp-embedded-content\" sandbox=\"allow-scripts\" security=\"restricted\" style=\"position: absolute; clip: rect(1px, 1px, 1px, 1px);\" title=\"\u00ab\u00abEn lo inmediato, las medidas del gobierno nos complican\u00bb\u00bb \u2014 Sector Prensa\" src=\"https:\/\/sectorprensa.com.ar\/2024\/01\/27\/en-lo-inmediato-las-medidas-del-gobierno-nos-complican\/embed\/#?secret=iYTkdon3MV#?secret=sP42ispH28\" data-secret=\"sP42ispH28\" width=\"600\" height=\"338\" frameborder=\"0\" marginwidth=\"0\" marginheight=\"0\" scrolling=\"no\"><\/iframe>\n<\/div><\/figure>\n\n\n\n<figure class=\"wp-block-embed is-type-wp-embed is-provider-sector-prensa wp-block-embed-sector-prensa\"><div class=\"wp-block-embed__wrapper\">\n<blockquote class=\"wp-embedded-content\" data-secret=\"LKm3LKWT83\"><a href=\"https:\/\/sectorprensa.com.ar\/2023\/10\/24\/manuel-zunino-hay-una-parte-del-votante-de-bullrich-que-tiene-una-mirada-desconfiada-de-milei\/\">Manuel Zunino: \u201cHay una parte del votante de Bullrich que tiene una mirada desconfiada de Milei\u201d<\/a><\/blockquote><iframe loading=\"lazy\" class=\"wp-embedded-content\" sandbox=\"allow-scripts\" security=\"restricted\" style=\"position: absolute; clip: rect(1px, 1px, 1px, 1px);\" title=\"\u00abManuel Zunino: \u201cHay una parte del votante de Bullrich que tiene una mirada desconfiada de Milei\u201d\u00bb \u2014 Sector Prensa\" src=\"https:\/\/sectorprensa.com.ar\/2023\/10\/24\/manuel-zunino-hay-una-parte-del-votante-de-bullrich-que-tiene-una-mirada-desconfiada-de-milei\/embed\/#?secret=bDivChGjRa#?secret=LKm3LKWT83\" data-secret=\"LKm3LKWT83\" width=\"600\" height=\"338\" frameborder=\"0\" marginwidth=\"0\" marginheight=\"0\" scrolling=\"no\"><\/iframe>\n<\/div><\/figure>\n","protected":false},"excerpt":{"rendered":"<p>Lo dijo Manuel Zunino, director de Proyecci\u00f3n Consultores, luego del paro general del mi\u00e9rcoles pasado. El analista pol\u00edtico Manuel Zunino<\/p>\n","protected":false},"author":6,"featured_media":61390,"comment_status":"closed","ping_status":"closed","sticky":false,"template":"","format":"standard","meta":{"colormag_page_container_layout":"default_layout","colormag_page_sidebar_layout":"default_layout","footnotes":""},"categories":[6828,8],"tags":[8427,6221,7394,8444,7417,774,7418],"class_list":["post-61389","post","type-post","status-publish","format-standard","has-post-thumbnail","hentry","category-mas-destacadas","category-politica","tag-decreto-de-necesidad-y-urgencia","tag-javier-milei","tag-la-libertad-avanza","tag-ley-omnibus","tag-manuel-zunino","tag-paro","tag-proyeccion-consultores"],"_links":{"self":[{"href":"https:\/\/sectorprensa.com.ar\/index.php?rest_route=\/wp\/v2\/posts\/61389","targetHints":{"allow":["GET"]}}],"collection":[{"href":"https:\/\/sectorprensa.com.ar\/index.php?rest_route=\/wp\/v2\/posts"}],"about":[{"href":"https:\/\/sectorprensa.com.ar\/index.php?rest_route=\/wp\/v2\/types\/post"}],"author":[{"embeddable":true,"href":"https:\/\/sectorprensa.com.ar\/index.php?rest_route=\/wp\/v2\/users\/6"}],"replies":[{"embeddable":true,"href":"https:\/\/sectorprensa.com.ar\/index.php?rest_route=%2Fwp%2Fv2%2Fcomments&post=61389"}],"version-history":[{"count":1,"href":"https:\/\/sectorprensa.com.ar\/index.php?rest_route=\/wp\/v2\/posts\/61389\/revisions"}],"predecessor-version":[{"id":61391,"href":"https:\/\/sectorprensa.com.ar\/index.php?rest_route=\/wp\/v2\/posts\/61389\/revisions\/61391"}],"wp:featuredmedia":[{"embeddable":true,"href":"https:\/\/sectorprensa.com.ar\/index.php?rest_route=\/wp\/v2\/media\/61390"}],"wp:attachment":[{"href":"https:\/\/sectorprensa.com.ar\/index.php?rest_route=%2Fwp%2Fv2%2Fmedia&parent=61389"}],"wp:term":[{"taxonomy":"category","embeddable":true,"href":"https:\/\/sectorprensa.com.ar\/index.php?rest_route=%2Fwp%2Fv2%2Fcategories&post=61389"},{"taxonomy":"post_tag","embeddable":true,"href":"https:\/\/sectorprensa.com.ar\/index.php?rest_route=%2Fwp%2Fv2%2Ftags&post=61389"}],"curies":[{"name":"wp","href":"https:\/\/api.w.org\/{rel}","templated":true}]}}