{"id":61428,"date":"2024-01-29T11:20:58","date_gmt":"2024-01-29T14:20:58","guid":{"rendered":"https:\/\/sectorprensa.com.ar\/?p=61428"},"modified":"2024-01-29T11:20:58","modified_gmt":"2024-01-29T14:20:58","slug":"canasta-escolar-los-aumentos-son-entre-el-150-y-200","status":"publish","type":"post","link":"https:\/\/sectorprensa.com.ar\/?p=61428","title":{"rendered":"Canasta escolar: \u201cLos aumentos son entre el 150 y 200%\u201d"},"content":{"rendered":"\n<h6 class=\"wp-block-heading\"><strong>Lo dijo Luis Schvartzman, due\u00f1o de una librer\u00eda. Un repuesto de hojas escolares de primera marca puede costar hasta $30 mil.<\/strong><\/h6>\n\n\n\n<p>Luis Schvartzman, due\u00f1o de la librer\u00eda platense \u201cTEC\u201d, revel\u00f3 en di\u00e1logo con Radio Provincia que durante enero bajaron las ventas de productos vinculados a la canasta escolar.<\/p>\n\n\n\n<p>En ese sentido, asever\u00f3 que \u201cla educaci\u00f3n no es un gasto es una inversi\u00f3n\u201d. Al ser consultado sobre el avance del consumo de productos escolares indic\u00f3 que \u201clas ventas comenzaron en navidad, y eso se not\u00f3 en la cantidad de gente que vino a comprar la mochila armada. En Reyes sucedi\u00f3 lo mismo. Bajaron las ventas en juguetes y los padres compraban \u00fatiles\u201d.<\/p>\n\n\n\n<p>En ese mismo sentido, sostuvo que \u201cen enero los precios estaban explotados\u201d.<\/p>\n\n\n\n<p>Seguido, revel\u00f3 que \u201cel papel aument\u00f3 much\u00edsimo. Los repuestos escolares de primera marca superan los 30 mil pesos. Un repuesto de 480. Tambi\u00e9n hay de $20 mil\u201d.<\/p>\n\n\n\n<p>Por \u00faltimo, en relaci\u00f3n a los incrementos de valores en relaci\u00f3n al a\u00f1o pasado, Schvartzman asegur\u00f3 que \u201clos aumentos son entre el 150 y 200%. Las inversiones que tuvimos que realizar con poco cr\u00e9dito fueron muy dif\u00edcil\u201d.<\/p>\n\n\n\n<figure class=\"wp-block-embed is-type-wp-embed is-provider-sector-prensa wp-block-embed-sector-prensa\"><div class=\"wp-block-embed__wrapper\">\n<blockquote class=\"wp-embedded-content\" data-secret=\"wC7UlxJu5Z\"><a href=\"https:\/\/sectorprensa.com.ar\/2024\/01\/27\/en-lo-inmediato-las-medidas-del-gobierno-nos-complican\/\">\u00abEn lo inmediato, las medidas del gobierno nos complican\u00bb<\/a><\/blockquote><iframe loading=\"lazy\" class=\"wp-embedded-content\" sandbox=\"allow-scripts\" security=\"restricted\" style=\"position: absolute; clip: rect(1px, 1px, 1px, 1px);\" title=\"\u00ab\u00abEn lo inmediato, las medidas del gobierno nos complican\u00bb\u00bb \u2014 Sector Prensa\" src=\"https:\/\/sectorprensa.com.ar\/2024\/01\/27\/en-lo-inmediato-las-medidas-del-gobierno-nos-complican\/embed\/#?secret=klmtnb6XW7#?secret=wC7UlxJu5Z\" data-secret=\"wC7UlxJu5Z\" width=\"600\" height=\"338\" frameborder=\"0\" marginwidth=\"0\" marginheight=\"0\" scrolling=\"no\"><\/iframe>\n<\/div><\/figure>\n","protected":false},"excerpt":{"rendered":"<p>Lo dijo Luis Schvartzman, due\u00f1o de una librer\u00eda. Un repuesto de hojas escolares de primera marca puede costar hasta $30<\/p>\n","protected":false},"author":6,"featured_media":61429,"comment_status":"closed","ping_status":"closed","sticky":false,"template":"","format":"standard","meta":{"colormag_page_container_layout":"default_layout","colormag_page_sidebar_layout":"default_layout","footnotes":""},"categories":[17,18,10],"tags":[7505,5564,4131],"class_list":["post-61428","post","type-post","status-publish","format-standard","has-post-thumbnail","hentry","category-destacadas","category-provincia","category-sociedad","tag-canasta-escolar","tag-economia","tag-inflacion"],"_links":{"self":[{"href":"https:\/\/sectorprensa.com.ar\/index.php?rest_route=\/wp\/v2\/posts\/61428","targetHints":{"allow":["GET"]}}],"collection":[{"href":"https:\/\/sectorprensa.com.ar\/index.php?rest_route=\/wp\/v2\/posts"}],"about":[{"href":"https:\/\/sectorprensa.com.ar\/index.php?rest_route=\/wp\/v2\/types\/post"}],"author":[{"embeddable":true,"href":"https:\/\/sectorprensa.com.ar\/index.php?rest_route=\/wp\/v2\/users\/6"}],"replies":[{"embeddable":true,"href":"https:\/\/sectorprensa.com.ar\/index.php?rest_route=%2Fwp%2Fv2%2Fcomments&post=61428"}],"version-history":[{"count":1,"href":"https:\/\/sectorprensa.com.ar\/index.php?rest_route=\/wp\/v2\/posts\/61428\/revisions"}],"predecessor-version":[{"id":61430,"href":"https:\/\/sectorprensa.com.ar\/index.php?rest_route=\/wp\/v2\/posts\/61428\/revisions\/61430"}],"wp:featuredmedia":[{"embeddable":true,"href":"https:\/\/sectorprensa.com.ar\/index.php?rest_route=\/wp\/v2\/media\/61429"}],"wp:attachment":[{"href":"https:\/\/sectorprensa.com.ar\/index.php?rest_route=%2Fwp%2Fv2%2Fmedia&parent=61428"}],"wp:term":[{"taxonomy":"category","embeddable":true,"href":"https:\/\/sectorprensa.com.ar\/index.php?rest_route=%2Fwp%2Fv2%2Fcategories&post=61428"},{"taxonomy":"post_tag","embeddable":true,"href":"https:\/\/sectorprensa.com.ar\/index.php?rest_route=%2Fwp%2Fv2%2Ftags&post=61428"}],"curies":[{"name":"wp","href":"https:\/\/api.w.org\/{rel}","templated":true}]}}